{"id":496433,"date":"2021-02-15T00:05:09","date_gmt":"2021-02-15T06:05:09","guid":{"rendered":"https:\/\/www.diarioimagen.net\/?p=496433"},"modified":"2021-02-15T01:53:33","modified_gmt":"2021-02-15T07:53:33","slug":"inician-a-partir-de-manana-nueve-eventos-a-traves-de-la-plataforma-zoom","status":"publish","type":"post","link":"https:\/\/www.diarioimagen.net\/?p=496433","title":{"rendered":"Inician a partir de ma\u00f1ana nueve eventos a trav\u00e9s de la plataforma Zoom"},"content":{"rendered":"<p>&nbsp;<\/p>\n<ul>\n<li><strong><em>Realizar\u00e1 Secretar\u00eda del Trabajo del Edomex 40 ferias de empleo<\/em><\/strong><\/li>\n<\/ul>\n<p>&nbsp;<\/p>\n<div id=\"attachment_496511\" style=\"width: 470px\" class=\"wp-caption aligncenter\"><a href=\"https:\/\/www.diarioimagen.net\/?attachment_id=496511\" rel=\"attachment wp-att-496511\"><img loading=\"lazy\" decoding=\"async\" aria-describedby=\"caption-attachment-496511\" class=\"size-full wp-image-496511\" src=\"https:\/\/www.diarioimagen.net\/wp-content\/uploads\/2021\/02\/EDOMEX2.jpg\" alt=\"\" width=\"460\" height=\"270\" \/><\/a><p id=\"caption-attachment-496511\" class=\"wp-caption-text\">La Secretar\u00eda del Trabajo iniciar\u00e1 las Ferias de Empleo en su formato virtual, as\u00ed lo inform\u00f3 el Director de Empleo y Productividad estatal, Jos\u00e9 Antonio Corona Yurrieta.<\/p><\/div>\n<p>&nbsp;<\/p>\n<p><strong>Toluca, Estado de M\u00e9xico.- <\/strong>Con el prop\u00f3sito de vincular a las personas que buscan una oportunidad laboral, a partir de este martes, la Secretar\u00eda del Trabajo del Estado de M\u00e9xico inicia las Ferias de Empleo en su formato virtual, as\u00ed lo inform\u00f3 el Director de Empleo y Productividad estatal, Jos\u00e9 Antonio Corona Yurrieta.<\/p>\n<p>Por lo anterior, el funcionario estatal dijo que para este a\u00f1o se contempla la realizaci\u00f3n de 40 eventos virtuales, en los que se estima que ofrezcan m\u00e1s de 4 mil 760 plazas vacantes.<\/p>\n<p>Mencion\u00f3 que estos ejercicios se iniciar\u00e1n en la regi\u00f3n de Nezahualc\u00f3yotl, el d\u00eda 16 de febrero, posteriormente el 18 ser\u00e1 en la regi\u00f3n de Tlalnepantla, el 19 se llevar\u00e1 a cabo en Toluca y para el 22 del presente mes se har\u00e1 en las regiones de Valle de Bravo y Atlacomulco.<\/p>\n<p>Corona Yurrieta agreg\u00f3 que el 23 de febrero se efectuar\u00e1 la Feria de Empleo Virtual en la regi\u00f3n de Naucalpan, para el 25 en Ixtapaluca y el 26 en Tejupilco y Ecatepec, todo ello a trav\u00e9s de la plataforma digital Zoom.<\/p>\n<p>El Director de Empleo y Productividad estatal inform\u00f3 que para participar es necesario comunicarse a los tel\u00e9fonos de la Oficina Regional de Empleo m\u00e1s cercana al domicilio, los cuales pueden consultarse en<em> https:\/\/strabajo.edomex.gob.mx\/oficinas_regionales_empleo<\/em>.<\/p>\n<p>Asimismo, detall\u00f3 que las ferias de empleo virtuales son eventos en l\u00ednea, de vinculaci\u00f3n entre la mano de obra mexiquense y empresas asentadas en territorio estatal que ofrecen vacantes en los sectores industrial, comercial y de servicios.<\/p>\n<p>Por ello, mencion\u00f3 que, durante el a\u00f1o pasado, a pesar de la emergencia sanitaria, se llevaron a cabo estos ejercicios virtuales, y contaron con el apoyo de las nueve oficinas regionales del trabajo, lo que dio como resultado 31 Ferias de Empleo Virtuales, en las que se tuvo 7 mil 604 participantes, promovieron 5 mil 888 vacantes, adem\u00e1s de vincular a 2 mil 654 personas, colocando a m\u00e1s de mil 227 personas en diversas vacantes.<\/p>\n<p>De igual forma, Jos\u00e9 Antonio Corona precis\u00f3 que se realizaron 58 talleres para buscadores de empleo con la participaci\u00f3n de mil 831 participantes, en los que se les proporcionan las herramientas para la correcta elaboraci\u00f3n de un Curr\u00edculum Vitae, as\u00ed como los elementos b\u00e1sicos para prepararse y presentarse en una entrevista de trabajo, todo ello para mejorar ante la b\u00fasqueda de empleo.<\/p>\n<p>Por \u00faltimo, el funcionario de la Secretar\u00eda estatal del trabajo dio a conocer que por el momento se implementar\u00e1n mecanismos alternos como las plataformas digitales para continuar ofreciendo soluciones a los ciudadanos que buscan una opci\u00f3n para ser productivos.<\/p>\n","protected":false},"excerpt":{"rendered":"<p>Con el prop\u00f3sito de vincular a las personas que buscan una oportunidad laboral, a partir de este martes, la Secretar\u00eda del Trabajo del Estado de M\u00e9xico inicia las Ferias de Empleo en su formato virtual, as\u00ed lo inform\u00f3 el Director de Empleo y Productividad estatal, Jos\u00e9 Antonio Corona Yurrieta.<\/p>\n","protected":false},"author":3,"featured_media":496511,"comment_status":"open","ping_status":"open","sticky":false,"template":"","format":"standard","meta":{"_monsterinsights_skip_tracking":false,"_monsterinsights_sitenote_active":false,"_monsterinsights_sitenote_note":"","_monsterinsights_sitenote_category":0,"footnotes":""},"categories":[5],"tags":[43675,452,91515],"class_list":["post-496433","post","type-post","status-publish","format-standard","has-post-thumbnail","hentry","category-estado-de-mexico","tag-estado-de-mexico","tag-toluca","tag-zoom"],"_links":{"self":[{"href":"https:\/\/www.diarioimagen.net\/index.php?rest_route=\/wp\/v2\/posts\/496433","targetHints":{"allow":["GET"]}}],"collection":[{"href":"https:\/\/www.diarioimagen.net\/index.php?rest_route=\/wp\/v2\/posts"}],"about":[{"href":"https:\/\/www.diarioimagen.net\/index.php?rest_route=\/wp\/v2\/types\/post"}],"author":[{"embeddable":true,"href":"https:\/\/www.diarioimagen.net\/index.php?rest_route=\/wp\/v2\/users\/3"}],"replies":[{"embeddable":true,"href":"https:\/\/www.diarioimagen.net\/index.php?rest_route=%2Fwp%2Fv2%2Fcomments&post=496433"}],"version-history":[{"count":0,"href":"https:\/\/www.diarioimagen.net\/index.php?rest_route=\/wp\/v2\/posts\/496433\/revisions"}],"wp:featuredmedia":[{"embeddable":true,"href":"https:\/\/www.diarioimagen.net\/index.php?rest_route=\/wp\/v2\/media\/496511"}],"wp:attachment":[{"href":"https:\/\/www.diarioimagen.net\/index.php?rest_route=%2Fwp%2Fv2%2Fmedia&parent=496433"}],"wp:term":[{"taxonomy":"category","embeddable":true,"href":"https:\/\/www.diarioimagen.net\/index.php?rest_route=%2Fwp%2Fv2%2Fcategories&post=496433"},{"taxonomy":"post_tag","embeddable":true,"href":"https:\/\/www.diarioimagen.net\/index.php?rest_route=%2Fwp%2Fv2%2Ftags&post=496433"}],"curies":[{"name":"wp","href":"https:\/\/api.w.org\/{rel}","templated":true}]}}