{"id":496577,"date":"2021-02-15T00:03:37","date_gmt":"2021-02-15T06:03:37","guid":{"rendered":"https:\/\/www.diarioimagen.net\/?p=496577"},"modified":"2021-02-17T01:01:51","modified_gmt":"2021-02-17T07:01:51","slug":"60-anos-tarde-pero-inauguro","status":"publish","type":"post","link":"https:\/\/www.diarioimagen.net\/?p=496577","title":{"rendered":"60 a\u00f1os tarde, pero inaugur\u00f3"},"content":{"rendered":"<h2>Perfil de M\u00e9xico<\/h2>\n<h5>Armando R\u00edos Ruiz<\/h5>\n<p>&nbsp;<\/p>\n<p>Si al presidente Miguel Alem\u00e1n se le olvid\u00f3 inaugurar la Base A\u00e9rea Militar n\u00famero 1 que construy\u00f3 en lo que fue el lago de Xaltocan (tambi\u00e9n en un lago, como hubiera sido la de Texcoco), en Santa Luc\u00eda, municipio de Tec\u00e1mac; la semana pasada lo hizo el presidente L\u00f3pez Obrador, 60 a\u00f1os despu\u00e9s.<\/p>\n<p>El mandatario cit\u00f3 a funcionarios de su gabinete e hizo un vuelo de 11 minutos, del Aeropuerto Internacional de la Ciudad de M\u00e9xico hasta su magna obra, para decirle a los mexicanos que cumple a cabalidad. S\u00f3lo que a\u00fan se encuentra en fase inicial de avance y hace ver que en nada se parece a lo que hubiera sido el aer\u00f3dromo que inici\u00f3 la administraci\u00f3n anterior.<\/p>\n<p>Seguramente la mayor\u00eda de los seres humanos que escuchamos la palabra inaugurar, imaginamos que se trata de una ceremonia en torno a un evento en el cual se echa a andar algo nuevo. Puede ser la puesta en marcha de una cancha deportiva. El inicio de un encuentro de la misma \u00edndole. La culminaci\u00f3n total de una obra. Pero jam\u00e1s el m\u00ednimo avance de una obra como el aeropuerto, que no es m\u00e1s que una plancha de concreto rehabilitada, porque ya exist\u00eda.<\/p>\n<p>Le ganaron las ansias al Presidente. Tal vez en virtud de que desde que inici\u00f3 su mandato no ha tenido motivos para inaugurar absolutamente nada. A menos que sea raz\u00f3n para celebrar, la desaparici\u00f3n de instituciones p\u00fablicas, la ca\u00edda de nuestra econom\u00eda, la aparici\u00f3n de la pandemia, la estrategia exitosa de abrazos, no balazos para los delincuentes, que ya casi acab\u00f3 con ellos y otras causas parecidas a las anteriores, que abundan desde hace dos a\u00f1os.<\/p>\n<p>El Presidente asever\u00f3 que se trata del aeropuerto m\u00e1s importante que se construye en el mundo. Esto hace suponer que no conoce muchos que existen en Estados Unidos, para no ir m\u00e1s lejos. Muchos que est\u00e1n en pa\u00edses europeos y muchos que dan servicio en los pa\u00edses orientales o en el aut\u00e9ntico primer mundo. Tampoco el de Dubai. Seguramente no conoce los de pa\u00edses latinoamericanos. Por decir lo menos, el Dorado de Colombia. El Mariscal Sucre, de Quito y otros. Deber\u00eda dar una vuelta por all\u00e1, para no decir disparates.<\/p>\n<p>Asegur\u00f3 tambi\u00e9n que este campo a\u00e9reo tendr\u00e1 un costo de 75 mil millones de pesos, contra 300 mil millones que hubiera costado el de Texcoco. Ya podemos imaginar entonces la diferencia que hubiera sido entre uno y otro. No dijo nada, sin embargo, de que el \u00faltimo fue inundado a prop\u00f3sito. Que se tuvieron que pagar 71 mil millones para cancelarlo. Que el gobierno vendi\u00f3 el acero como fierro viejo. Que recurri\u00f3 a una encuesta <i>patote<\/i> para suprimirlo.<\/p>\n<p>La consulta fue elaborada entre escogidos. Entre personas que no tienen idea de lo que es un aeropuerto. Que piensa que es s\u00f3lo para que la gente adinerada vaya y venga. Que no tiene en cuenta que a trav\u00e9s de los aeropuertos se negocia. Se recibe y se env\u00eda mercanc\u00eda de diferentes pa\u00edses y de M\u00e9xico a otros lugares. Se establecen relaciones comerciales y se realizan un sinf\u00edn de actividades convenientes para las ciudades y sus habitantes.<\/p>\n<p>Tampoco mencion\u00f3 que estudios de empresas internacionales aprobaron ampliamente la construcci\u00f3n en Texcoco y desaprobaron la de Santa Luc\u00eda, por razones como la altura, un cerro que apareci\u00f3 repentinamente y que nadie hab\u00eda visto, que ser\u00e1 una constante amenaza para las salidas y llegadas.<\/p>\n<p>Otro inconveniente es que est\u00e1 tan lejos, que el usuario tardar\u00e1 m\u00e1s de una hora en llegar, de la parte m\u00e1s cercana de la ciudad. Para los que viven en el sur se convertir\u00e1 en un desesperado paseo. Se vislumbra que para abordar un vuelo ma\u00f1anero, habr\u00e1 que viajar la noche anterior y alojarse en alg\u00fan hotel cercano.<\/p>\n<p>Si las ansias por inaugurar obras inexistentes es tanta, \u00bfpor qu\u00e9 no inaugura primero una racha de inauguraciones y luego hace lo mismo con las obras del Tren Maya, cuyo avance es apenas considerable? \u00bfO con la refiner\u00eda de Dos Bocas aunque est\u00e9 inundada, como se sospecha que permanecer\u00e1?<\/p>\n<p>\u201cAlabanza en boca propia es vituperio\u201d, reza un refr\u00e1n. Presumi\u00f3 que no cabe duda que \u201cfue una decisi\u00f3n sabia\u201d.<\/p>\n<p><a href=\"mailto:ariosruiz@gmail.com\" target=\"_blank\" rel=\"noopener noreferrer\"><em>ariosruiz@gmail.com<\/em><\/a><\/p>\n","protected":false},"excerpt":{"rendered":"<p><span style=\"color: #005497;\"><strong>Armando R\u00edos Ruiz<\/strong><\/span><\/p>\n","protected":false},"author":1,"featured_media":0,"comment_status":"open","ping_status":"open","sticky":false,"template":"","format":"standard","meta":{"_monsterinsights_skip_tracking":false,"_monsterinsights_sitenote_active":false,"_monsterinsights_sitenote_note":"","_monsterinsights_sitenote_category":0,"footnotes":""},"categories":[88405],"tags":[88407,43674,91193],"class_list":["post-496577","post","type-post","status-publish","format-standard","hentry","category-armando-rios-ruiz","tag-armando-rios-ruiz","tag-opinion","tag-perfil-de-mexico"],"_links":{"self":[{"href":"https:\/\/www.diarioimagen.net\/index.php?rest_route=\/wp\/v2\/posts\/496577","targetHints":{"allow":["GET"]}}],"collection":[{"href":"https:\/\/www.diarioimagen.net\/index.php?rest_route=\/wp\/v2\/posts"}],"about":[{"href":"https:\/\/www.diarioimagen.net\/index.php?rest_route=\/wp\/v2\/types\/post"}],"author":[{"embeddable":true,"href":"https:\/\/www.diarioimagen.net\/index.php?rest_route=\/wp\/v2\/users\/1"}],"replies":[{"embeddable":true,"href":"https:\/\/www.diarioimagen.net\/index.php?rest_route=%2Fwp%2Fv2%2Fcomments&post=496577"}],"version-history":[{"count":0,"href":"https:\/\/www.diarioimagen.net\/index.php?rest_route=\/wp\/v2\/posts\/496577\/revisions"}],"wp:attachment":[{"href":"https:\/\/www.diarioimagen.net\/index.php?rest_route=%2Fwp%2Fv2%2Fmedia&parent=496577"}],"wp:term":[{"taxonomy":"category","embeddable":true,"href":"https:\/\/www.diarioimagen.net\/index.php?rest_route=%2Fwp%2Fv2%2Fcategories&post=496577"},{"taxonomy":"post_tag","embeddable":true,"href":"https:\/\/www.diarioimagen.net\/index.php?rest_route=%2Fwp%2Fv2%2Ftags&post=496577"}],"curies":[{"name":"wp","href":"https:\/\/api.w.org\/{rel}","templated":true}]}}