{"id":496609,"date":"2021-02-16T00:03:47","date_gmt":"2021-02-16T06:03:47","guid":{"rendered":"https:\/\/www.diarioimagen.net\/?p=496609"},"modified":"2021-02-16T04:29:56","modified_gmt":"2021-02-16T10:29:56","slug":"en-tultitlan-se-implementan-estrategias-integrales-contra-la-violencia-de-genero","status":"publish","type":"post","link":"https:\/\/www.diarioimagen.net\/?p=496609","title":{"rendered":"En Tultitl\u00e1n se implementan estrategias integrales contra la violencia de g\u00e9nero"},"content":{"rendered":"<p>&nbsp;<\/p>\n<ul>\n<li><strong><em>Fortalecimiento de la justicia<\/em><\/strong><\/li>\n<\/ul>\n<p>&nbsp;<\/p>\n<div id=\"attachment_496747\" style=\"width: 470px\" class=\"wp-caption aligncenter\"><a href=\"https:\/\/www.diarioimagen.net\/?attachment_id=496747\" rel=\"attachment wp-att-496747\"><img loading=\"lazy\" decoding=\"async\" aria-describedby=\"caption-attachment-496747\" class=\"size-full wp-image-496747\" src=\"https:\/\/www.diarioimagen.net\/wp-content\/uploads\/2021\/02\/tultitlan.jpg\" alt=\"\" width=\"460\" height=\"270\" \/><\/a><p id=\"caption-attachment-496747\" class=\"wp-caption-text\">El gobierno de Tultitl\u00e1n ha ejercido m\u00faltiples estrategias y protocolos dirigidos a la b\u00fasqueda constante de soluciones para la disminuci\u00f3n de la violencia contra las mujeres.<\/p><\/div>\n<p>&nbsp;<\/p>\n<p><strong>Tultitl\u00e1n, Estado de M\u00e9xico<\/strong>.- Con una inversi\u00f3n de m\u00e1s de 12 millones de pesos, el municipio\u00a0 ha ejercido m\u00faltiples estrategias y protocolos dirigidos a la b\u00fasqueda constante de soluciones para la disminuci\u00f3n de la violencia contra la mujer y el fortalecimiento de la justicia.<\/p>\n<p>En 2019 se llev\u00f3 a cabo la firma del convenio con la Comisi\u00f3n Ejecutiva de Atenci\u00f3n a V\u00edctimas del Estado de M\u00e9xico (CEAVEM), con el fin de ejercer el techo presupuestario para mitigar la Alerta de Violencia de G\u00e9nero en el municipio de Tultitl\u00e1n.<\/p>\n<p>En este sentido, el recurso asignado al municipio de Tultitl\u00e1n se destin\u00f3 a la capacitaci\u00f3n y equipamiento del Instituto Municipal de la Mujer de Tultitl\u00e1n, as\u00ed como a la impartici\u00f3n del curso-taller \u201cViolencia de G\u00e9nero\u201d a servidoras y servidores p\u00fablicos pertenecientes a la Direcci\u00f3n de Seguridad Ciudadana, Vialidad y Protecci\u00f3n Civil.<\/p>\n<p>En esta administraci\u00f3n se obtuvo la certificaci\u00f3n de \u201cAtenci\u00f3n presencial de primer contacto a mujeres v\u00edctimas de violencia de g\u00e9nero\u201d en la Unidad de Atenci\u00f3n a V\u00edctimas de Violencia Familiar y de G\u00e9nero, Prevenci\u00f3n del Delito y C\u00e9lula de B\u00fasqueda de Mujeres y Ni\u00f1as Desaparecidas.<\/p>\n<p>Adem\u00e1s, se adquirieron dos unidades vehiculares modificados tipo patrulla, para el fortalecimiento de la Unidad de Atenci\u00f3n a V\u00edctimas de Violencia Familiar y de G\u00e9nero, Prevenci\u00f3n del Delito y C\u00e9lula de B\u00fasqueda de Mujeres y Ni\u00f1as Desaparecidas.<\/p>\n<p>Adicionalmente, se impartieron pl\u00e1ticas para la prevenci\u00f3n de la violencia en escuelas de nivel b\u00e1sico y medio superior del Municipio de Tultitl\u00e1n. En dichas jornadas, se present\u00f3 a los alumnos, padres de familia y personal docente funciones de Teatro Gui\u00f1ol, cine debate, Obras de Teatro y funciones de Stand Up referentes a los temas de Prevenci\u00f3n de la Violencia, Trata de Personas, Nuevas Masculinidades y Violencia Feminicida.<\/p>\n<p>Desde enero de 2019 se implement\u00f3 que el d\u00eda 25 de cada mes se efectuaran diversos eventos para la concientizaci\u00f3n de la erradicaci\u00f3n de la violencia hacia mujeres y ni\u00f1as, a trav\u00e9s de servicios, jornadas deportivas, actividades culturales, caminatas y carreras en Conmemoraci\u00f3n del D\u00eda Naranja.<\/p>\n<p>Por otra parte, se ha brindado asesor\u00edas jur\u00eddicas y psicol\u00f3gicas gratuitas a mujeres v\u00edctimas de violencia, as\u00ed como el acompa\u00f1amiento para la denuncia en el Centro de Justicia para la Mujer. Adem\u00e1s, durante el confinamiento se implementaron estas asesor\u00edas v\u00eda telef\u00f3nica las 24 horas del d\u00eda.<\/p>\n<p>Uno de los logros m\u00e1s recientes fue la creaci\u00f3n del Lactario Municipal, cuyo objetivo es orientar a las mujeres en periodo de lactancia, brind\u00e1ndoles un \u00e1rea adecuada donde puedan llevar a cabo la extracci\u00f3n y almacenamiento de la leche materna. Se generan espacios adecuados para que las mujeres puedan equilibrar la maternidad y sus tareas laborales, contribuyendo en la erradicaci\u00f3n de la desigualdad de g\u00e9nero.<\/p>\n<p>Incluso, se abri\u00f3 un espacio para una casa de Pernocta completamente acondicionado para las mujeres que sufren de violencia. Si hay mujeres que deciden denunciar y no cuentan con una red de apoyo, pueden resguardarse en este lugar para seguir su proceso de forma segura.<\/p>\n","protected":false},"excerpt":{"rendered":"<p>Con una inversi\u00f3n de m\u00e1s de 12 millones de pesos, el municipio\u00a0 ha ejercido m\u00faltiples estrategias y protocolos dirigidos a la b\u00fasqueda constante de soluciones para la disminuci\u00f3n de la violencia contra la mujer y el fortalecimiento de la justicia.<\/p>\n","protected":false},"author":3,"featured_media":496747,"comment_status":"open","ping_status":"open","sticky":false,"template":"","format":"standard","meta":{"_monsterinsights_skip_tracking":false,"_monsterinsights_sitenote_active":false,"_monsterinsights_sitenote_note":"","_monsterinsights_sitenote_category":0,"footnotes":""},"categories":[5],"tags":[43675,578],"class_list":["post-496609","post","type-post","status-publish","format-standard","has-post-thumbnail","hentry","category-estado-de-mexico","tag-estado-de-mexico","tag-tultitlan"],"_links":{"self":[{"href":"https:\/\/www.diarioimagen.net\/index.php?rest_route=\/wp\/v2\/posts\/496609","targetHints":{"allow":["GET"]}}],"collection":[{"href":"https:\/\/www.diarioimagen.net\/index.php?rest_route=\/wp\/v2\/posts"}],"about":[{"href":"https:\/\/www.diarioimagen.net\/index.php?rest_route=\/wp\/v2\/types\/post"}],"author":[{"embeddable":true,"href":"https:\/\/www.diarioimagen.net\/index.php?rest_route=\/wp\/v2\/users\/3"}],"replies":[{"embeddable":true,"href":"https:\/\/www.diarioimagen.net\/index.php?rest_route=%2Fwp%2Fv2%2Fcomments&post=496609"}],"version-history":[{"count":0,"href":"https:\/\/www.diarioimagen.net\/index.php?rest_route=\/wp\/v2\/posts\/496609\/revisions"}],"wp:featuredmedia":[{"embeddable":true,"href":"https:\/\/www.diarioimagen.net\/index.php?rest_route=\/wp\/v2\/media\/496747"}],"wp:attachment":[{"href":"https:\/\/www.diarioimagen.net\/index.php?rest_route=%2Fwp%2Fv2%2Fmedia&parent=496609"}],"wp:term":[{"taxonomy":"category","embeddable":true,"href":"https:\/\/www.diarioimagen.net\/index.php?rest_route=%2Fwp%2Fv2%2Fcategories&post=496609"},{"taxonomy":"post_tag","embeddable":true,"href":"https:\/\/www.diarioimagen.net\/index.php?rest_route=%2Fwp%2Fv2%2Ftags&post=496609"}],"curies":[{"name":"wp","href":"https:\/\/api.w.org\/{rel}","templated":true}]}}