{"id":496611,"date":"2021-02-16T00:04:01","date_gmt":"2021-02-16T06:04:01","guid":{"rendered":"https:\/\/www.diarioimagen.net\/?p=496611"},"modified":"2021-02-16T04:28:45","modified_gmt":"2021-02-16T10:28:45","slug":"el-edil-raciel-perez-entrego-tablets-a-estudiantes-en-la-colonia-isidro-fabela","status":"publish","type":"post","link":"https:\/\/www.diarioimagen.net\/?p=496611","title":{"rendered":"El edil Raciel P\u00e9rez entreg\u00f3 tablets a estudiantes en la colonia Isidro Fabela"},"content":{"rendered":"<p>&nbsp;<\/p>\n<p><a href=\"https:\/\/www.diarioimagen.net\/?attachment_id=496744\" rel=\"attachment wp-att-496744\"><img loading=\"lazy\" decoding=\"async\" class=\"aligncenter size-full wp-image-496744\" src=\"https:\/\/www.diarioimagen.net\/wp-content\/uploads\/2021\/02\/tlalnepantla-8.jpg\" alt=\"\" width=\"460\" height=\"270\" \/><\/a><\/p>\n<p>&nbsp;<\/p>\n<p><strong>Tlalnepantla, Estado de M\u00e9xico.-<\/strong> Raciel P\u00e9rez Cruz, presidente municipal de Nuestra Ciudad, entreg\u00f3 tablets a estudiantes de la colonia Isidro Fabela para que realicen sus actividades escolares en l\u00ednea durante la emergencia sanitaria por Covid-19.<\/p>\n<p>En el evento se implementaron las medidas de prevenci\u00f3n como uso de cubrebocas y sana distancia. Para la entrega es necesario presentar copia de la credencial del INE para efectos de fiscalizaci\u00f3n.<\/p>\n<p>El gobierno de Tlalnepantla apoya a las y los estudiantes en condici\u00f3n vulnerable.<\/p>\n","protected":false},"excerpt":{"rendered":"<p>Raciel P\u00e9rez Cruz, presidente municipal de Nuestra Ciudad, entreg\u00f3 tablets a estudiantes de la colonia Isidro Fabela para que realicen sus actividades escolares en l\u00ednea durante la emergencia sanitaria por Covid-19.<\/p>\n","protected":false},"author":3,"featured_media":496744,"comment_status":"open","ping_status":"open","sticky":false,"template":"","format":"standard","meta":{"_monsterinsights_skip_tracking":false,"_monsterinsights_sitenote_active":false,"_monsterinsights_sitenote_note":"","_monsterinsights_sitenote_category":0,"footnotes":""},"categories":[5],"tags":[43675,71428,81517,169],"class_list":["post-496611","post","type-post","status-publish","format-standard","has-post-thumbnail","hentry","category-estado-de-mexico","tag-estado-de-mexico","tag-isidro-fabela","tag-raciel-perez-cruz","tag-tlalnepantla"],"_links":{"self":[{"href":"https:\/\/www.diarioimagen.net\/index.php?rest_route=\/wp\/v2\/posts\/496611","targetHints":{"allow":["GET"]}}],"collection":[{"href":"https:\/\/www.diarioimagen.net\/index.php?rest_route=\/wp\/v2\/posts"}],"about":[{"href":"https:\/\/www.diarioimagen.net\/index.php?rest_route=\/wp\/v2\/types\/post"}],"author":[{"embeddable":true,"href":"https:\/\/www.diarioimagen.net\/index.php?rest_route=\/wp\/v2\/users\/3"}],"replies":[{"embeddable":true,"href":"https:\/\/www.diarioimagen.net\/index.php?rest_route=%2Fwp%2Fv2%2Fcomments&post=496611"}],"version-history":[{"count":0,"href":"https:\/\/www.diarioimagen.net\/index.php?rest_route=\/wp\/v2\/posts\/496611\/revisions"}],"wp:featuredmedia":[{"embeddable":true,"href":"https:\/\/www.diarioimagen.net\/index.php?rest_route=\/wp\/v2\/media\/496744"}],"wp:attachment":[{"href":"https:\/\/www.diarioimagen.net\/index.php?rest_route=%2Fwp%2Fv2%2Fmedia&parent=496611"}],"wp:term":[{"taxonomy":"category","embeddable":true,"href":"https:\/\/www.diarioimagen.net\/index.php?rest_route=%2Fwp%2Fv2%2Fcategories&post=496611"},{"taxonomy":"post_tag","embeddable":true,"href":"https:\/\/www.diarioimagen.net\/index.php?rest_route=%2Fwp%2Fv2%2Ftags&post=496611"}],"curies":[{"name":"wp","href":"https:\/\/api.w.org\/{rel}","templated":true}]}}