{"id":496614,"date":"2021-02-16T00:05:09","date_gmt":"2021-02-16T06:05:09","guid":{"rendered":"https:\/\/www.diarioimagen.net\/?p=496614"},"modified":"2021-02-16T04:27:23","modified_gmt":"2021-02-16T10:27:23","slug":"reconocen-vecinos-de-huixquilucan-el-trabajo-del-heroico-cuerpo-de-bomberos","status":"publish","type":"post","link":"https:\/\/www.diarioimagen.net\/?p=496614","title":{"rendered":"Reconocen vecinos de Huixquilucan el trabajo del Heroico Cuerpo de Bomberos"},"content":{"rendered":"<p>&nbsp;<\/p>\n<ul>\n<li><strong><em>Agradece alcalde la distinci\u00f3n<\/em><\/strong><\/li>\n<\/ul>\n<p>&nbsp;<\/p>\n<div id=\"attachment_496742\" style=\"width: 470px\" class=\"wp-caption aligncenter\"><a href=\"https:\/\/www.diarioimagen.net\/?attachment_id=496742\" rel=\"attachment wp-att-496742\"><img loading=\"lazy\" decoding=\"async\" aria-describedby=\"caption-attachment-496742\" class=\"size-full wp-image-496742\" src=\"https:\/\/www.diarioimagen.net\/wp-content\/uploads\/2021\/02\/huixquilucan-8.jpg\" alt=\"\" width=\"460\" height=\"270\" \/><\/a><p id=\"caption-attachment-496742\" class=\"wp-caption-text\">El alcalde Enrique Vargas del Villar agradeci\u00f3 la distinci\u00f3n que los vecinos tuvieron para los bomberos que los motiva a seguir trabajando por los huixquiluquenses.<\/p><\/div>\n<p>&nbsp;<\/p>\n<p><strong>Huixquilucan, Estado de M\u00e9xico<\/strong>.- Vecinos realizaron una ceremonia de reconocimiento a los integrantes del Heroico Cuerpo de Bomberos por su extraordinario trabajo para salvar vidas, siendo el m\u00e1s reciente el incendio registrado el 25 de diciembre pasado en donde los bomberos salvaron\u00a0 la vida de los habitantes de un departamento en Bosque Real.<\/p>\n<p>El presidente municipal Enrique Vargas del Villar agradeci\u00f3 la distinci\u00f3n que los vecinos tuvieron para los bomberos que los motiva a seguir trabajando por los huixquiluquenses. \u201cEl poder salvar la vida de las personas que estuvo en riesgo aquel d\u00eda,\u00a0 para nuestros bomberos fue algo muy importante, como lo es cada uno de los servicios que atienden\u201d.<\/p>\n<p>Vargas del Villar, record\u00f3 las condiciones en las que estaban las instalaciones de los bomberos, las cuales eran deprimentes para el trabajo tan importante que realizan. Es por ello, abund\u00f3, poco a poco se han ido mejorando y equipando a los integrantes de este agrupamiento que todos los d\u00edas salen a trabajar para salvar vidas.<\/p>\n<p>\u201cAgradezco y reconozco el trabajo de nuestros h\u00e9roes que todos los d\u00edas est\u00e1n ah\u00ed, que han pasado por muchos episodios siempre firmes con toda la valent\u00eda salvando a los ciudadanos en riesgo\u201d.<\/p>\n<p>Por su parte, Yuni Olivera reconoci\u00f3 a quienes forman parte del Heroico Cuerpo de Bomberos, en especial a\u00a0 quienes rescataron a su familia del departamento que qued\u00f3 consumido por las llamas.<\/p>\n<p>\u201cLa H que precede el cuerpo de bomberos como se suele escribir H. Cuerpo de Bomberos, nunca deber\u00eda abreviarse, se deber\u00eda pronunciar cada una de sus letras. Heroico se refiere a quien hace grandes haza\u00f1as y proezas memorables\u201d, puntualiz\u00f3.<\/p>\n","protected":false},"excerpt":{"rendered":"<p>Vecinos realizaron una ceremonia de reconocimiento a los integrantes del Heroico Cuerpo de Bomberos por su extraordinario trabajo para salvar vidas, siendo el m\u00e1s reciente el incendio registrado el 25 de diciembre pasado en donde los bomberos salvaron\u00a0 la vida de los habitantes de un departamento en Bosque Real.<\/p>\n","protected":false},"author":3,"featured_media":496742,"comment_status":"open","ping_status":"open","sticky":false,"template":"","format":"standard","meta":{"_monsterinsights_skip_tracking":false,"_monsterinsights_sitenote_active":false,"_monsterinsights_sitenote_note":"","_monsterinsights_sitenote_category":0,"footnotes":""},"categories":[5],"tags":[43675,27980,1097],"class_list":["post-496614","post","type-post","status-publish","format-standard","has-post-thumbnail","hentry","category-estado-de-mexico","tag-estado-de-mexico","tag-heroico-cuerpo-de-bomberos","tag-huixquilucan"],"_links":{"self":[{"href":"https:\/\/www.diarioimagen.net\/index.php?rest_route=\/wp\/v2\/posts\/496614","targetHints":{"allow":["GET"]}}],"collection":[{"href":"https:\/\/www.diarioimagen.net\/index.php?rest_route=\/wp\/v2\/posts"}],"about":[{"href":"https:\/\/www.diarioimagen.net\/index.php?rest_route=\/wp\/v2\/types\/post"}],"author":[{"embeddable":true,"href":"https:\/\/www.diarioimagen.net\/index.php?rest_route=\/wp\/v2\/users\/3"}],"replies":[{"embeddable":true,"href":"https:\/\/www.diarioimagen.net\/index.php?rest_route=%2Fwp%2Fv2%2Fcomments&post=496614"}],"version-history":[{"count":0,"href":"https:\/\/www.diarioimagen.net\/index.php?rest_route=\/wp\/v2\/posts\/496614\/revisions"}],"wp:featuredmedia":[{"embeddable":true,"href":"https:\/\/www.diarioimagen.net\/index.php?rest_route=\/wp\/v2\/media\/496742"}],"wp:attachment":[{"href":"https:\/\/www.diarioimagen.net\/index.php?rest_route=%2Fwp%2Fv2%2Fmedia&parent=496614"}],"wp:term":[{"taxonomy":"category","embeddable":true,"href":"https:\/\/www.diarioimagen.net\/index.php?rest_route=%2Fwp%2Fv2%2Fcategories&post=496614"},{"taxonomy":"post_tag","embeddable":true,"href":"https:\/\/www.diarioimagen.net\/index.php?rest_route=%2Fwp%2Fv2%2Ftags&post=496614"}],"curies":[{"name":"wp","href":"https:\/\/api.w.org\/{rel}","templated":true}]}}