{"id":496616,"date":"2021-02-16T00:13:32","date_gmt":"2021-02-16T06:13:32","guid":{"rendered":"https:\/\/www.diarioimagen.net\/?p=496616"},"modified":"2021-02-17T00:05:30","modified_gmt":"2021-02-17T06:05:30","slug":"refuerzan-vigilancia-de-cancun-con-el-complejo-de-seguridad-c5","status":"publish","type":"post","link":"https:\/\/www.diarioimagen.net\/?p=496616","title":{"rendered":"Refuerzan vigilancia de Canc\u00fan con el Complejo de Seguridad C5"},"content":{"rendered":"<h2>Derecho de r\u00e9plica<\/h2>\n<h5>Jos\u00e9 Luis Monta\u00f1ez<\/h5>\n<p>&nbsp;<\/p>\n<ul>\n<li><strong><em>Instalaciones de alta tecnolog\u00eda en m\u00e1s de 5 mil 600 m2<\/em><\/strong><\/li>\n<\/ul>\n<p>&nbsp;<\/p>\n<p>&nbsp;<\/p>\n<div id=\"attachment_496726\" style=\"width: 310px\" class=\"wp-caption alignright\"><a href=\"https:\/\/www.diarioimagen.net\/?attachment_id=496726\" rel=\"attachment wp-att-496726\"><img loading=\"lazy\" decoding=\"async\" aria-describedby=\"caption-attachment-496726\" class=\" wp-image-496726\" src=\"https:\/\/www.diarioimagen.net\/wp-content\/uploads\/2021\/02\/derecho-7.jpg\" alt=\"\" width=\"300\" height=\"343\" \/><\/a><p id=\"caption-attachment-496726\" class=\"wp-caption-text\">Carlos Orva\u00f1anos: El C5 de Canc\u00fan ser\u00e1 el m\u00e1s importante de Latinoam\u00e9rica.<\/p><\/div>\n<p>Uno de los principales retos para el gobierno de Quintana Roo es el combate a la delincuencia, que en medio de la contingencia sanitaria no ha dado tregua a los habitantes del estado, es por ello que se celebra la puesta en marcha del Complejo de Seguridad C5 Canc\u00fan, en el que contar\u00e1n con tecnolog\u00eda de punta a fin de garantizar una vida tranquila a los quintanarroenses.<\/p>\n<p>Seg\u00fan declaraciones del vocero del gobierno de Quintana Roo, Carlos Orva\u00f1anos Rea, el C5 de Canc\u00fan ser\u00e1 el m\u00e1s importante de Latinoam\u00e9rica y permitir\u00e1 reforzar la vigilancia de este destino tur\u00edstico en beneficio no s\u00f3lo de sus habitantes, sino de los miles de paseantes nacionales e internacionales que visitan este polo tur\u00edstico.<\/p>\n<p>\u201cEn materia de prevenci\u00f3n del delito, videovigilancia y equipamiento para el combate contra la delincuencia, en Quintana Roo hay avances. Prueba de ello es el Complejo de Seguridad C-5, que forma parte del programa \u2018Quintana Roo Seguro\u2019 y se perfila como el complejo de seguridad m\u00e1s importante y moderno de Latinoam\u00e9rica\u201d, declar\u00f3 el funcionario estatal.<\/p>\n<p>Asimismo, explic\u00f3 que la edificaci\u00f3n de m\u00e1s de 5 mil 600 metros cuadrados, contempla instalaciones de alta seguridad y tecnolog\u00eda que contribuir\u00e1n a brindar la seguridad que la ciudadan\u00eda tanto anhela. \u201cEn materia de seguridad se avanza a paso firme, por ello la estrategia se centr\u00f3, desde el inicio de la administraci\u00f3n, en la reconstrucci\u00f3n de las instituciones, en particular de las encargadas de la seguridad y la justicia\u201d, se\u00f1al\u00f3.<\/p>\n<p>Orva\u00f1anos Rea destaca que desde el C5 se podr\u00e1n monitorear las c\u00e1maras de seguridad en la Zona Norte del estado, lo que permitir\u00e1 una respuesta m\u00e1s \u00e1gil y oportuna ante cualquier eventualidad que ponga en riesgo la integridad de los ciudadanos.<\/p>\n<p>Finalmente, adelant\u00f3 que el C5 estar\u00e1 conectado con los cuerpos de emergencia municipales, federales y estatales, como: Bomberos, Protecci\u00f3n Civil, Sedena, Semar y servicios de salud como el Centro Regulador de Emergencias M\u00e9dicas, pues tambi\u00e9n es importante lograr un trabajo de seguridad coordinado con otras instancias y juntos llevar paz al estado que se ha visto en ocasiones rebasado por la delincuencia organizada.<\/p>\n<p style=\"text-align: center;\"><strong>Ba\u00f1istas se aglomeran en Playa del Ni\u00f1o<\/strong><\/p>\n<p>Se ha advertido en repetidas ocasiones que el sem\u00e1foro epidemiol\u00f3gico en color naranja significa que existe un riesgo alto de contraer la Covid-19, por lo que la recomendaci\u00f3n es no salir de casa a menos que sea sumamente necesario, sin embargo, a pesar de que apenas se est\u00e1 saliendo del rebrote de la enfermedad provocado por las aglomeraciones en las fiestas decembrinas, la poblaci\u00f3n una vez m\u00e1s ignor\u00f3 los protocolos de salud para celebrar ahora el D\u00eda de San Valent\u00edn.<\/p>\n<p>Es as\u00ed, que este 14 de febrero cientos de personas se aglomeraron en diferentes espacios p\u00fablicos a fin de obtener un presente por esta fecha, para comer en familia en alg\u00fan restaurante y hasta para saturar las playas de Canc\u00fan, el caso m\u00e1s grave el de Playa del Ni\u00f1o, hasta donde llegaron centenares de personas sin el m\u00e1s m\u00ednimo respeto a las normas de salud, es decir, que no portaban cubrebocas, ni aplicaron la sana distancia,<\/p>\n<p>Es lamentable la opini\u00f3n p\u00fablica sobre este tipo de acontecimientos, pues se insiste en se\u00f1alar a la autoridad por no hacer nada, pero \u00bfqu\u00e9 es realmente nada?, si nos hemos inundado de campa\u00f1as de prevenci\u00f3n en las que se explican c\u00f3mo tenemos que actuar en medio de la contingencia sanitaria, se ha repetido hasta el cansancio que no es prudente salir de casa a menos que sea urgente, que el uso del cubrebocas es obligatorio, que hay l\u00edmites de aforo en todos los espacios de recreaci\u00f3n y convivencia, as\u00ed como en el transporte p\u00fablico.<\/p>\n<p>Pero \u00bfqu\u00e9 restricciones nos faltan para atender y entender?, \u00bfrealmente la autoridad no hace nada? O se ha llegado a un hartazgo, a una resignaci\u00f3n frente a una poblaci\u00f3n ingobernable. Lastimosamente los mexicanos est\u00e1n dando muestra de lo que no se debe hacer como sociedad, y aquella uni\u00f3n, aquella solidaridad y cooperaci\u00f3n, que nos represent\u00f3 en los terremotos que han devastado a nuestro pa\u00eds, han quedado desvanecidas en el ego\u00edsmo y falta de civismo frente al Covid-19. \u00bfCu\u00e1ntas muertes son necesarias? \u00bfcu\u00e1ntos enfermos? Es una respuesta que no sabremos hasta que acabe la pesadilla, de la que dif\u00edcilmente vamos a despertar.<\/p>\n<p>Hay que mencionar que en la Playa del Ni\u00f1o incluso se rebas\u00f3 el aforo permitido y que la gente incluso consumi\u00f3 bebidas alcoh\u00f3licas, lo cual est\u00e1 prohibido, as\u00ed como el consumo de alimentos, pero nada de esto import\u00f3, pues incluso la gente se aglomer\u00f3 alrededor de los vendedores ambulantes para pasar un \u201cFeliz\u201d d\u00eda de San Valent\u00edn, un d\u00eda que les podr\u00eda costar enfrentarse a un triste D\u00eda de las madres, pero\u2026 seguimos sin entender.<\/p>\n<p style=\"text-align: center;\"><strong>Se espera llegada de 15 mil <em>springbreakers<\/em> este a\u00f1o<\/strong><\/p>\n<p>Y es que si bien es cierto que el turismo es el pulm\u00f3n principal de la econom\u00eda en el estado, tambi\u00e9n, en palabras del gobernador Carlos Joaqu\u00edn, \u201csu reactivaci\u00f3n debe hacerse de manera segura y responsable\u201d, es decir, que no est\u00e1 mal recibir turistas en medio de la contingencia sanitaria, lo que est\u00e1 mal es que no se cumplan los protocolos y restricciones para evitar la propagaci\u00f3n del virus.<\/p>\n<p>Un destino como Quintana Roo no se puede dar el lujo de negarle la entrada a sus turistas, pues ser\u00eda negarle la oportunidad de ganarse la vida a los habitantes del estado, quienes dependen de este sector para llevar el sustento a sus hogares, sin embargo, hay restricciones, medidas de salud, que han sido dise\u00f1adas a la medida de este destino, para poder caminar sin el peligro de tropezar de nuevo.<\/p>\n<p>Se ha implementado la aplicaci\u00f3n de pruebas r\u00e1pidas Covid en aeropuertos y hoteles, mismos que se han acreditado como espacios seguros, con certificaciones sanitarias, lo mismo que los restaurantes y otros espacios de recreaci\u00f3n familiar, ahora la responsabilidad es del turista y de la misma ciudadan\u00eda para atender las recomendaciones en cada uno de estos lugares.<\/p>\n<p>\u00bfPor qu\u00e9 es importante hacer \u00e9nfasis en las medidas de prevenci\u00f3n? Porque el Caribe mexicano est\u00e1 a unas semanas de su nueva temporada alta, primero a finales de febrero y principios de marzo con la llegada de los <em>springbrekers <\/em>y posteriormente en abril con la Semana Santa.<\/p>\n<p>Quintana Roo recibir\u00e1 este a\u00f1o a unos 15 mil <em>springbreakers<\/em>, que si bien, ser\u00e1n la mitad de los aproximadamente 30 mil que llegaron a Canc\u00fan en 2019, siguen siendo m\u00e1s de los que llegaron en 2020, cuando hubo un nulo arribo por la pandemia.<\/p>\n<p>Dar\u00edo Flota Ocampo, director del Consejo de Promoci\u00f3n Tur\u00edstica de Quintana Roo, explic\u00f3 que la temporada vacacional de estudiantes norteamericanos se cancel\u00f3 en 2020 por la pandemia, \u201cpero este a\u00f1o retoman la actividad, aunque las condiciones sean diferentes por los protocolos de seguridad e higiene que deben cubrir los prestadores de servicios tur\u00edsticos, as\u00ed como los propios vacacionistas, quienes deben presentar pruebas negativas a Covid-19 para retornar a su pa\u00eds. Todo esto ha generado disminuci\u00f3n para el destino de este segmento de turistas, pero a\u00fan as\u00ed tendremos un alza en comparaci\u00f3n al a\u00f1o pasado\u201d, sostuvo.<\/p>\n<p>Asimismo, expres\u00f3 que una de las principales limitantes era el tema de las pruebas Covid, sin embargo, el Caribe mexicano ya est\u00e1 preparado para eso y da confianza en ese rubro, al tener la capacidad de ofrecer hasta 16 mil pruebas diariamente a los turistas, la mayor\u00eda de forma gratuita, pues muchos complejos hoteleros ya la incluyen en sus paquetes de reservaciones.<\/p>\n<p>El funcionario estatal dijo que el segmento de <em>springbreakers<\/em> fue uno de los m\u00e1s fuertes en la d\u00e9cada de los 90 y aunque con el tiempo disminuy\u00f3, se espera el arribo de unos 15 mil j\u00f3venes a partir de esta semana, por lo que, en diversas p\u00e1ginas, como feelsummercancun.com, se promueven eventos, promociones y paquetes para que los estudiantes norteamericanos aprovechen y disfruten del Caribe mexicano.<\/p>\n<p>Quintana Roo est\u00e1 en sem\u00e1foro epidemiol\u00f3gico naranja, lo que implica restricciones para operar hasta cierta capacidad en los hoteles, restaurantes, bares y dem\u00e1s centros de entretenimiento, por lo que se le recomienda a los turistas que prevengan cualquier tipo de eventualidad y se apeguen a los protocolos de salud para evitar contagios, ya que en el caso de los paseantes provenientes de Estados Unidos, si se llegan a contagiar, no podr\u00e1n regresar a su pa\u00eds, hasta despu\u00e9s de haber superado la enfermedad.<\/p>\n<p><em>Escr\u00edbame a mi mail: <\/em><em><a href=\"mailto:montanezaguilar@gmail.com\" target=\"_blank\" rel=\"noopener noreferrer\">montanezaguilar@gmail.com<\/a><\/em><\/p>\n","protected":false},"excerpt":{"rendered":"<p><span style=\"color: #005497;\"><strong>Jos\u00e9 Luis Monta\u00f1ez<\/strong><\/span><br \/>\n<br \/>\nUno de los principales retos para el gobierno de Quintana Roo es el combate a la delincuencia, que en medio de la contingencia sanitaria no ha dado tregua a los habitantes del estado, es por ello que se celebra la puesta en marcha del Complejo de Seguridad C5 Canc\u00fan, en el que contar\u00e1n con tecnolog\u00eda de punta a fin de garantizar una vida tranquila a los quintanarroenses.<\/p>\n","protected":false},"author":3,"featured_media":496725,"comment_status":"open","ping_status":"open","sticky":false,"template":"","format":"standard","meta":{"_monsterinsights_skip_tracking":false,"_monsterinsights_sitenote_active":false,"_monsterinsights_sitenote_note":"","_monsterinsights_sitenote_category":0,"footnotes":""},"categories":[11622,25512],"tags":[47840,54579,43674],"class_list":["post-496616","post","type-post","status-publish","format-standard","has-post-thumbnail","hentry","category-jose-luis-montanez-aguilar","category-nacional-nacional","tag-derecho-de-replica","tag-jose-luis-montanez","tag-opinion"],"_links":{"self":[{"href":"https:\/\/www.diarioimagen.net\/index.php?rest_route=\/wp\/v2\/posts\/496616","targetHints":{"allow":["GET"]}}],"collection":[{"href":"https:\/\/www.diarioimagen.net\/index.php?rest_route=\/wp\/v2\/posts"}],"about":[{"href":"https:\/\/www.diarioimagen.net\/index.php?rest_route=\/wp\/v2\/types\/post"}],"author":[{"embeddable":true,"href":"https:\/\/www.diarioimagen.net\/index.php?rest_route=\/wp\/v2\/users\/3"}],"replies":[{"embeddable":true,"href":"https:\/\/www.diarioimagen.net\/index.php?rest_route=%2Fwp%2Fv2%2Fcomments&post=496616"}],"version-history":[{"count":0,"href":"https:\/\/www.diarioimagen.net\/index.php?rest_route=\/wp\/v2\/posts\/496616\/revisions"}],"wp:featuredmedia":[{"embeddable":true,"href":"https:\/\/www.diarioimagen.net\/index.php?rest_route=\/wp\/v2\/media\/496725"}],"wp:attachment":[{"href":"https:\/\/www.diarioimagen.net\/index.php?rest_route=%2Fwp%2Fv2%2Fmedia&parent=496616"}],"wp:term":[{"taxonomy":"category","embeddable":true,"href":"https:\/\/www.diarioimagen.net\/index.php?rest_route=%2Fwp%2Fv2%2Fcategories&post=496616"},{"taxonomy":"post_tag","embeddable":true,"href":"https:\/\/www.diarioimagen.net\/index.php?rest_route=%2Fwp%2Fv2%2Ftags&post=496616"}],"curies":[{"name":"wp","href":"https:\/\/api.w.org\/{rel}","templated":true}]}}