{"id":496632,"date":"2021-02-16T00:03:47","date_gmt":"2021-02-16T06:03:47","guid":{"rendered":"https:\/\/www.diarioimagen.net\/?p=496632"},"modified":"2021-02-16T01:30:07","modified_gmt":"2021-02-16T07:30:07","slug":"adela-roman-iria-por-felix","status":"publish","type":"post","link":"https:\/\/www.diarioimagen.net\/?p=496632","title":{"rendered":"Adela Rom\u00e1n ir\u00eda por F\u00e9lix\u00a0"},"content":{"rendered":"<h2>Centro..!<\/h2>\n<h5>Arturo R\u00edos Ruiz<\/h5>\n<p>&nbsp;<\/p>\n<ul>\n<li><strong><em>Quieren empresarios a la alcaldesa<\/em><\/strong><\/li>\n<li><strong><em>Mario Moreno Arcos ya, por el PRI\u00a0<\/em><\/strong><\/li>\n<\/ul>\n<p>&nbsp;<\/p>\n<p>En el morenismo nacional y guerrerense se desarrolla una t\u00e1ctica en la que se refleje la paridad de g\u00e9nero en Morena<strong>\u00a0<\/strong>por el severo riesgo que representa\u00a0F\u00e9lix Salgado Macedonio como candidato a la gubernatura\u00a0del estado.<\/p>\n<p>Empresarios, consideran que la candidatura de la edil Adela Rom\u00e1n Ocampo, podr\u00eda brindar una oportunidad al partido para reposicionarse con el sector femenino.\u00a0Mujeres de diferente ideolog\u00eda pol\u00edtica y de varias partes del estado se manifestaron, demandando al partido que Guerrero lleve a una candidata apuntando a la alcaldesa de Acapulco.<\/p>\n<p>Surge con l\u00f3gica la duda de que, si Adela es elegida lograra la odisea de salvar a Morena del hueco que se le ha abierto con F\u00e9lix, dado que las acusaciones que cargan sobre \u00e9l son de peso completo y ya da\u00f1aron al partido.<\/p>\n<p>Por otro lado, Luis Walton Aburto se inconform\u00f3 y exigi\u00f3 a la dirigencia nacional presente los resultados de la encuesta que design\u00f3 a Salgado Macedonio y advirti\u00f3 que a quien postule la alianza PRI y PRD, (Mario Moreno Arcos) le competir\u00e1 a Morena con posibilidades de triunfo.<\/p>\n<p>En medio del enredo en el que se encuentra F\u00e9lix por las delicadas acusaciones de supuesta violaci\u00f3n, grupos de Movimiento Ciudadano propusieron a Luis Walton para ese partido, como pinza para obligar a Morena a postularlo.<\/p>\n<p>Pero el manotazo de Dante Delgado, mentor de esa organizaci\u00f3n, oblig\u00f3 que, en conferencia de prensa, distintos l\u00edderes del partido pol\u00edtico, anunciaron que dar\u00e1n respaldo al elegido de no ser Walton el candidato de Morena. Luis conserva a\u00fan esperanzas si deponen al calentano. Podr\u00eda ser \u00e9l.<\/p>\n<p>Por lo pronto, la alianza PRI-PRD, ya confirm\u00f3 a Mario Moreno Arcos como su candidato y ya recorre el estado haciendo pre campa\u00f1a, bien apadrinado.<\/p>\n<p>La elecci\u00f3n en el estado suriano comprender\u00e1 la gubernatura, 28 diputaciones de mayor\u00eda relativa, 18 diputaciones de representaci\u00f3n proporcional, 80 presidencias municipales, 85 sindicaturas y 580 regidur\u00edas.<\/p>\n<p>No dejemos de recordar que el voto indeciso es el m\u00e1s importante, porque es el m\u00e1s razonado y siempre ha influido en el resultado hist\u00f3ricamente. Esta vez en Guerrero es muy bajo.<\/p>\n<p>La empresa Encuesta, en enero present\u00f3 su trabajo de la proyecci\u00f3n del voto en ese momento, Morena estaba en 69% en intenci\u00f3n del voto, PRI, en 15,4% PRD 4.1%, PAN, 1.7%, MC 2.4%, casi nada, el voto indeciso es de 4.4%.<\/p>\n<p>As\u00ed que PRI y PRD suman 19.9% de votos, Morena con MC 71.4%, los rebasa con creces, No olvidemos que las encuestas no son garant\u00eda de veracidad, pues sus cuentas son el resultado de \u00e1nimo del encuestado y puede cambiar. La encuesta fue en enero, el caso F\u00e9lix ha mermado al partido, veremos qu\u00e9 ha pasado en 30 d\u00edas despu\u00e9s en la percepci\u00f3n.<\/p>\n<p><em><a href=\"mailto:rrrart2000@hotmail.com\" target=\"_blank\" rel=\"noopener noreferrer\">rrrart2000@hotmail.com<\/a><\/em><\/p>\n","protected":false},"excerpt":{"rendered":"<p><span style=\"color: #005497;\"><strong>Arturo R\u00edos Ruiz<\/strong><\/span><\/p>\n","protected":false},"author":3,"featured_media":0,"comment_status":"open","ping_status":"open","sticky":false,"template":"","format":"standard","meta":{"_monsterinsights_skip_tracking":false,"_monsterinsights_sitenote_active":false,"_monsterinsights_sitenote_note":"","_monsterinsights_sitenote_category":0,"footnotes":""},"categories":[82265],"tags":[82266,10806,43674],"class_list":["post-496632","post","type-post","status-publish","format-standard","hentry","category-arturo-rios-ruiz","tag-arturo-rios-ruiz","tag-centro","tag-opinion"],"_links":{"self":[{"href":"https:\/\/www.diarioimagen.net\/index.php?rest_route=\/wp\/v2\/posts\/496632","targetHints":{"allow":["GET"]}}],"collection":[{"href":"https:\/\/www.diarioimagen.net\/index.php?rest_route=\/wp\/v2\/posts"}],"about":[{"href":"https:\/\/www.diarioimagen.net\/index.php?rest_route=\/wp\/v2\/types\/post"}],"author":[{"embeddable":true,"href":"https:\/\/www.diarioimagen.net\/index.php?rest_route=\/wp\/v2\/users\/3"}],"replies":[{"embeddable":true,"href":"https:\/\/www.diarioimagen.net\/index.php?rest_route=%2Fwp%2Fv2%2Fcomments&post=496632"}],"version-history":[{"count":0,"href":"https:\/\/www.diarioimagen.net\/index.php?rest_route=\/wp\/v2\/posts\/496632\/revisions"}],"wp:attachment":[{"href":"https:\/\/www.diarioimagen.net\/index.php?rest_route=%2Fwp%2Fv2%2Fmedia&parent=496632"}],"wp:term":[{"taxonomy":"category","embeddable":true,"href":"https:\/\/www.diarioimagen.net\/index.php?rest_route=%2Fwp%2Fv2%2Fcategories&post=496632"},{"taxonomy":"post_tag","embeddable":true,"href":"https:\/\/www.diarioimagen.net\/index.php?rest_route=%2Fwp%2Fv2%2Ftags&post=496632"}],"curies":[{"name":"wp","href":"https:\/\/api.w.org\/{rel}","templated":true}]}}