{"id":496753,"date":"2021-02-17T00:01:08","date_gmt":"2021-02-17T06:01:08","guid":{"rendered":"https:\/\/www.diarioimagen.net\/?p=496753"},"modified":"2021-02-17T06:30:17","modified_gmt":"2021-02-17T12:30:17","slug":"la-cumbre-global-del-wttc-que-tendria-lugar-en-el-mes-de-marzo-en-cancun-se-realizara-del-25-al-27-de-abril","status":"publish","type":"post","link":"https:\/\/www.diarioimagen.net\/?p=496753","title":{"rendered":"La Cumbre Global del WTTC, que tendr\u00eda lugar en el mes de marzo en Canc\u00fan, se realizar\u00e1 del 25 al 27 de abril\u00a0\u00a0"},"content":{"rendered":"<h2>De cinco estrellas<\/h2>\n<h5>Victoria Gonz\u00e1lez Prado<\/h5>\n<p>&nbsp;<\/p>\n<ul>\n<li><em><strong>Con inversi\u00f3n de 11 millones de d\u00f3lares Wyndham Hotels &amp; Resorts abrir\u00e1 su primer hotel <\/strong><\/em><strong>Esplendor by Wyndham<\/strong><em><strong> en Tulum, en el \u00a0primer semestre de 2021<\/strong><\/em><\/li>\n<\/ul>\n<p><strong>\u00a0<\/strong><\/p>\n<p><a href=\"https:\/\/www.diarioimagen.net\/?attachment_id=496871\" rel=\"attachment wp-att-496871\"><img loading=\"lazy\" decoding=\"async\" class=\"aligncenter size-full wp-image-496871\" src=\"https:\/\/www.diarioimagen.net\/wp-content\/uploads\/2021\/02\/turismo-7.jpg\" alt=\"\" width=\"460\" height=\"270\" \/><\/a><\/p>\n<p>&nbsp;<\/p>\n<p>La Cumbre Global que tendr\u00eda lugar en el mes de marzo en Canc\u00fan, Quintana Roo, vuelve a cambiar de fecha con la intenci\u00f3n de que coincida con la flexibilizaci\u00f3n de las restricciones de viaje y el comienzo de la recuperaci\u00f3n del sector tur\u00edstico.<\/p>\n<p>Del 25 al 27 de abril, el Consejo Mundial de Viajes y Turismo (WTTC, por sus siglas en ingl\u00e9s) en coordinaci\u00f3n con el gobierno de Quintana Roo, convoca con esta nueva fecha a la reuni\u00f3n de l\u00edderes del sector p\u00fablico y privado en busca de la recuperaci\u00f3n mundial de la industria de los viajes.<\/p>\n<p>La Cumbre Global ser\u00e1 gran oportunidad para mostrar lo que M\u00e9xico y Canc\u00fan tienen para ofrecer como destino, as\u00ed como los protocolos de salud y seguridad de clase mundial que se han implementado.<\/p>\n<p>Se llevar\u00e1 a cabo en formato h\u00edbrido, lo que permitir\u00e1 que quienes no puedan viajar participen de manera virtual en todos los paneles y conferencias.<br \/>\nCabe recordar que la reuni\u00f3n anual del WTTC es el evento de viajes y turismo m\u00e1s importante del sector, donde los presidentes, CEO\u00b4s y directivos de importantes empresas de la industria tur\u00edstica en el mundo, se dan cita con l\u00edderes gubernamentales para actuar sobre los temas m\u00e1s importantes\u00a0\u00a0de la agenda global.<\/p>\n<p><strong>Gloria Guevara Manzo<\/strong>, presidenta y CEO del WTTC, dijo: \u201cCanc\u00fan est\u00e1 listo para albergar nuestra Cumbre Global seg\u00fan lo planeado, creemos que retrasar el evento unas semanas permitir\u00e1 que un n\u00famero mayor de personas de muchas m\u00e1s regiones del mundo asistan en uno de los destinos m\u00e1s reconocidos del mundo\u201d.<\/p>\n<p>\u201cA medida que el despliegue mundial de la vacunaci\u00f3n se acelera y se espera que las reglas de movilidad internacional se relajen en las pr\u00f3ximas semanas, m\u00e1s personas de regiones podr\u00e1n participar y sumarse a la conversaci\u00f3n para el camino hacia la recuperaci\u00f3n\u201d, agreg\u00f3 <strong>Guevara Manzo<\/strong>.<\/p>\n<p>Asegur\u00f3 que el sector de viajes y turismo ha sido seriamente afectado por la pandemia de la Covid-19, con m\u00e1s de 174 millones de empleos perdidos, lo que hace que la Cumbre Global sea m\u00e1s relevante e importante que nunca.<\/p>\n<p>El gobernador de Quintana Roo, <strong>Carlos Joaqu\u00edn Gonz\u00e1lez<\/strong>, se\u00f1al\u00f3 que para Canc\u00fan y Quintana Roo, ser\u00e1 una gran plataforma nacional e internacional, que permitir\u00e1 fortalecer al sector de viajes y turismo frente a la situaci\u00f3n econ\u00f3mica y de salud que se vive a nivel global.<\/p>\n<p>\u201cEs importante garantizar la seguridad sanitaria de todos los invitados y personalidades de este evento, por lo que se han implementado rigurosos protocolos y medidas sanitarias que responden a actual situaci\u00f3n global\u201d, indic\u00f3 el gobernador.<\/p>\n<p><strong>Carlos Joaqu\u00edn<\/strong> indic\u00f3 que sin duda, el posicionamiento de los destinos del Caribe mexicano en el mercado internacional ayudar\u00e1 decididamente a la recuperaci\u00f3n del sector y enfatiz\u00f3: \u201cUn destino de sol y playa con espacios abiertos y que cumpla con los lineamientos de la Organizaci\u00f3n Mundial de la Salud, ofrece mayor confiabilidad para los viajeros. Aunado a ello, las maravillas naturales, la calidad de la infraestructura tur\u00edstica y servicio, colocan a Canc\u00fan y a Quintana Roo en una situaci\u00f3n de alta competitividad en el mercado mundial de los viajes\u201d.<\/p>\n<p>La cumbre del WTTC es la plataforma m\u00e1s importante para que los l\u00edderes del sector marquen el camino a seguir, analizar c\u00f3mo podemos utilizar esta experiencia para adaptarnos a la Covid-19 y hacer que el sector global de viajes y turismo vuelva a recuperarse; adem\u00e1s de ayudar al restablecimiento de\u00a0\u00a0millones de empleos y generar certidumbre frente al complicado contexto que se vive desde principios del a\u00f1o pasado.<\/p>\n<p>\u2730\u2730\u2730\u2730\u2730 Con inversi\u00f3n de 11 millones de d\u00f3lares y la creaci\u00f3n de 100 empleos en su etapa de construcci\u00f3n <em>Wyndham Hotels &amp; Resorts<\/em> (WH&amp;R) mantiene su confianza en M\u00e9xico y abrir\u00e1 su primer hotel de la marca <em>Esplendor by Wyndham<\/em> en Tulum, Quintana Roo, durante el \u00a0primer semestre de 2021.<\/p>\n<p><em>Esplendor by Wyndham Tulum Nook<\/em> es edificaci\u00f3n nueva y ser\u00e1 el primer hotel en abrir en M\u00e9xico bajo la marca la cual ofrece experiencia art\u00edstica original, cuidadosa e \u00edntima como permiso que rompe la rutina, pues est\u00e1 inspirada en personas exploradoras y abiertas a nuevas experiencias, pero que tambi\u00e9n son exigentes porque saben que tienen el poder de elegir. Actualmente existen siete propiedades de este tipo en Latinoam\u00e9rica: cinco en Argentina, una en Paraguay y otra en Uruguay.<\/p>\n<p><strong>Eduardo Cruz del R\u00edo<\/strong>, vicepresidente de Operaciones de WH&amp;R para Latinoam\u00e9rica y el Caribe, coment\u00f3: \u201cestamos muy entusiasmados de anunciar la apertura de la marca <em>lifestyle<\/em> y no s\u00f3lo le damos la bienvenida en M\u00e9xico tambi\u00e9n confirmamos la confianza que tenemos en el pa\u00eds, y continuamos fortaleciendo nuestro portafolio para dar la bienvenida a m\u00e1s destinos\u201d<\/p>\n<p>No es sorpresa que se haya elegido a Tulum como el destino para su primer hotel en M\u00e9xico. Adem\u00e1s de sus espectaculares playas y su zona arqueol\u00f3gica maya reconocida internacionalmente, Tulum es pueblo de esp\u00edritu libre, en el que sus visitantes pueden ser quienes deseen ser, sin prejuicios.<\/p>\n<p>Las 96 habitaciones con capacidad para cuatro personas ofrecen decoraci\u00f3n <em>chic<\/em> y relajante con toques naturales, que resaltan la personalidad del destino. Cada hotel es \u00fanico, pues cada uno contrasta y combina lo cl\u00e1sico y lo moderno, el arte y la tecnolog\u00eda, la sofisticaci\u00f3n y la simplicidad, as\u00ed como el dise\u00f1o y la comodidad para crear estilo \u00fanico de experiencias para viajeros en el coraz\u00f3n de cada destino.<\/p>\n<p>El de Tulum, est\u00e1 ubicado a s\u00f3lo diez minutos\u00a0de las playas de agua turquesa de la ciudad amurallada y brinda a sus hu\u00e9spedes acceso a su exclusivo y reconocido club de playa <em>Vagalume<\/em>, a trav\u00e9s del servicio diario de transporte gratuito desde el mediod\u00eda hasta las ocho de la noche.<\/p>\n<p>El nuevo hotel ofrecer\u00e1 experiencias de viaje \u00fanicas inspiradas en la cultura local y combinaci\u00f3n de toques cl\u00e1sicos con comodidades modernas como piscina al aire libre, spa, hidromasaje, gimnasio, degustaci\u00f3n de platos regionales en el restaurante y bar junto a la piscina. Adem\u00e1s, la tarifa incluye desayuno.<br \/>\nComo parte del crecimiento de la marca en el pa\u00eds, en este primer semestre abrir\u00e1 sus puertas <em>Esplendor by Wyndham la Condesa en la Ciudad de M\u00e9xico<\/em>, (112 habitaciones y <em>roof top<\/em> con vista de 360). Estos anuncios se suman a otras aperturas en M\u00e9xico durante los \u00faltimos meses de 2020: <em>Ramada by Wyndham Acapulco Hotel &amp; Suite<\/em> (75 habitaciones); <em>Cozumel Hotel &amp; Resort, Trademark Collection by Wyndham<\/em> (180 habitaciones); <em>Ramada Encore by Wyndham Monterrey Apodaca Zona Aeropuerto<\/em> (148 habitaciones), y <em>Wyndham Puebla Angel\u00f3polis<\/em> (157 habitaciones).<\/p>\n<p>Para la tranquilidad de sus hu\u00e9spedes, todos los hoteles de la compa\u00f1\u00eda forman parte de la iniciativa <em>\u201cCount on UsSM\u201d<\/em> o \u201cCuenta con Nosotros\u201d, con que se elevaron a\u00fan m\u00e1s los est\u00e1ndares de higiene a ra\u00edz de la Covid-19.<\/p>\n<p>&nbsp;<\/p>\n<blockquote>\n<p style=\"text-align: right;\">\u201c<strong>El<\/strong> <strong>\u00e1ngel de la fama tiene sus alas hechas de papel&#8230; peri\u00f3dico\u201d.<br \/>\n<\/strong><\/p>\n<\/blockquote>\n<p>&nbsp;<\/p>\n<p><em><span class=\"Apple-converted-space\"><a href=\"mailto:victoriagprado@gmail.com\" target=\"_blank\" rel=\"noopener noreferrer\">victoriagprado@gmail.com<\/a><br \/>\nTwitter: <a href=\"https:\/\/twitter.com\/victoriagprado\" target=\"_blank\" rel=\"noopener noreferrer\">@victoriagprado<\/a><\/span><\/em><\/p>\n","protected":false},"excerpt":{"rendered":"<p>La Cumbre Global que tendr\u00eda lugar en el mes de marzo en Canc\u00fan, Quintana Roo, vuelve a cambiar de fecha con la intenci\u00f3n de que coincida con la flexibilizaci\u00f3n de las restricciones de viaje y el comienzo de la recuperaci\u00f3n del sector tur\u00edstico.<\/p>\n","protected":false},"author":3,"featured_media":496871,"comment_status":"open","ping_status":"open","sticky":false,"template":"","format":"standard","meta":{"_monsterinsights_skip_tracking":false,"_monsterinsights_sitenote_active":false,"_monsterinsights_sitenote_note":"","_monsterinsights_sitenote_category":0,"footnotes":""},"categories":[11],"tags":[107,43674,43681,106],"class_list":["post-496753","post","type-post","status-publish","format-standard","has-post-thumbnail","hentry","category-turismo","tag-de-cinco-estrellas","tag-opinion","tag-turismo","tag-victoria-gonzalez-prado"],"_links":{"self":[{"href":"https:\/\/www.diarioimagen.net\/index.php?rest_route=\/wp\/v2\/posts\/496753","targetHints":{"allow":["GET"]}}],"collection":[{"href":"https:\/\/www.diarioimagen.net\/index.php?rest_route=\/wp\/v2\/posts"}],"about":[{"href":"https:\/\/www.diarioimagen.net\/index.php?rest_route=\/wp\/v2\/types\/post"}],"author":[{"embeddable":true,"href":"https:\/\/www.diarioimagen.net\/index.php?rest_route=\/wp\/v2\/users\/3"}],"replies":[{"embeddable":true,"href":"https:\/\/www.diarioimagen.net\/index.php?rest_route=%2Fwp%2Fv2%2Fcomments&post=496753"}],"version-history":[{"count":0,"href":"https:\/\/www.diarioimagen.net\/index.php?rest_route=\/wp\/v2\/posts\/496753\/revisions"}],"wp:featuredmedia":[{"embeddable":true,"href":"https:\/\/www.diarioimagen.net\/index.php?rest_route=\/wp\/v2\/media\/496871"}],"wp:attachment":[{"href":"https:\/\/www.diarioimagen.net\/index.php?rest_route=%2Fwp%2Fv2%2Fmedia&parent=496753"}],"wp:term":[{"taxonomy":"category","embeddable":true,"href":"https:\/\/www.diarioimagen.net\/index.php?rest_route=%2Fwp%2Fv2%2Fcategories&post=496753"},{"taxonomy":"post_tag","embeddable":true,"href":"https:\/\/www.diarioimagen.net\/index.php?rest_route=%2Fwp%2Fv2%2Ftags&post=496753"}],"curies":[{"name":"wp","href":"https:\/\/api.w.org\/{rel}","templated":true}]}}