{"id":496766,"date":"2021-02-17T00:01:52","date_gmt":"2021-02-17T06:01:52","guid":{"rendered":"https:\/\/www.diarioimagen.net\/?p=496766"},"modified":"2021-02-17T07:03:33","modified_gmt":"2021-02-17T13:03:33","slug":"avanza-el-gobierno-de-naucalpan-30-en-colocacion-de-luminarias-de-23-mil","status":"publish","type":"post","link":"https:\/\/www.diarioimagen.net\/?p=496766","title":{"rendered":"Avanza el gobierno de Naucalpan 30% en colocaci\u00f3n de luminarias, de 23 mil"},"content":{"rendered":"<p>&nbsp;<\/p>\n<ul>\n<li><strong><em>Arranca programa en la colonia Izcalli Chamapa<\/em><\/strong><\/li>\n<\/ul>\n<p>&nbsp;<\/p>\n<div id=\"attachment_496934\" style=\"width: 470px\" class=\"wp-caption aligncenter\"><a href=\"https:\/\/www.diarioimagen.net\/?attachment_id=496934\" rel=\"attachment wp-att-496934\"><img loading=\"lazy\" decoding=\"async\" aria-describedby=\"caption-attachment-496934\" class=\"size-full wp-image-496934\" src=\"https:\/\/www.diarioimagen.net\/wp-content\/uploads\/2021\/02\/naucalpan-8.jpg\" alt=\"\" width=\"460\" height=\"270\" \/><\/a><p id=\"caption-attachment-496934\" class=\"wp-caption-text\">Los operativos de iluminaci\u00f3n y mejora al entorno urbano buscan abarcar las zonas que requieren de atenci\u00f3n inmediata.<\/p><\/div>\n<p>&nbsp;<\/p>\n<p><strong>Naucalpan, Estado de M\u00e9xico<\/strong>.- El Secretario de Servicios P\u00fablicos, Carlos Trujillo Anell, afirm\u00f3 que la dependencia ha realizado un 30 por ciento de avance en la colocaci\u00f3n de las cerca de 23 mil luminarias que ser\u00e1n destinadas a diversas comunidades, bajo el programa Ilumina tu Colonia.<\/p>\n<p>Durante el arranque de la instalaci\u00f3n de aproximadamente 200 luminarias en la colonia Izcalli Chamapa, el Secretario afirm\u00f3 que los operativos de iluminaci\u00f3n y mejora al entorno urbano buscan abarcar las zonas que, a petici\u00f3n de vecinos y de la presidenta municipal, Patricia Dur\u00e1n, requieren de atenci\u00f3n inmediata.<\/p>\n<p>\u201cEn esta ocasi\u00f3n se van a colocar alrededor de 200 l\u00e1mparas nuevas, de tecnolog\u00eda led, que iluminar\u00e1n de mejor forma y permitir\u00e1n ahorrar energ\u00eda. \u201cLa instrucci\u00f3n de la Alcaldesa Dur\u00e1n Reveles es que acudamos a Izcalli Chamapa con este operativo para dejar la colonia iluminada y realizar la poda de \u00e1rboles que afectan a otros postes\u201d, dijo.<\/p>\n<p>Se\u00f1al\u00f3 que durante la jornada de dos d\u00edas se instalar\u00e1n las luminarias en la avenida General Emiliano Zapata, as\u00ed como en calles y avenidas adyacentes. Diana Baranda, vecina de Izcalli Chamapa desde hace 50 a\u00f1os, manifest\u00f3 que la colocaci\u00f3n de m\u00e1s luminarias brindar\u00e1 mayor seguridad a quienes transitan diariamente de noche.<\/p>\n<p>\u201cEstos arreglos son muy ben\u00e9ficos y nos van a ayudar a caminar con mayor tranquilidad\u201d, afirm\u00f3.<\/p>\n<p>El Secretario de Servicios P\u00fablicos puntualiz\u00f3 que como un esfuerzo en conjunto, las y los vecinos fueron invitados al arranque del operativo, a fin de conocer sus dudas y atender calles o espacios que requieran alguna luminaria adicional.<\/p>\n<p>En tanto, en las comunidades de Praderas de San Mateo y La Luna se sustituyeron 60 luminarias y se repararon casi 150 m\u00e1s en 35 calles, donde se colocaron nuevos dispositivos led, libres de vapores de sodio y mercurio.<\/p>\n<p>En todas las jornadas de colocaci\u00f3n de luminarias laboran cerca de cinco gr\u00faas y entre 60 y 100 trabajadores de Servicios P\u00fablicos, quienes cumplen con las medidas sanitarias necesarias para operar durante la contingencia por COVID-19.<\/p>\n","protected":false},"excerpt":{"rendered":"<p>El Secretario de Servicios P\u00fablicos, Carlos Trujillo Anell, afirm\u00f3 que la dependencia ha realizado un 30 por ciento de avance en la colocaci\u00f3n de las cerca de 23 mil luminarias que ser\u00e1n destinadas a diversas comunidades, bajo el programa Ilumina tu Colonia.<\/p>\n","protected":false},"author":3,"featured_media":496934,"comment_status":"open","ping_status":"open","sticky":false,"template":"","format":"standard","meta":{"_monsterinsights_skip_tracking":false,"_monsterinsights_sitenote_active":false,"_monsterinsights_sitenote_note":"","_monsterinsights_sitenote_category":0,"footnotes":""},"categories":[5],"tags":[92392,43675,48964,970],"class_list":["post-496766","post","type-post","status-publish","format-standard","has-post-thumbnail","hentry","category-estado-de-mexico","tag-colocacion","tag-estado-de-mexico","tag-luminarias","tag-naucalpan"],"_links":{"self":[{"href":"https:\/\/www.diarioimagen.net\/index.php?rest_route=\/wp\/v2\/posts\/496766","targetHints":{"allow":["GET"]}}],"collection":[{"href":"https:\/\/www.diarioimagen.net\/index.php?rest_route=\/wp\/v2\/posts"}],"about":[{"href":"https:\/\/www.diarioimagen.net\/index.php?rest_route=\/wp\/v2\/types\/post"}],"author":[{"embeddable":true,"href":"https:\/\/www.diarioimagen.net\/index.php?rest_route=\/wp\/v2\/users\/3"}],"replies":[{"embeddable":true,"href":"https:\/\/www.diarioimagen.net\/index.php?rest_route=%2Fwp%2Fv2%2Fcomments&post=496766"}],"version-history":[{"count":0,"href":"https:\/\/www.diarioimagen.net\/index.php?rest_route=\/wp\/v2\/posts\/496766\/revisions"}],"wp:featuredmedia":[{"embeddable":true,"href":"https:\/\/www.diarioimagen.net\/index.php?rest_route=\/wp\/v2\/media\/496934"}],"wp:attachment":[{"href":"https:\/\/www.diarioimagen.net\/index.php?rest_route=%2Fwp%2Fv2%2Fmedia&parent=496766"}],"wp:term":[{"taxonomy":"category","embeddable":true,"href":"https:\/\/www.diarioimagen.net\/index.php?rest_route=%2Fwp%2Fv2%2Fcategories&post=496766"},{"taxonomy":"post_tag","embeddable":true,"href":"https:\/\/www.diarioimagen.net\/index.php?rest_route=%2Fwp%2Fv2%2Ftags&post=496766"}],"curies":[{"name":"wp","href":"https:\/\/api.w.org\/{rel}","templated":true}]}}