{"id":496775,"date":"2021-02-17T00:04:45","date_gmt":"2021-02-17T06:04:45","guid":{"rendered":"https:\/\/www.diarioimagen.net\/?p=496775"},"modified":"2021-02-17T07:01:28","modified_gmt":"2021-02-17T13:01:28","slug":"estrecha-vigilancia-en-huixquilucan-ante-reactivacion-de-actividades","status":"publish","type":"post","link":"https:\/\/www.diarioimagen.net\/?p=496775","title":{"rendered":"Estrecha vigilancia en Huixquilucan, ante reactivaci\u00f3n de actividades"},"content":{"rendered":"<p><strong>\u00a0<\/strong><\/p>\n<p><a href=\"https:\/\/www.diarioimagen.net\/?attachment_id=496924\" rel=\"attachment wp-att-496924\"><img loading=\"lazy\" decoding=\"async\" class=\"aligncenter size-full wp-image-496924\" src=\"https:\/\/www.diarioimagen.net\/wp-content\/uploads\/2021\/02\/huixquilucan-9.jpg\" alt=\"\" width=\"460\" height=\"270\" \/><\/a><\/p>\n<p>&nbsp;<\/p>\n<p><strong>Huixquilucan, Estado de M\u00e9xico.- <\/strong>El gobierno municipal verificar\u00e1 que los comercios y establecimientos cumplan con las medidas de sanidad, luego de que el sem\u00e1foro para la semana del 15 al 21 de febrero cambiar\u00e1 de rojo a naranja.<\/p>\n<p>Desde el fin de semana el Instituto de Verificaci\u00f3n Administrativa del Estado de M\u00e9xico y el gobierno municipal comenzaron con operativos en centros comerciales para explicar las medidas sanitarias, aforo y horario que iniciaron el 15 de febrero. El alcalde Enrique Vargas del Villar se\u00f1al\u00f3 que en el municipio la salud y la vida son y ser\u00e1n una prioridad para su gobierno.<\/p>\n","protected":false},"excerpt":{"rendered":"<p>El gobierno municipal verificar\u00e1 que los comercios y establecimientos cumplan con las medidas de sanidad, luego de que el sem\u00e1foro para la semana del 15 al 21 de febrero cambiar\u00e1 de rojo a naranja.<\/p>\n","protected":false},"author":3,"featured_media":496924,"comment_status":"open","ping_status":"open","sticky":false,"template":"","format":"standard","meta":{"_monsterinsights_skip_tracking":false,"_monsterinsights_sitenote_active":false,"_monsterinsights_sitenote_note":"","_monsterinsights_sitenote_category":0,"footnotes":""},"categories":[5],"tags":[43675,1097,76924],"class_list":["post-496775","post","type-post","status-publish","format-standard","has-post-thumbnail","hentry","category-estado-de-mexico","tag-estado-de-mexico","tag-huixquilucan","tag-reactivacion"],"_links":{"self":[{"href":"https:\/\/www.diarioimagen.net\/index.php?rest_route=\/wp\/v2\/posts\/496775","targetHints":{"allow":["GET"]}}],"collection":[{"href":"https:\/\/www.diarioimagen.net\/index.php?rest_route=\/wp\/v2\/posts"}],"about":[{"href":"https:\/\/www.diarioimagen.net\/index.php?rest_route=\/wp\/v2\/types\/post"}],"author":[{"embeddable":true,"href":"https:\/\/www.diarioimagen.net\/index.php?rest_route=\/wp\/v2\/users\/3"}],"replies":[{"embeddable":true,"href":"https:\/\/www.diarioimagen.net\/index.php?rest_route=%2Fwp%2Fv2%2Fcomments&post=496775"}],"version-history":[{"count":0,"href":"https:\/\/www.diarioimagen.net\/index.php?rest_route=\/wp\/v2\/posts\/496775\/revisions"}],"wp:featuredmedia":[{"embeddable":true,"href":"https:\/\/www.diarioimagen.net\/index.php?rest_route=\/wp\/v2\/media\/496924"}],"wp:attachment":[{"href":"https:\/\/www.diarioimagen.net\/index.php?rest_route=%2Fwp%2Fv2%2Fmedia&parent=496775"}],"wp:term":[{"taxonomy":"category","embeddable":true,"href":"https:\/\/www.diarioimagen.net\/index.php?rest_route=%2Fwp%2Fv2%2Fcategories&post=496775"},{"taxonomy":"post_tag","embeddable":true,"href":"https:\/\/www.diarioimagen.net\/index.php?rest_route=%2Fwp%2Fv2%2Ftags&post=496775"}],"curies":[{"name":"wp","href":"https:\/\/api.w.org\/{rel}","templated":true}]}}