{"id":496778,"date":"2021-02-17T00:05:10","date_gmt":"2021-02-17T06:05:10","guid":{"rendered":"https:\/\/www.diarioimagen.net\/?p=496778"},"modified":"2021-02-17T06:55:16","modified_gmt":"2021-02-17T12:55:16","slug":"ofrece-gem-y-consejo-mexicano-de-negocios-capacitacion-a-pymes","status":"publish","type":"post","link":"https:\/\/www.diarioimagen.net\/?p=496778","title":{"rendered":"Ofrece GEM y Consejo Mexicano de Negocios capacitaci\u00f3n a Pymes"},"content":{"rendered":"<p>&nbsp;<\/p>\n<h3 style=\"text-align: center;\">Para ser proveedores de grandes firmas<\/h3>\n<p><strong>\u00a0<\/strong><\/p>\n<div id=\"attachment_496919\" style=\"width: 470px\" class=\"wp-caption aligncenter\"><a href=\"https:\/\/www.diarioimagen.net\/?attachment_id=496919\" rel=\"attachment wp-att-496919\"><img loading=\"lazy\" decoding=\"async\" aria-describedby=\"caption-attachment-496919\" class=\"size-full wp-image-496919\" src=\"https:\/\/www.diarioimagen.net\/wp-content\/uploads\/2021\/02\/EDOMEX17-a.jpg\" alt=\"\" width=\"460\" height=\"270\" \/><\/a><p id=\"caption-attachment-496919\" class=\"wp-caption-text\">La Sedeco promueve la participaci\u00f3n, sin costo, de las peque\u00f1as y medianas empresas (Pymes), en diplomados a distancia, con webinars que ser\u00e1n impartidos por expertos.<\/p><\/div>\n<p>&nbsp;<\/p>\n<p><strong>Toluca, Estado de M\u00e9xico.-<\/strong> El Gobierno del Estado de M\u00e9xico, la Secretar\u00eda de Desarrollo Econ\u00f3mico (Sedeco) y el Consejo Mexicano de Negocios lanzaron una convocatoria a la comunidad empresarial mexiquense para capacitarse en temas estrat\u00e9gicos y aprovechar para formar parte de la cadena de proveedur\u00eda y contribuir a la reactivaci\u00f3n de la econom\u00eda mexiquense.<\/p>\n<p>A trav\u00e9s del Programa de Apoyo Emergente para Mipymes del Estado de M\u00e9xico y con apoyo de la Direcci\u00f3n General de Industria, la Sedeco promueve la participaci\u00f3n, sin costo, de las peque\u00f1as y medianas empresas (Pymes), en diplomados a distancia, con webinars que ser\u00e1n impartidos por expertos, a lo largo de cuatro meses, de la segunda quincena de febrero a la primera de mayo.<\/p>\n<p>Entre los temas que se analizar\u00e1n para garantizar el crecimiento mercantil de las peque\u00f1as y medianas empresas (Pymes), se encuentran \u201cCultura organizacional\u201d, \u201cEstrategia, planeaci\u00f3n e innovaci\u00f3n\u201d, \u201cVentas estrat\u00e9gicas\u201d, Finanzas para Pymes\u201d, as\u00ed como \u201cReducci\u00f3n de costos con excelencia operativa\u201d.<\/p>\n<p>En cada una de las sesiones, que se impartir\u00e1n de manera virtual, participar\u00e1n reconocidos personajes de las empresas Bimbo, Gentera, Cryoinfra, Fragua, Rossini, Cuervo, Cemex, Bepensa, Cin\u00e9polis, Femsa, ADN sec, Fritec, Mabe, Pisa y Farmac\u00e9utica, entre otras, quienes compartir\u00e1n su experiencia sobre la forma de enfrentar retos y llevar adelante las actividades de sus negocios, en tiempos de crisis.<\/p>\n<p>Adem\u00e1s, junto con consultores especializados, orientar\u00e1n a los participantes para obtener un diagn\u00f3stico y elaborar un plan de acci\u00f3n a distancia que garantice mejoras en las \u00e1reas productivas.<\/p>\n<p>De igual manera, a lo largo del diplomado se desarrollar\u00e1 un encuentro de negocio on line, con empresas pertenecientes al Consejo Mexicano de Negocios, encaminado a fomentar la integraci\u00f3n de las Pymes a la cadena de suministro.<\/p>\n<p>Tambi\u00e9n ayudar\u00e1 a la vinculaci\u00f3n empresarial a trav\u00e9s del expediente electr\u00f3nico que se albergar\u00e1 en el Sistema de Vinculaci\u00f3n del Consejo para que las Pymes sean visibles con compradores de grandes empresas, registradas en dicho sistema.<\/p>\n<p>El inicio de la capacitaci\u00f3n es hoy, como parte de los diferentes diplomados del programa \u00abEmpresario a Empresario\u00bb, para apoyar al sector productivo a reactivar sus operaciones.<\/p>\n","protected":false},"excerpt":{"rendered":"<p>El Gobierno del Estado de M\u00e9xico, la Secretar\u00eda de Desarrollo Econ\u00f3mico (Sedeco) y el Consejo Mexicano de Negocios lanzaron una convocatoria a la comunidad empresarial mexiquense para capacitarse en temas estrat\u00e9gicos y aprovechar para formar parte de la cadena de proveedur\u00eda y contribuir a la reactivaci\u00f3n de la econom\u00eda mexiquense.<\/p>\n","protected":false},"author":3,"featured_media":496919,"comment_status":"open","ping_status":"open","sticky":false,"template":"","format":"standard","meta":{"_monsterinsights_skip_tracking":false,"_monsterinsights_sitenote_active":false,"_monsterinsights_sitenote_note":"","_monsterinsights_sitenote_category":0,"footnotes":""},"categories":[5],"tags":[1720,495,196],"class_list":["post-496778","post","type-post","status-publish","format-standard","has-post-thumbnail","hentry","category-estado-de-mexico","tag-gem","tag-pymes","tag-sedeco"],"_links":{"self":[{"href":"https:\/\/www.diarioimagen.net\/index.php?rest_route=\/wp\/v2\/posts\/496778","targetHints":{"allow":["GET"]}}],"collection":[{"href":"https:\/\/www.diarioimagen.net\/index.php?rest_route=\/wp\/v2\/posts"}],"about":[{"href":"https:\/\/www.diarioimagen.net\/index.php?rest_route=\/wp\/v2\/types\/post"}],"author":[{"embeddable":true,"href":"https:\/\/www.diarioimagen.net\/index.php?rest_route=\/wp\/v2\/users\/3"}],"replies":[{"embeddable":true,"href":"https:\/\/www.diarioimagen.net\/index.php?rest_route=%2Fwp%2Fv2%2Fcomments&post=496778"}],"version-history":[{"count":0,"href":"https:\/\/www.diarioimagen.net\/index.php?rest_route=\/wp\/v2\/posts\/496778\/revisions"}],"wp:featuredmedia":[{"embeddable":true,"href":"https:\/\/www.diarioimagen.net\/index.php?rest_route=\/wp\/v2\/media\/496919"}],"wp:attachment":[{"href":"https:\/\/www.diarioimagen.net\/index.php?rest_route=%2Fwp%2Fv2%2Fmedia&parent=496778"}],"wp:term":[{"taxonomy":"category","embeddable":true,"href":"https:\/\/www.diarioimagen.net\/index.php?rest_route=%2Fwp%2Fv2%2Fcategories&post=496778"},{"taxonomy":"post_tag","embeddable":true,"href":"https:\/\/www.diarioimagen.net\/index.php?rest_route=%2Fwp%2Fv2%2Ftags&post=496778"}],"curies":[{"name":"wp","href":"https:\/\/api.w.org\/{rel}","templated":true}]}}