{"id":496843,"date":"2021-02-17T00:04:25","date_gmt":"2021-02-17T06:04:25","guid":{"rendered":"https:\/\/www.diarioimagen.net\/?p=496843"},"modified":"2021-02-17T02:12:47","modified_gmt":"2021-02-17T08:12:47","slug":"morena-y-el-dedazo","status":"publish","type":"post","link":"https:\/\/www.diarioimagen.net\/?p=496843","title":{"rendered":"Morena y el \u201cdedazo\u201d"},"content":{"rendered":"<h2>Punto por punto<\/h2>\n<h5>Augusto Corro<\/h5>\n<p>&nbsp;<\/p>\n<p>El morenista F\u00e9lix Salgado Macedonio aspira a la gubernatura de Guerrero y el lunes solicit\u00f3 su registro a las autoridades electorales.<\/p>\n<p>No ha sido f\u00e1cil para el senador con licencia abanderar la lucha del partido Movimiento Regeneraci\u00f3n Nacional (Morena).<\/p>\n<p>Desde antes que su partido lo designara como candidato, las manifestaciones de protesta contra Salgado Macedonio se multiplicaron.\u00a0 Los adversarios del legislador no tuvieron que excavar profundo para encontrar en su pasado una colecci\u00f3n de abusos y de esc\u00e1ndalos.<\/p>\n<p>Entre otros, se encuentran las acusaciones de violaciones a cinco mujeres. Con esa informaci\u00f3n, las feministas iniciaron sus protestas.<\/p>\n<p>Argumentaron que no era posible que la Cuarta Transformaci\u00f3n (4T) se manchara con la participaci\u00f3n de un morenista de conducta reprobable.<\/p>\n<p>En el propio partido, m\u00e1s de cien mujeres emprendieron una lucha para que Morena no apoyara a Salgado Macedonio.<\/p>\n<p>A la fecha, esos inconformes no pudieron detener el avance del aspirante a la gubernatura, que, dicho sea de paso, tiene el apoyo de Mario Delgado, el l\u00edder de esa organizaci\u00f3n pol\u00edtica.<\/p>\n<p>De esa actitud de Delgado se desprende que en Morena se decidi\u00f3 regresar a la pol\u00edtica del <em>dedazo<\/em> que tanto da\u00f1o le hizo al pa\u00eds.<\/p>\n<p>Es decir que ya la c\u00fapula morenista decidi\u00f3 que Salgado Macedonio sea el candidato a la gubernatura de Guerrero y nada ni nadie lo evitar\u00e1.<\/p>\n<p>As\u00ed pues, en Morena, el partido en el poder, se aplica la pol\u00edtica de<em>l gatopardismo<\/em>, que consiste en que todo cambie para que todo siga igual.<\/p>\n<p>Las autoridades electorales estatales determinar\u00e1n en los primeros d\u00edas de marzo si aprueban o no la solicitud de Salgado Macedonio como aspirante a la gubernatura citada.<\/p>\n<p>El legislador, presunto violador sexual, la desfachatez de manifestar, ante las autoridades electorales, que \u201clas mujeres son el motor de la Cuarta Transformaci\u00f3n (4T)\u201d.<\/p>\n<p>Por supuesto, la historia del abusivo pol\u00edtico continuar\u00e1. Las morenistas no se cansar\u00e1n de manifestar su descontento contra Salgado Macedonio y sus influyentes \u201cpadrinos\u201d, entre ellos, el controvertido Mario Delgado.<\/p>\n<p><strong>Los tr\u00e1ileres de migrantes<\/strong><\/p>\n<p>Mientras no se encuentre una soluci\u00f3n al problema migratorio centroamericano, M\u00e9xico ser\u00e1 el paso obligado de los indocumentados para llegar a Estados Unidos (EU).<\/p>\n<p>En ese sentido continuar\u00e1n las caravanas de migrantes que viajan en condiciones dif\u00edciles y peligrosas.\u00a0 Con el prop\u00f3sito de ganar dinero, grupos delincuenciales organizan los viajes de los centroamericanos, que se encuentran hartos de pobreza y violencia en sus lugares de origen.<\/p>\n<p>Sin analizar el peligro, las personas pagan su respectiva cuota y abordan los tr\u00e1ileres de la muerte, en condiciones que bien podr\u00edan calificarse de suicidas.<\/p>\n<p>En esas cajas enormes de los camiones no hay ventilaci\u00f3n. Las puertas se cierran completamente y es poco el aire que entra.<\/p>\n<p>Viajar en esas condiciones es ir expuesto a todo. A veces se corre con suerte y se logra rescatar a los que corren el riesgo de sufrir alg\u00fan da\u00f1o.<\/p>\n<p>El lunes, en una carretera de Veracruz fueron hallados 233 migrantes centroamericanos abandonados en el remolque de un cami\u00f3n de carga.<\/p>\n<p>Seg\u00fan las autoridades en el interior de esa enorme caja estaban 191 guatemaltecos, 19 hondure\u00f1os, 11 salvadore\u00f1os, 11 nicarag\u00fcenses y un belice\u00f1o.<\/p>\n<p>Las autoridades brindaron atenci\u00f3n a los migrantes y los enviaron al Instituto Nacional de Migraci\u00f3n (INM).<\/p>\n<p>No sucedi\u00f3 lo mismo con los 19 migrantes asesinados e incinerados en Santa Anita, municipio de Camargo, Tamaulipas.<\/p>\n<p>Como informamos en este espacio, la tarde del 22 de enero las autoridades localizaron los cad\u00e1veres y otros veh\u00edculos calcinados en una brecha.<\/p>\n<p>Se iniciaron las investigaciones y se identific\u00f3 a las v\u00edctimas: unas originarias de Guatemala y otras eran mexicanas.<\/p>\n<p>La Fiscal\u00eda de Tamaulipas inform\u00f3 que doce polic\u00edas estatales fueron detenidos como presuntos asesinos de los migrantes.<\/p>\n<p>En fin, el problema migratorio est\u00e1 presente con sus cifras de pobreza, violencia y muerte.<\/p>\n<p><a href=\"mailto:aco2742@hotmail.com\" target=\"_blank\" rel=\"noopener noreferrer\"><em>aco2742@hotmail.com<\/em><\/a><\/p>\n","protected":false},"excerpt":{"rendered":"<p><span style=\"color: #005497;\"><strong>Augusto Corro<\/strong><\/span><\/p>\n","protected":false},"author":3,"featured_media":0,"comment_status":"open","ping_status":"open","sticky":false,"template":"","format":"standard","meta":{"_monsterinsights_skip_tracking":false,"_monsterinsights_sitenote_active":false,"_monsterinsights_sitenote_note":"","_monsterinsights_sitenote_category":0,"footnotes":""},"categories":[157],"tags":[43686,43674,11515],"class_list":["post-496843","post","type-post","status-publish","format-standard","hentry","category-augusto-corro","tag-augusto-corro","tag-opinion","tag-punto-por-punto"],"_links":{"self":[{"href":"https:\/\/www.diarioimagen.net\/index.php?rest_route=\/wp\/v2\/posts\/496843","targetHints":{"allow":["GET"]}}],"collection":[{"href":"https:\/\/www.diarioimagen.net\/index.php?rest_route=\/wp\/v2\/posts"}],"about":[{"href":"https:\/\/www.diarioimagen.net\/index.php?rest_route=\/wp\/v2\/types\/post"}],"author":[{"embeddable":true,"href":"https:\/\/www.diarioimagen.net\/index.php?rest_route=\/wp\/v2\/users\/3"}],"replies":[{"embeddable":true,"href":"https:\/\/www.diarioimagen.net\/index.php?rest_route=%2Fwp%2Fv2%2Fcomments&post=496843"}],"version-history":[{"count":0,"href":"https:\/\/www.diarioimagen.net\/index.php?rest_route=\/wp\/v2\/posts\/496843\/revisions"}],"wp:attachment":[{"href":"https:\/\/www.diarioimagen.net\/index.php?rest_route=%2Fwp%2Fv2%2Fmedia&parent=496843"}],"wp:term":[{"taxonomy":"category","embeddable":true,"href":"https:\/\/www.diarioimagen.net\/index.php?rest_route=%2Fwp%2Fv2%2Fcategories&post=496843"},{"taxonomy":"post_tag","embeddable":true,"href":"https:\/\/www.diarioimagen.net\/index.php?rest_route=%2Fwp%2Fv2%2Ftags&post=496843"}],"curies":[{"name":"wp","href":"https:\/\/api.w.org\/{rel}","templated":true}]}}