{"id":496976,"date":"2021-02-18T00:02:08","date_gmt":"2021-02-18T06:02:08","guid":{"rendered":"https:\/\/www.diarioimagen.net\/?p=496976"},"modified":"2021-02-18T06:01:49","modified_gmt":"2021-02-18T12:01:49","slug":"presentan-en-tultepec-muestra-sonidos-y-ecos-del-pasado-un-siglo-de-la-radio-en-mexico","status":"publish","type":"post","link":"https:\/\/www.diarioimagen.net\/?p=496976","title":{"rendered":"Presentan en Tultepec muestra <em>Sonidos y ecos del pasado<\/em>, un siglo de la radio en M\u00e9xico"},"content":{"rendered":"<ul>\n<li><strong><em>Integrada por 25 aparatos<\/em> <\/strong><\/li>\n<\/ul>\n<p>&nbsp;<\/p>\n<div id=\"attachment_497028\" style=\"width: 470px\" class=\"wp-caption aligncenter\"><a href=\"https:\/\/www.diarioimagen.net\/?attachment_id=497028\" rel=\"attachment wp-att-497028\"><img loading=\"lazy\" decoding=\"async\" aria-describedby=\"caption-attachment-497028\" class=\"size-full wp-image-497028\" src=\"https:\/\/www.diarioimagen.net\/wp-content\/uploads\/2021\/02\/tultepec-2.jpg\" alt=\"\" width=\"460\" height=\"270\" \/><\/a><p id=\"caption-attachment-497028\" class=\"wp-caption-text\">La muestra permanecer\u00e1 abierta al p\u00fablico en general de manera gratuita hasta el 27 de febrero en la biblioteca Sor Juana In\u00e9s de la Cruz, de lunes a s\u00e1bado.<\/p><\/div>\n<p>&nbsp;<\/p>\n<p><strong>Tultepec, Estado de M\u00e9xico<\/strong>.- La muestra integrada por 25 aparatos, de los cuales varios a\u00fan funcionan, permanecer\u00e1 abierta al p\u00fablico en general de manera gratuita del 15 al 27 de febrero en la biblioteca Sor Juana In\u00e9s de la Cruz, de lunes a viernes de 9:00 a 18:00 horas y s\u00e1bados de 9:00 a 13:00 horas.<\/p>\n<p>En esta exposici\u00f3n se presentan piezas que forman parte de la colecci\u00f3n privada del ingeniero Roberto Flores Guti\u00e9rrez (1938-2010), quien a lo largo de 50 a\u00f1os resguard\u00f3 diversos dispositivos relacionados con las telecomunicaciones, conformando una de las colecciones privadas m\u00e1s grandes del pa\u00eds.<\/p>\n<p>Tras agradecer la disponibilidad de los familiares Roberto Flores y Benjam\u00edn Hern\u00e1ndez Flores para presentar esta exposici\u00f3n, el presidente municipal inform\u00f3 que los interesados en visitar esta muestra tecnol\u00f3gica de la\u00a0<em>Historia de la Radio en M\u00e9xico<\/em>, deber\u00e1n registrarse previamente al 55 5892 4163, para que, cumpliendo todos los protocolos de sanidad los asistentes reciban una visita guiada en grupos de un m\u00e1ximo de 5 personas a la vez.<\/p>\n<p>Luego de la inauguraci\u00f3n, Roberto Flores y Benjam\u00edn Hern\u00e1ndez, explicaron a las autoridades durante un recorrido que \u201cfue a finales del siglo XIX cuando se dise\u00f1aron los primeros aparatos para reproducir sonido, aunque con poca calidad como se ilustra con la Celestina Musical, del a\u00f1o 1870, que es la pieza m\u00e1s antigua de la muestra, y consist\u00eda en la reproducci\u00f3n de rollos de papel perforado\u201d.<\/p>\n<p>En la exposici\u00f3n tambi\u00e9n se incluye el fon\u00f3grafo inventado en 1877 por Thomas Alva Edison, el cual fue el primer dispositivo m\u00e1s com\u00fan en grabar y reproducir sonidos, el cual consist\u00eda en la reproducci\u00f3n de fonogramas cil\u00edndricos de cera, lo mismo que la Amberola MCA Edison de 1903. La Gramola (electrola) de 1928, que reproduce discos a 78 revoluciones por minuto.<\/p>\n<p>De igual forma se pueden apreciar los gram\u00f3fonos, de V\u00edctor Talking Machine Azul, de 1903, el V\u00edctor Talking Machine Flor de Tulip\u00e1n, de 1904 y el V\u00edctor Talking Machine Gris, de 1905; los cuales reproduc\u00edan discos de acetato a 78 revoluciones por minuto. La grabadora de alambre Webster. Chicago Bulbos de 1945, que reproduce carretes de alambre, algunos de los cuales a\u00fan funcionan y de ello se dio una muestra en el recorrido.<\/p>\n<p>En la muestra se puede apreciar tambi\u00e9n una grabadora de bobina, Huaher alemana de 1960, que reproduce una cinta magn\u00e9tica, as\u00ed como un receptor de varias bandas de bulbos Trans Oceanic de 1950, un radio receptor de mesa, Chicago R\u00e9plica de 1927, un radio de mesa con selecci\u00f3n de funciones a trav\u00e9s de teclas de varias bandas AM y FM, marca Phillips de 1955, entre otras.<\/p>\n<p>A lo largo de la exhibici\u00f3n se da cuenta del adelanto tecnol\u00f3gico de cada \u00e9poca para desarrollar reproductores de audio y de radio, as\u00ed como del perfeccionamiento y de las modificaciones que se realizaban a los prototipos que tambi\u00e9n iban en funci\u00f3n de abaratar costos para su comercializaci\u00f3n.<\/p>\n<p>Esta exposici\u00f3n busca acercar a los visitantes al conocimiento de la evoluci\u00f3n tecnol\u00f3gica de los reproductores de sonido y espec\u00edficamente de la radio en M\u00e9xico, as\u00ed como del impacto que tiene la tecnolog\u00eda en nuestras vidas, donde es indiscutible que gracias a diversas mentes brillantes han dejado huella en la historia.<\/p>\n","protected":false},"excerpt":{"rendered":"<p>La muestra integrada por 25 aparatos, de los cuales varios a\u00fan funcionan, permanecer\u00e1 abierta al p\u00fablico en general de manera gratuita del 15 al 27 de febrero en la biblioteca Sor Juana In\u00e9s de la Cruz, de lunes a viernes de 9:00 a 18:00 horas y s\u00e1bados de 9:00 a 13:00 horas.\u00a0<\/p>\n","protected":false},"author":3,"featured_media":497028,"comment_status":"open","ping_status":"open","sticky":false,"template":"","format":"standard","meta":{"_monsterinsights_skip_tracking":false,"_monsterinsights_sitenote_active":false,"_monsterinsights_sitenote_note":"","_monsterinsights_sitenote_category":0,"footnotes":""},"categories":[5],"tags":[43675,72795,91373,3802],"class_list":["post-496976","post","type-post","status-publish","format-standard","has-post-thumbnail","hentry","category-estado-de-mexico","tag-estado-de-mexico","tag-muestra","tag-radio","tag-tultepec"],"_links":{"self":[{"href":"https:\/\/www.diarioimagen.net\/index.php?rest_route=\/wp\/v2\/posts\/496976","targetHints":{"allow":["GET"]}}],"collection":[{"href":"https:\/\/www.diarioimagen.net\/index.php?rest_route=\/wp\/v2\/posts"}],"about":[{"href":"https:\/\/www.diarioimagen.net\/index.php?rest_route=\/wp\/v2\/types\/post"}],"author":[{"embeddable":true,"href":"https:\/\/www.diarioimagen.net\/index.php?rest_route=\/wp\/v2\/users\/3"}],"replies":[{"embeddable":true,"href":"https:\/\/www.diarioimagen.net\/index.php?rest_route=%2Fwp%2Fv2%2Fcomments&post=496976"}],"version-history":[{"count":0,"href":"https:\/\/www.diarioimagen.net\/index.php?rest_route=\/wp\/v2\/posts\/496976\/revisions"}],"wp:featuredmedia":[{"embeddable":true,"href":"https:\/\/www.diarioimagen.net\/index.php?rest_route=\/wp\/v2\/media\/497028"}],"wp:attachment":[{"href":"https:\/\/www.diarioimagen.net\/index.php?rest_route=%2Fwp%2Fv2%2Fmedia&parent=496976"}],"wp:term":[{"taxonomy":"category","embeddable":true,"href":"https:\/\/www.diarioimagen.net\/index.php?rest_route=%2Fwp%2Fv2%2Fcategories&post=496976"},{"taxonomy":"post_tag","embeddable":true,"href":"https:\/\/www.diarioimagen.net\/index.php?rest_route=%2Fwp%2Fv2%2Ftags&post=496976"}],"curies":[{"name":"wp","href":"https:\/\/api.w.org\/{rel}","templated":true}]}}