{"id":496985,"date":"2021-02-18T00:07:38","date_gmt":"2021-02-18T06:07:38","guid":{"rendered":"https:\/\/www.diarioimagen.net\/?p=496985"},"modified":"2021-02-18T22:34:33","modified_gmt":"2021-02-19T04:34:33","slug":"avanza-edomex-en-aplicacion-de-vacuna-contra-covid-19-a-los-adultos-mayores-y-personal-del-sector-salud-alfredo-del-mazo","status":"publish","type":"post","link":"https:\/\/www.diarioimagen.net\/?p=496985","title":{"rendered":"Avanza Edomex en aplicaci\u00f3n de vacuna contra Covid-19 a los adultos mayores y personal del sector salud: Alfredo Del Mazo"},"content":{"rendered":"<p>&nbsp;<\/p>\n<div id=\"attachment_497036\" style=\"width: 470px\" class=\"wp-caption aligncenter\"><a href=\"https:\/\/www.diarioimagen.net\/?attachment_id=497036\" rel=\"attachment wp-att-497036\"><img loading=\"lazy\" decoding=\"async\" aria-describedby=\"caption-attachment-497036\" class=\"size-full wp-image-497036\" src=\"https:\/\/www.diarioimagen.net\/wp-content\/uploads\/2021\/02\/DelMazo-2.jpg\" alt=\"\" width=\"460\" height=\"270\" \/><\/a><p id=\"caption-attachment-497036\" class=\"wp-caption-text\">El gobernador del Estado de M\u00e9xico, Alfredo Del Mazo, puntualiz\u00f3 que, de las 102 mil dosis que la entidad recibi\u00f3 de este f\u00e1rmaco, hasta el momento han aplicado 22 mil 657.<\/p><\/div>\n<p>&nbsp;<\/p>\n<p><strong>Chiconcuac, Estado de M\u00e9xico<\/strong>.-\u00a0El gobernador mexiquense Alfredo Del Mazo Maza subray\u00f3 que en el Edomex contin\u00faa con \u00e9xito la vacunaci\u00f3n en los sectores m\u00e1s vulnerables de la poblaci\u00f3n, como son los adultos mayores de 60 a\u00f1os, a quienes se han aplicado dosis de la vacuna contra la Covid-19, desde el pasado lunes.<\/p>\n<p>En un mensaje que dirigi\u00f3 a trav\u00e9s de sus redes sociales, el mandatario estatal puntualiz\u00f3 que, de las 102 mil dosis que la entidad recibi\u00f3 de este f\u00e1rmaco, hasta el momento han aplicado 22 mil 657, priorizando tambi\u00e9n a los trabajadores del sector salud, que se encuentran en la primera l\u00ednea de batalla contra la pandemia.<\/p>\n<p>\u201cEn el Estado de M\u00e9xico vamos avanzando en la vacunaci\u00f3n contra la Covid; empezamos con la primera l\u00ednea de atenci\u00f3n, todo el personal del sector salud y logramos ya m\u00e1s de 64 mil m\u00e9dicos, enfermeras, personal que trabaja en el sector salud, siendo vacunados.<\/p>\n<p>\u201cYa empezamos, a partir de este lunes, a vacunar tambi\u00e9n a los adultos mayores de 60 a\u00f1os, el primer cargamento que lleg\u00f3 fueron 102 mil dosis, de las cuales, se han aplicado ya 22 mil 657\u201d, especific\u00f3.<\/p>\n<p>Del Mazo Maza reconoci\u00f3 la dedicaci\u00f3n y el trabajo de quienes participan en esta campa\u00f1a de vacunaci\u00f3n, en especial a las 400 vacunadoras que laboran en 48 centros de vacunaci\u00f3n instalados en territorio mexiquense.<\/p>\n<p>\u201cQuiero agradecer mucho al personal del sector salud que nos est\u00e1 ayudando en este proceso; hay m\u00e1s de 400 vacunadoras en el Estado de M\u00e9xico, que forman parte del sector salud, y que nos est\u00e1n ayudando en 48 centros de vacunaci\u00f3n a poder atender a quienes se est\u00e1 aplicando ya esta vacuna\u201d, extern\u00f3.<\/p>\n<p>El gobernador invit\u00f3 a la sociedad a no bajar la guardia y mantener los cuidados para evitar esta enfermedad, sobre todo en personas de la tercera edad, pues apunt\u00f3 que la inmunidad que otorga la vacuna contra la Covid-19 se presenta hasta pasado un tiempo.<\/p>\n<p>Tambi\u00e9n dijo que su administraci\u00f3n continuar\u00e1 informando sobre el avance de la llegada de m\u00e1s vacunas, as\u00ed como el desarrollo de su aplicaci\u00f3n.<\/p>\n","protected":false},"excerpt":{"rendered":"<p>\u00a0El gobernador mexiquense Alfredo Del Mazo Maza subray\u00f3 que en el Edomex contin\u00faa con \u00e9xito la vacunaci\u00f3n en los sectores m\u00e1s vulnerables de la poblaci\u00f3n, como son los adultos mayores de 60 a\u00f1os, a quienes se han aplicado dosis de la vacuna contra la Covid-19, desde el pasado lunes.<\/p>\n","protected":false},"author":3,"featured_media":497036,"comment_status":"open","ping_status":"open","sticky":false,"template":"","format":"standard","meta":{"_monsterinsights_skip_tracking":false,"_monsterinsights_sitenote_active":false,"_monsterinsights_sitenote_note":"","_monsterinsights_sitenote_category":0,"footnotes":""},"categories":[5],"tags":[2505,43675],"class_list":["post-496985","post","type-post","status-publish","format-standard","has-post-thumbnail","hentry","category-estado-de-mexico","tag-alfredo-del-mazo-maza","tag-estado-de-mexico"],"_links":{"self":[{"href":"https:\/\/www.diarioimagen.net\/index.php?rest_route=\/wp\/v2\/posts\/496985","targetHints":{"allow":["GET"]}}],"collection":[{"href":"https:\/\/www.diarioimagen.net\/index.php?rest_route=\/wp\/v2\/posts"}],"about":[{"href":"https:\/\/www.diarioimagen.net\/index.php?rest_route=\/wp\/v2\/types\/post"}],"author":[{"embeddable":true,"href":"https:\/\/www.diarioimagen.net\/index.php?rest_route=\/wp\/v2\/users\/3"}],"replies":[{"embeddable":true,"href":"https:\/\/www.diarioimagen.net\/index.php?rest_route=%2Fwp%2Fv2%2Fcomments&post=496985"}],"version-history":[{"count":0,"href":"https:\/\/www.diarioimagen.net\/index.php?rest_route=\/wp\/v2\/posts\/496985\/revisions"}],"wp:featuredmedia":[{"embeddable":true,"href":"https:\/\/www.diarioimagen.net\/index.php?rest_route=\/wp\/v2\/media\/497036"}],"wp:attachment":[{"href":"https:\/\/www.diarioimagen.net\/index.php?rest_route=%2Fwp%2Fv2%2Fmedia&parent=496985"}],"wp:term":[{"taxonomy":"category","embeddable":true,"href":"https:\/\/www.diarioimagen.net\/index.php?rest_route=%2Fwp%2Fv2%2Fcategories&post=496985"},{"taxonomy":"post_tag","embeddable":true,"href":"https:\/\/www.diarioimagen.net\/index.php?rest_route=%2Fwp%2Fv2%2Ftags&post=496985"}],"curies":[{"name":"wp","href":"https:\/\/api.w.org\/{rel}","templated":true}]}}