{"id":496988,"date":"2021-02-18T00:05:20","date_gmt":"2021-02-18T06:05:20","guid":{"rendered":"https:\/\/www.diarioimagen.net\/?p=496988"},"modified":"2021-02-18T06:11:10","modified_gmt":"2021-02-18T12:11:10","slug":"refrenda-comecyt-su-compromiso-en-beneficio-de-inventores-mexiquenses","status":"publish","type":"post","link":"https:\/\/www.diarioimagen.net\/?p=496988","title":{"rendered":"Refrenda Comecyt su compromiso en beneficio de inventores mexiquenses"},"content":{"rendered":"<p>&nbsp;<\/p>\n<h3 style=\"text-align: center;\">Celebran D\u00eda del Inventor Mexicano<\/h3>\n<p><em>\u00a0<\/em><\/p>\n<ul>\n<li><strong><em>Fomenta Consejo Mexiquense de Ciencia y Tecnolog\u00eda la protecci\u00f3n de la propiedad industrial en el Estado de M\u00e9xico<\/em><\/strong><\/li>\n<li><strong><em>Ocupa entidad tercer lugar a nivel nacional en el n\u00famero de Solicitudes de Invenciones<\/em><\/strong><\/li>\n<\/ul>\n<p>&nbsp;<\/p>\n<div id=\"attachment_497039\" style=\"width: 470px\" class=\"wp-caption aligncenter\"><a href=\"https:\/\/www.diarioimagen.net\/?attachment_id=497039\" rel=\"attachment wp-att-497039\"><img loading=\"lazy\" decoding=\"async\" aria-describedby=\"caption-attachment-497039\" class=\"size-full wp-image-497039\" src=\"https:\/\/www.diarioimagen.net\/wp-content\/uploads\/2021\/02\/Edomex.jpg\" alt=\"\" width=\"460\" height=\"270\" \/><\/a><p id=\"caption-attachment-497039\" class=\"wp-caption-text\">En conmemoraci\u00f3n de este d\u00eda, se organiz\u00f3 la Conferencia \u201cD\u00eda del Inventor Mexicano\u201d a cargo de los doctores No\u00e9 Vel\u00e1zquez L\u00f3pez y Armando Reyes Amador.<\/p><\/div>\n<p>&nbsp;<\/p>\n<p><strong>Toluca, Estado de M\u00e9xico.-<\/strong>\u00a0El Gobierno del Estado de M\u00e9xico, a trav\u00e9s del Consejo Mexiquense de Ciencia y Tecnolog\u00eda (Comecyt), conmemora el D\u00eda del Inventor Mexicano y reconoce la labor de los inventores mexiquenses cuyas contribuciones han impulsado el desarrollo y la innovaci\u00f3n del Estado de M\u00e9xico, promoviendo programas enfocados en la propiedad industrial que impulsen la competitividad de la entidad.<\/p>\n<p>\u201cDesde hace casi 30 a\u00f1os, el 17 de febrero se celebra el D\u00eda del Inventor Mexicano, en conmemoraci\u00f3n del natalicio de Guillermo Gonz\u00e1lez Camarena. Atendiendo al compromiso del gobernador Alfredo Del Mazo con la innovaci\u00f3n, en el Comecyt hemos asumido un papel promotor de la cultura de salvaguarda de la propiedad industrial, lo cual ha permitido posicionarnos dentro de los tres primeros lugares a nivel nacional por el n\u00famero de Solicitudes de Invenciones, de acuerdo con datos del Instituto Mexicano de la Propiedad Industrial (IMPI)\u201d, coment\u00f3 Bernardo Almaraz Calder\u00f3n, Director General del Comecyt.<\/p>\n<p>Destac\u00f3 que, durante la actual administraci\u00f3n estatal, este Consejo ha brindado desde 2017, 847 asesor\u00edas a inventores independientes, investigadores, empresarios, estudiantes y p\u00fablico en general que necesitan orientaci\u00f3n sobre el procedimiento y requisitos de solicitudes en materia de propiedad industrial.<\/p>\n<p>Asimismo, indic\u00f3 que se han impartido 139 cursos sobre el mismo tema con la participaci\u00f3n de 2 mil 140 asistentes.<\/p>\n<p>Refiri\u00f3 que este 2021 m\u00e1s inventores independientes, investigadores, empresarios y estudiantes, con especial \u00e9nfasis en las mujeres mexiquenses, ser\u00e1n beneficiados a trav\u00e9s de los diferentes programas de apoyo, tales como Asesor\u00eda y capacitaci\u00f3n en materia de propiedad industrial y Fomento a la protecci\u00f3n de la propiedad industrial, as\u00ed como los programas de formaci\u00f3n de recursos humanos.<\/p>\n<p>En conmemoraci\u00f3n de este d\u00eda, se organiz\u00f3 la Conferencia \u201cD\u00eda del Inventor Mexicano\u201d a cargo de los doctores No\u00e9 Vel\u00e1zquez L\u00f3pez y Armando Reyes Amador.<\/p>\n<p>Para m\u00e1s informaci\u00f3n acerca de los programas del Comecyt, los interesados pueden visitar el sitio web\u00a0<em>comecyt.edomex.gob.mx.<\/em><\/p>\n","protected":false},"excerpt":{"rendered":"<p>El Gobierno del Estado de M\u00e9xico, a trav\u00e9s del Consejo Mexiquense de Ciencia y Tecnolog\u00eda (Comecyt), conmemora el D\u00eda del Inventor Mexicano y reconoce la labor de los inventores mexiquenses cuyas contribuciones han impulsado el desarrollo y la innovaci\u00f3n del Estado de M\u00e9xico, promoviendo programas enfocados en la propiedad industrial que impulsen la competitividad de la entidad.<\/p>\n","protected":false},"author":3,"featured_media":497039,"comment_status":"open","ping_status":"open","sticky":false,"template":"","format":"standard","meta":{"_monsterinsights_skip_tracking":false,"_monsterinsights_sitenote_active":false,"_monsterinsights_sitenote_note":"","_monsterinsights_sitenote_category":0,"footnotes":""},"categories":[5],"tags":[43675,6609,452],"class_list":["post-496988","post","type-post","status-publish","format-standard","has-post-thumbnail","hentry","category-estado-de-mexico","tag-estado-de-mexico","tag-mexiquenses","tag-toluca"],"_links":{"self":[{"href":"https:\/\/www.diarioimagen.net\/index.php?rest_route=\/wp\/v2\/posts\/496988","targetHints":{"allow":["GET"]}}],"collection":[{"href":"https:\/\/www.diarioimagen.net\/index.php?rest_route=\/wp\/v2\/posts"}],"about":[{"href":"https:\/\/www.diarioimagen.net\/index.php?rest_route=\/wp\/v2\/types\/post"}],"author":[{"embeddable":true,"href":"https:\/\/www.diarioimagen.net\/index.php?rest_route=\/wp\/v2\/users\/3"}],"replies":[{"embeddable":true,"href":"https:\/\/www.diarioimagen.net\/index.php?rest_route=%2Fwp%2Fv2%2Fcomments&post=496988"}],"version-history":[{"count":0,"href":"https:\/\/www.diarioimagen.net\/index.php?rest_route=\/wp\/v2\/posts\/496988\/revisions"}],"wp:featuredmedia":[{"embeddable":true,"href":"https:\/\/www.diarioimagen.net\/index.php?rest_route=\/wp\/v2\/media\/497039"}],"wp:attachment":[{"href":"https:\/\/www.diarioimagen.net\/index.php?rest_route=%2Fwp%2Fv2%2Fmedia&parent=496988"}],"wp:term":[{"taxonomy":"category","embeddable":true,"href":"https:\/\/www.diarioimagen.net\/index.php?rest_route=%2Fwp%2Fv2%2Fcategories&post=496988"},{"taxonomy":"post_tag","embeddable":true,"href":"https:\/\/www.diarioimagen.net\/index.php?rest_route=%2Fwp%2Fv2%2Ftags&post=496988"}],"curies":[{"name":"wp","href":"https:\/\/api.w.org\/{rel}","templated":true}]}}