{"id":497067,"date":"2021-02-18T00:08:54","date_gmt":"2021-02-18T06:08:54","guid":{"rendered":"https:\/\/www.diarioimagen.net\/?p=497067"},"modified":"2021-02-18T07:05:26","modified_gmt":"2021-02-18T13:05:26","slug":"alto-al-secuestro-pone-en-duda-cifras-oficiales-sobre-ese-delito","status":"publish","type":"post","link":"https:\/\/www.diarioimagen.net\/?p=497067","title":{"rendered":"Alto al Secuestro pone en duda cifras oficiales sobre ese delito"},"content":{"rendered":"<h2>Clase Pol\u00edtica<\/h2>\n<h5>Miguel \u00c1ngel Rivera<\/h5>\n<p>&nbsp;<\/p>\n<p>M\u00e1s de la mitad de las v\u00edctimas que sufrieron un secuestro en enero 2021 no est\u00e1n siendo contabilizadas en las cifras oficiales, revel\u00f3 la organizaci\u00f3n Alto al Secuestro.<\/p>\n<p>El reporte peri\u00f3dico de la organizaci\u00f3n presidida por Isabel Miranda de Wallace llega y lleva a una obvia conclusi\u00f3n: \u201cno contamos con informaci\u00f3n oficial precisa y confiable, respecto al delito de secuestro\u201d.<\/p>\n<p>Tambi\u00e9n cabe destacar que la forma para llegar a la conclusi\u00f3n de que las cifras oficiales no son confiables ni precisas fue la revisi\u00f3n de lo que aparece en los medios de comunicaci\u00f3n, en los cuales aparece un mayor n\u00famero de v\u00edctimas que los reportados por Fiscal\u00edas o Procuradur\u00edas de los Estados.<\/p>\n<p>La proporci\u00f3n de los datos que no aparecen en los informes oficiales y los que fueron publicados en los medios de comunicaci\u00f3n no es menor. De acuerdo con Alto al Secuestro se llega a un 57.7 por ciento de afectados que no est\u00e1n considerados como v\u00edctimas de secuestro en los recuentos de las autoridades.<\/p>\n<p>\u201cEs alarmante, ya que no contamos con una cifra real para implementar estrategias y tomar decisiones de pol\u00edtica p\u00fablica para erradicar este delito que tanto da\u00f1a a la sociedad, dice un comunicado de la citada organizaci\u00f3n, la cual a\u00f1ade:<\/p>\n<p>\u201cPor otro lado, recordemos que la especializaci\u00f3n de las Unidades Antisecuestro ha sido clave para combatir a este delito, y el acabar con ella, asignando la investigaci\u00f3n de otros delitos como extorsi\u00f3n, homicidios e incluso narcomenudeo, podr\u00eda mermar la actividad para la que fueron creadas.<\/p>\n<p>\u201cPor ello, hacemos un respetuoso llamado al se\u00f1or presidente Andr\u00e9s Manuel L\u00f3pez Obrador a reconsiderar el proyecto de decreto que convierte a la Conase en una Coordinaci\u00f3n Nacional Antisecuestro y Delitos de Alto Impacto, para asignarle la investigaci\u00f3n de delitos de extorsi\u00f3n y trata de personas, rompiendo con ello la especializaci\u00f3n en el delito de secuestro, en el que se ha logrado el objetivo de coordinar esfuerzos de las autoridades estatales y federales.<\/p>\n<p>Los anteriores comentarios tienen como complemento las cifras recopiladas por los investigadores especializados:<\/p>\n<p>Incremento de 7.5% en las carpetas de investigaci\u00f3n iniciadas por el delito de secuestro. En el mes de enero de 2021 hubo 85 carpetas, en comparaci\u00f3n con las 79 del pasado mes de diciembre de 2020.<\/p>\n<p>Incremento de 32.2 por ciento en el n\u00famero de v\u00edctimas que sufrieron este delito, ya que durante enero 2021 hubo 123 v\u00edctimas mientras que en diciembre 2020 fueron 93.<\/p>\n<p>Disminuci\u00f3n del 1 por ciento en el n\u00famero de detenidos relacionados al delito de secuestro, ya que en enero de 2012 fueron detenidas 98 personas por este delito mientras que en diciembre de 2020 fueron detenidos 99 presuntos responsables.<\/p>\n<p><strong>Estados con mayor incidencia en diciembre 2020:<\/strong><\/p>\n<p>1. M\u00e9xico y Veracruz (12); 2. Guanajuato (7); 3. Ciudad de M\u00e9xico (6).<\/p>\n<p><strong>Tasa por cada 100 mil habitantes en diciembre 2020:<\/strong><\/p>\n<p>1. Quintana Roo; 2. Zacatecas; 3.Morelos; 4. Aguascalientes y 5.Veracruz<\/p>\n<p>Estados que reportaron cero secuestros: Colima, Durango, Guerrero, Hidalgo, Nayarit, Quer\u00e9taro y Yucat\u00e1n.<\/p>\n<p>Otra novedad en el m\u00e1s reciente reporte es la protesta de Alto al Secuestro en contra de un funcionario de la Judicatura, que el cual reproduzco textual:<\/p>\n<p style=\"text-align: center;\"><strong>\u201cEvitemos la corrupci\u00f3n en el Poder Judicial Federal\u201d<\/strong><\/p>\n<p>\u201cFinalmente, recordemos que en el mes de julio de 2020 presentamos una denuncia contra un funcionario del Instituto de la Defensor\u00eda P\u00fablica, el se\u00f1or Salvador Leyva Morelos Zaragoza, Secretario T\u00e9cnico de Combate a la Tortura, Tratos Crueles e Inhumanos; pese a presentar evidencias de c\u00f3mo ha confabulado desde dicha instituci\u00f3n para dejar en libertad a delincuentes e incluso informamos de una denuncia por nepotismo, por haber despedido a una trabajadora para llevar a trabajar a su novio como su subdirector de \u00e1rea, no se han llevado a cabo acciones de investigaci\u00f3n en su contra.<\/p>\n<p>\u201cConfiamos en la palabra del ministro presidente (de la Suprema Corte, Arturo Zald\u00edvar Lelo de Larrea), respecto a que no tolerar\u00e1 la corrupci\u00f3n ni el nepotismo, y esperamos que las acciones indebidas del funcionario no queden impunes\u201d.<\/p>\n<p style=\"text-align: center;\"><strong>G\u00e1ndara propone que la contienda electoral sea \u201cde altura\u201d<\/strong><\/p>\n<p>Aunque la mayor parte de las encuestas todav\u00eda conceden ventaja al candidato de Morena a gobernador de Sonora, el ex secretario de Seguridad Ciudadana, Alfonso Durazo Monta\u00f1o, tambi\u00e9n es cierto que una parte de esos sondeos indican que el abanderado de la alianza opositora denominada \u201cVa por Sonora\u201d (PRI-PAN-PRD), Ernesto G\u00e1ndara Camou, avanza en las preferencias de los electores y por ello se prev\u00e9 que la contienda electoral en esa entidad fronteriza ser\u00e1 muy re\u00f1ida.<\/p>\n<p>En abono de lo anterior, est\u00e1 un sondeo realizado en enero reciente, que aparece en el portal especializado <strong><em>Encuesta de Encuestas <\/em><\/strong>que dibuja un \u201cempate t\u00e9cnico\u201d, pues a la alianza \u201cVa por Sonora\u201d, le concede 41.5 por ciento de la intenci\u00f3n del voto, mientras que Morena y su aliados PT y PVEM (Juntos Haremos Historia) suman 40 por ciento cerrado.<\/p>\n<p>Por cierto, el desglose de los porcentajes deber\u00eda obligar a los dirigentes de los partidos minoritarios, PRD por un lado, y PT y PVEM por el otro, acerca de su futuro, pues de confirmarse las previsiones, est\u00e1n en v\u00edas de perder su registro, al menos en ese estado norte\u00f1o.<\/p>\n<p>Esto porque, individualmente Morena ocupa el primer sitio con un 38.9 por ciento, cantidad a la que el PT aportar\u00eda apenas un 1 (uno) por ciento y el PVEM s\u00f3lo una d\u00e9cima (0.1 por ciento), para completar el 40 por ciento.<\/p>\n<p>Por el otro lado, el PRI (que actualmente tiene el gobierno estatal) suma 34.1 por ciento, pero el PAN aportar\u00eda un 7.4 adicional y el PRD apenas medio punto (0.5 por ciento), con lo cual entre los tres alcanzar\u00edan 41.5 por ciento.<\/p>\n<p>El tercer candidato en discordia, el empresario Ricardo Bours Castelo, hermano del ex gobernador Eduardo de los mismos apellidos, quien fue postulado por el PRI, suma un 5.5 por ciento de intenci\u00f3n del voto para aportar al partido que lo postul\u00f3, Movimiento Ciudadano (MC), cuya dirigencia opt\u00f3 por no integrarse a ninguna coalici\u00f3n.<\/p>\n<p>Ante lo que parece intensa competencia y ante el riesgo de que alguno de los bandos recurra a la \u201cguerra sucia\u201d, al registrarse oficialmente como candidato a gobernador por la Alianza \u201cVa Por Sonora\u201d, Ernesto G\u00e1ndara, apodado el \u201cBorrego\u201d, propuso realizar una contienda electoral de altura, con respeto y pensando siempre en la unidad y el beneficio de la ciudadan\u00eda.\u2028\u201cLo que quieren y merecen los ciudadanos son campa\u00f1as limpias, competitivas, de piso parejo, con mucha transparencia y sobre todo que no caigamos en campa\u00f1as negras y descalificaciones personales\u201d, asegur\u00f3 el aspirante a la gubernatura.\u2028 El abanderado de \u201cVa por Sonora\u201d\u00a0asisti\u00f3 junto a su esposa, Pily Madrid, y sus hijas, Daniela, Raquel y Fernanda, a registrar su candidatura ante el Instituto Estatal Electoral y de Participaci\u00f3n Ciudadana de Sonora (IEEyPC).\u2028\u00a0Adem\u00e1s, estuvo acompa\u00f1ado del dirigente de la agrupaci\u00f3n pol\u00edtica Visi\u00f3n y Orden Sonora (VOS), Francisco Garc\u00eda G\u00e1mez; de los presidentes de los partidos Revolucionario Institucional (PRI) en Sonora, Ernesto de Lucas Hopkins; de Acci\u00f3n Nacional (PAN), Ernesto Munro; y de la Revoluci\u00f3n Democr\u00e1tica (PRD), Joel Francisco Ram\u00edrez.<\/p>\n<p style=\"text-align: center;\"><strong>Al presidente L\u00f3pez Obrador no le gustan las comparaciones<\/strong><\/p>\n<p>\u201cEs hasta ofensivo que nos comparen\u201d a otros gobiernos, respondi\u00f3 el presidente Andr\u00e9s Manuel L\u00f3pez al negar rotundamente que se utilice la aplicaci\u00f3n de vacunas anti-Covid a los mayores de 60 a\u00f1os para beneficiarse en las elecciones intermedias del pr\u00f3ximo junio.<\/p>\n<p>\u201cNo somos iguales a los anteriores, porque realmente es hasta ofensivo que nos comparen. Nosotros venimos de una lucha democr\u00e1tica en donde nos opusimos siempre -y por convicci\u00f3n nos vamos a seguir oponiendo- a la manipulaci\u00f3n, al uso de los programas sociales de las acciones de gobierno con prop\u00f3sitos electorales. No somos iguales\u201d, expres\u00f3 durante su conferencia matutina.<\/p>\n<p>Lamentablemente, hay que recordarle al primer mandatario que \u00e9l fue quien empez\u00f3 con las comparaciones, al culpar a los anteriores gobiernos de todos los males del pa\u00eds.<\/p>\n<p>Y no s\u00f3lo se trata de comparaciones dentro del pa\u00eds, en sus gustados mensajes a la naci\u00f3n ha repetido, por ejemplo, que \u201ctenemos el mejor gobierno del mundo\u201d y, si no, por lo menos es el segundo mejor, para lo cual cit\u00f3 una encuesta de la empresa Morning Consult.<\/p>\n<p><a href=\"mailto:riparcangel@hotmail.com\" target=\"_blank\" rel=\"noopener noreferrer\"><em>riparcangel@hotmail.com<\/em><\/a><\/p>\n","protected":false},"excerpt":{"rendered":"<p><span style=\"color: #005497;\"><strong>Miguel \u00c1ngel Rivera<\/strong><\/span><\/p>\n","protected":false},"author":3,"featured_media":0,"comment_status":"open","ping_status":"open","sticky":false,"template":"","format":"standard","meta":{"_monsterinsights_skip_tracking":false,"_monsterinsights_sitenote_active":false,"_monsterinsights_sitenote_note":"","_monsterinsights_sitenote_category":0,"footnotes":""},"categories":[84119],"tags":[84120,84121,43674],"class_list":["post-497067","post","type-post","status-publish","format-standard","hentry","category-miguel-angel-rivera","tag-clase-politica","tag-miguel-angel-rivera","tag-opinion"],"_links":{"self":[{"href":"https:\/\/www.diarioimagen.net\/index.php?rest_route=\/wp\/v2\/posts\/497067","targetHints":{"allow":["GET"]}}],"collection":[{"href":"https:\/\/www.diarioimagen.net\/index.php?rest_route=\/wp\/v2\/posts"}],"about":[{"href":"https:\/\/www.diarioimagen.net\/index.php?rest_route=\/wp\/v2\/types\/post"}],"author":[{"embeddable":true,"href":"https:\/\/www.diarioimagen.net\/index.php?rest_route=\/wp\/v2\/users\/3"}],"replies":[{"embeddable":true,"href":"https:\/\/www.diarioimagen.net\/index.php?rest_route=%2Fwp%2Fv2%2Fcomments&post=497067"}],"version-history":[{"count":0,"href":"https:\/\/www.diarioimagen.net\/index.php?rest_route=\/wp\/v2\/posts\/497067\/revisions"}],"wp:attachment":[{"href":"https:\/\/www.diarioimagen.net\/index.php?rest_route=%2Fwp%2Fv2%2Fmedia&parent=497067"}],"wp:term":[{"taxonomy":"category","embeddable":true,"href":"https:\/\/www.diarioimagen.net\/index.php?rest_route=%2Fwp%2Fv2%2Fcategories&post=497067"},{"taxonomy":"post_tag","embeddable":true,"href":"https:\/\/www.diarioimagen.net\/index.php?rest_route=%2Fwp%2Fv2%2Ftags&post=497067"}],"curies":[{"name":"wp","href":"https:\/\/api.w.org\/{rel}","templated":true}]}}