{"id":497083,"date":"2021-02-19T00:01:46","date_gmt":"2021-02-19T06:01:46","guid":{"rendered":"https:\/\/www.diarioimagen.net\/?p=497083"},"modified":"2021-02-21T22:04:34","modified_gmt":"2021-02-22T04:04:34","slug":"la-40-edicion-de-la-vitrina-turistica-de-anato-presencial-del-28-al-30-de-abril-en-bogota-colombia","status":"publish","type":"post","link":"https:\/\/www.diarioimagen.net\/?p=497083","title":{"rendered":"La 40 edici\u00f3n de la Vitrina Tur\u00edstica de Anato \u2014presencial\u2014, del 28 al 30 de abril en Bogot\u00e1, Colombia"},"content":{"rendered":"<h2>De cinco estrellas<\/h2>\n<h5>Victoria Gonz\u00e1lez Prado<\/h5>\n<p>&nbsp;<\/p>\n<ul>\n<li><em><strong>IHG Hotels &amp; Resorts anunci\u00f3 el calendario de simposios virtuales de desarrollo hotelero para este 2021 <\/strong><strong>\u00a0<\/strong><\/em><\/li>\n<li><strong><em>La Feria Internacional de Turismo en Madrid, Espa\u00f1a, -presencial- ser\u00e1 \u201cEspecial Recuperaci\u00f3n Turismo\u201d, del\u00a019 al 23 de mayo\u00a0<\/em> <\/strong><\/li>\n<\/ul>\n<p>&nbsp;<\/p>\n<div id=\"attachment_497205\" style=\"width: 470px\" class=\"wp-caption aligncenter\"><a href=\"https:\/\/www.diarioimagen.net\/?attachment_id=497205\" rel=\"attachment wp-att-497205\"><img loading=\"lazy\" decoding=\"async\" aria-describedby=\"caption-attachment-497205\" class=\"size-full wp-image-497205\" src=\"https:\/\/www.diarioimagen.net\/wp-content\/uploads\/2021\/02\/turismo-8.jpg\" alt=\"\" width=\"460\" height=\"270\" \/><\/a><p id=\"caption-attachment-497205\" class=\"wp-caption-text\">Paula Cort\u00e9s Calle.<\/p><\/div>\n<p>&nbsp;<\/p>\n<p>La edici\u00f3n n\u00famero 40 de la Vitrina Tur\u00edstica organizada por la Asociaci\u00f3n Colombiana de Agencias de Viajes y Turismo (Anato), se llevar\u00e1 a cabo del 28 al 30 de abril pr\u00f3ximo en Bogot\u00e1, Colombia.<\/p>\n<p>Es importante recordar que desde 1982 la Anato ha organizado el evento \u201cVitrina Tur\u00edstica\u201d y lo ha consolidado como el m\u00e1s importante de turismo en Colombia. Para la realizaci\u00f3n se ha abierto la comercializaci\u00f3n de espacios para el evento de turismo m\u00e1s importante de Colombia, donde anualmente y durante 39 a\u00f1os, los empresarios del sector se han reunido para dar a conocer sus productos y servicios.<\/p>\n<p>De esta forma y con la intenci\u00f3n de robustecer su oferta y dinamizar la industria de los viajes la Vitrina Tur\u00edstica que, normalmente se realiza en febrero, en esta ocasi\u00f3n debido a la pandemia se cambi\u00f3 la fecha para abril y ser\u00e1, como siempre, oportunidad para que todos los empresarios del sector empiecen a promocionar sus productos y ayudar a la recuperaci\u00f3n de la industria.<\/p>\n<p><strong>Paula Cort\u00e9s Calle<\/strong>, presidente ejecutiva de Anato, asegur\u00f3 que \u201cpara llevarlo a cabo, la asociaci\u00f3n se est\u00e1 preparando para ofrecer, junto con el Centro Internacional de Negocios y Exposiciones (Corferias), lugar seguro y controlado, tanto para los expositores como para los visitantes, a trav\u00e9s de la estructuraci\u00f3n de medidas de bioseguridad, establecidas con base en las normas impuestas por el gobierno nacional.<\/p>\n<p>Para esta oportunidad, Bogot\u00e1 \u2014Cundinamarca\u2014 participar\u00e1 como destino nacional invitado de honor, y actualmente, la asociaci\u00f3n est\u00e1 en proceso de revisi\u00f3n para decidir el pa\u00eds invitado.<\/p>\n<p>\u201cLa versi\u00f3n 40 del evento ser\u00e1 la apuesta m\u00e1s importante hacia la reactivaci\u00f3n del turismo. Entendemos que estos meses no han sido f\u00e1ciles para nuestro sector, sin embargo, el turismo sigue siendo una industria de mucho potencial en el mundo y de gran resiliencia y por ello invitamos a reservar su stand y no quedarse fuera de este evento\u201d, concluy\u00f3 <strong>Cort\u00e9s Calle<\/strong>.<\/p>\n<p>Es importante destacar que en el evento presencial se contar\u00e1 con un aforo controlado diario de aproximadamente 7 mil personas. La inscripci\u00f3n exclusivamente se realiza <em>online<\/em>; recorridos unidireccionales; <em>stands<\/em> abiertos con mayor ventilaci\u00f3n y agenda de citas previas.<\/p>\n<p>\u2730\u2730\u2730\u2730\u2730 <em>IHG Hotels &amp; Resorts<\/em> anunci\u00f3 el calendario de simposios virtuales de desarrollo hotelero para este 2021. Los eventos gratuitos en l\u00ednea est\u00e1n dise\u00f1ados para ofrecer informaci\u00f3n sobre las din\u00e1micas marcas hoteleras directamente a los propietarios de forma c\u00f3moda e informal.<\/p>\n<p>La empresa empez\u00f3 a ofrecer simposios de desarrollo virtual en 2020, ya que las restricciones de viaje y la cancelaci\u00f3n de eventos y conferencias debido al Covid-19 crearon oportunidad para conectarse con los propietarios de manera diferente.<\/p>\n<p>Los simposios de Desarrollo Hotelero 2021, se centrar\u00e1n en las marcas de lujo, estilo de vida y <em>premium<\/em> de la empresa; informaci\u00f3n sobre la estrategia de crecimiento; y proporcionar oportunidades para preguntas y respuestas y discusi\u00f3n con los ponentes. En los pr\u00f3ximos meses se anunciar\u00e1n otros eventos y temas espec\u00edficos de la marca.<\/p>\n<p><strong>Julienne Smith<\/strong>, vicepresidenta senior de Desarrollos de Lujo en Am\u00e9rica, coment\u00f3: \u201cHemos recibido excelentes comentarios de los propietarios sobre la eficacia de los simposios virtuales y esperamos eventos atractivos este a\u00f1o\u201d.<\/p>\n<p><strong>25 de febrero\u00a0 (1 pm est) <\/strong><a href=\"https:\/\/www.ihgplc.com\/en\/our-brands\/voco\" target=\"_blank\" rel=\"noopener\">voco Hoteles<\/a>, dirigida por <strong>Alex Moeckel<\/strong> (directora de Desarrollo Exclusivo, Am\u00e9ricas) y <strong>Gina LaBarre<\/strong> (vicepresidenta Regional, <em>Am\u00e9ricas Upscale Brand Growth\/voco Am\u00e9ricas). <\/em><\/p>\n<p><strong>15 de marzo. (hora por confirmar) <\/strong><a href=\"https:\/\/www.ihgplc.com\/en\/our-brands\/regent\" target=\"_blank\" rel=\"noopener\"><em>Regent Hotels &amp; Resorts<\/em><\/a><strong><em>\/ <\/em><\/strong><em>InterContinental\u00aeHoteles&amp;Resorts, d<\/em>irigida por <strong>Alex Kurl<\/strong>\u00a0 (vicepresidente, Desarrollo, Lujo y Lujo Am\u00e9ricas)<strong>; Jennifer Reese <\/strong>(jefe de Marcas Globales de lujo <em>y <\/em><strong>Tom Rowntree<\/strong> (vicepresidente <em>global luxuty brands). <\/em><\/p>\n<p><strong>19 de abril (hora por confirmar)<\/strong> <a href=\"https:\/\/www.ihgplc.com\/en\/our-brands\/even-hotels\" target=\"_blank\" rel=\"noopener\">EVEN Hoteles<\/a>, dirigido por <strong>Madison Schliewe<\/strong> (directora de Desarrollo Exclusivo, Am\u00e9ricas) y <strong>Ra\u00fal Ortiz<\/strong> (vicepresidente,<em> Global EVEN Hotels Brand Management).<\/em><\/p>\n<p><strong>Segundo Trimestre 2021. (fecha y hora por confirmar) <\/strong><a href=\"https:\/\/www.ihgplc.com\/en\/our-brands\/crowne-plaza\" target=\"_blank\" rel=\"noopener\">Crowne Plaza\u00ae Hoteles &amp; Resorts<\/a>, dirigida por <strong>Julienne Smith<\/strong> (vicepresidenta senior, Desarrollos de Lujo, Am\u00e9ricas) y <strong>Ginger Taggart <\/strong>(vicepresidenta, Gesti\u00f3n de Marcas, Global <em>Crowne Plaza).<br \/>\n<\/em>Para registrarse en cualquiera de estos eventos, haga clic <a href=\"http:\/\/hoteldevelopment.ihg.com\/2021UpscaleSymposiums\">aqu\u00ed<\/a>. Para obtener m\u00e1s informaci\u00f3n sobre el desarrollo hotelero con IHG, visite <a href=\"https:\/\/development.ihg.com\/\" target=\"_blank\" rel=\"noopener\">https:\/\/development.ihg.com\/<\/a><\/p>\n<p>\u2730\u2730\u2730\u2730\u2730 La Feria Internacional de Turismo en Madrid, Espa\u00f1a, ser\u00e1 \u201cEspecial Recuperaci\u00f3n Turismo\u201d<strong>\u00a0<\/strong> en fechas extraordinarias -como ya les hab\u00eda informado-\u00a0 del\u00a019 al 23 de mayo pr\u00f3ximos en IFEMA\/Feria de Madrid. La novedad es que ser\u00e1 presencial con el objetivo de marcar punto de inflexi\u00f3n en un momento crucial para el sector.<\/p>\n<p>En este sentido, la directora de la Fitur, <strong>Mar\u00eda Valcarce<\/strong>, se\u00f1ala que\u00a0\u201cvamos a celebrar la mejor Feria Internacional de Turismo que las circunstancias permitan, con el fin de lograr ese ansiado encuentro cara a cara de los profesionales del turismo y en el marco de un evento totalmente orientado a impulsar la reactivaci\u00f3n de esta industria, que representa uno de los grandes pilares para el desarrollo de las econom\u00edas, el progreso social y la sostenibilidad medioambiental y cultural de los pa\u00edses\u201d.<\/p>\n<p>Adem\u00e1s, a pesar del clima de incertidumbre provocado por la pandemia, la directora de la Fitur afirma que:\u00a0<strong>\u201c<\/strong>Ifema est\u00e1 preparada y tiene definidos los protocolos sanitarios m\u00e1s estrictos y la tecnolog\u00eda adecuada para volver a desarrollar eventos globales en un entorno seguro\u201d.<\/p>\n<p>Este a\u00f1o, adem\u00e1s, la Fitur contar\u00e1 con plataforma digital <em>Fitur Connect,<\/em> herramienta para el negocio y el contacto B2B de valor a\u00f1adido a la participaci\u00f3n presencial y de mayor alcance temporal, ya que estar\u00e1 activa de forma previa a la celebraci\u00f3n de la Fitur, para que las empresas puedan preparar la feria, y tambi\u00e9n para que una vez finalizada, mejorar el seguimiento.<\/p>\n<p>La Fitur re\u00fane, en cada edici\u00f3n, a m\u00e1s de 11 mil empresas de 165 pa\u00edses, as\u00ed como representaciones oficiales de gran parte de las naciones del mundo. Ifema lleva varios meses implementando medidas sanitarias de refuerzo para ofrecer entornos seguros a sus expositores y visitantes.<\/p>\n<p>Por todo ello, se han adoptado ya todos los protocolos necesarios en materia de higiene, calidad y seguridad medioambiental de las instalaciones, a las que se suma estrategia integral <em>\u201cno hands, contactless\u201d;<\/em> procedimientos de gesti\u00f3n preventiva del tr\u00e1fico de personas y veh\u00edculos; la incorporaci\u00f3n de contadores telem\u00e9tricos de personas, de entrada y salida, para controlar en tiempo real los niveles de asistencia.<\/p>\n<p>Tambi\u00e9n soluciones tecnol\u00f3gicas para el control de espacios de concentraci\u00f3n de personas. Ser\u00e1 obligado el uso de mascarillas y se ha implementado un sistema de \u201c<em>eticketing<\/em>\u201d que los profesionales recibir\u00e1n electr\u00f3nicamente y que mostrar\u00e1n en la pantalla del tel\u00e9fono para agilizar la entrada y\u00a0minimizar las concentraciones en mostradores de registro. Todo ello, complementado con tecnolog\u00eda punta en los accesos de Ifema; sistemas de detecci\u00f3n de temperatura corporal; de verificaci\u00f3n del estado de salud, servicios m\u00e9dicos y unidades de primeros auxilios, entre otras muchas medidas.<\/p>\n<p>&nbsp;<\/p>\n<blockquote>\n<p style=\"text-align: right;\">\u201c<strong>El<\/strong> <strong>\u00e1ngel de la fama tiene sus alas hechas de papel&#8230; peri\u00f3dico\u201d.<br \/>\n<\/strong><\/p>\n<\/blockquote>\n<p>&nbsp;<\/p>\n<p><em><span class=\"Apple-converted-space\"><a href=\"mailto:victoriagprado@gmail.com\" target=\"_blank\" rel=\"noopener noreferrer\">victoriagprado@gmail.com<\/a><br \/>\nTwitter: <a href=\"https:\/\/twitter.com\/victoriagprado\" target=\"_blank\" rel=\"noopener noreferrer\">@victoriagprado<\/a><\/span><\/em><\/p>\n","protected":false},"excerpt":{"rendered":"<p>La edici\u00f3n n\u00famero 40 de la Vitrina Tur\u00edstica organizada por la Asociaci\u00f3n Colombiana de Agencias de Viajes y Turismo (Anato), se llevar\u00e1 a cabo del 28 al 30 de abril pr\u00f3ximo en Bogot\u00e1, Colombia.<\/p>\n","protected":false},"author":3,"featured_media":497205,"comment_status":"open","ping_status":"open","sticky":false,"template":"","format":"standard","meta":{"_monsterinsights_skip_tracking":false,"_monsterinsights_sitenote_active":false,"_monsterinsights_sitenote_note":"","_monsterinsights_sitenote_category":0,"footnotes":""},"categories":[11],"tags":[81462,81463,43674],"class_list":["post-497083","post","type-post","status-publish","format-standard","has-post-thumbnail","hentry","category-turismo","tag-de-cinco","tag-estrellas-victoria-gonzalez-prado","tag-opinion"],"_links":{"self":[{"href":"https:\/\/www.diarioimagen.net\/index.php?rest_route=\/wp\/v2\/posts\/497083","targetHints":{"allow":["GET"]}}],"collection":[{"href":"https:\/\/www.diarioimagen.net\/index.php?rest_route=\/wp\/v2\/posts"}],"about":[{"href":"https:\/\/www.diarioimagen.net\/index.php?rest_route=\/wp\/v2\/types\/post"}],"author":[{"embeddable":true,"href":"https:\/\/www.diarioimagen.net\/index.php?rest_route=\/wp\/v2\/users\/3"}],"replies":[{"embeddable":true,"href":"https:\/\/www.diarioimagen.net\/index.php?rest_route=%2Fwp%2Fv2%2Fcomments&post=497083"}],"version-history":[{"count":0,"href":"https:\/\/www.diarioimagen.net\/index.php?rest_route=\/wp\/v2\/posts\/497083\/revisions"}],"wp:featuredmedia":[{"embeddable":true,"href":"https:\/\/www.diarioimagen.net\/index.php?rest_route=\/wp\/v2\/media\/497205"}],"wp:attachment":[{"href":"https:\/\/www.diarioimagen.net\/index.php?rest_route=%2Fwp%2Fv2%2Fmedia&parent=497083"}],"wp:term":[{"taxonomy":"category","embeddable":true,"href":"https:\/\/www.diarioimagen.net\/index.php?rest_route=%2Fwp%2Fv2%2Fcategories&post=497083"},{"taxonomy":"post_tag","embeddable":true,"href":"https:\/\/www.diarioimagen.net\/index.php?rest_route=%2Fwp%2Fv2%2Ftags&post=497083"}],"curies":[{"name":"wp","href":"https:\/\/api.w.org\/{rel}","templated":true}]}}