{"id":497129,"date":"2021-02-19T00:00:31","date_gmt":"2021-02-19T06:00:31","guid":{"rendered":"https:\/\/www.diarioimagen.net\/?p=497129"},"modified":"2021-02-19T01:50:15","modified_gmt":"2021-02-19T07:50:15","slug":"se-desperdician-1300-millones-de-toneladas-de-alimento-al-ano-en-el-mundo","status":"publish","type":"post","link":"https:\/\/www.diarioimagen.net\/?p=497129","title":{"rendered":"Se desperdician 1,300 millones de toneladas de alimento al a\u00f1o en el mundo"},"content":{"rendered":"<h2>Hora 14<\/h2>\n<h5>Mauricio Conde Olivares<\/h5>\n<p>&nbsp;<\/p>\n<p>Ahora que \u201camariz\u00f3\u201d la nave Perseverance en el planeta rojo, la Agencia Espacial Mexicana (AEM), organismo descentralizado de la Secretar\u00eda de Comunicaciones y Transportes (SCT), en conjunto con el Gobierno de Atlacomulco, Estado de M\u00e9xico, anunci\u00f3 el avance de los trabajos del \u201cAtlaCom-1, primer Nanosat\u00e9lite mexiquense\u201d, mediante evento virtual.<\/p>\n<p>El director general de la AEM, Salvador Landeros Ayala, inform\u00f3 que la concepci\u00f3n del proyecto comenz\u00f3 el 5 de diciembre de 2019, durante el lanzamiento del Nanosat\u00e9lite mexicano AztechSat-1, desde Cabo Ca\u00f1averal, Florida, en los Estados Unidos.<\/p>\n<p>Brent Abbott, a nombre del aliado tecnol\u00f3gico europeo-estadounidense del proyecto, \u201cNanoAvionics\u201d, expres\u00f3 que en la comunidad espacial global hay gran confianza en M\u00e9xico, y refrend\u00f3 el profundo compromiso de NanoAvionics con nuestro pa\u00eds, con su experiencia de m\u00e1s de 75 misiones espaciales exitosas, con organismos como la Agencia Espacial Europea y la NASA.<\/p>\n<p>Por su parte, el Ejecutivo de la Divisi\u00f3n de Sistemas Avanzados de Exploraci\u00f3n de la NASA, Andr\u00e9s Mart\u00ednez, rememor\u00f3 el \u00e9xito que tuvo el Nanosat\u00e9lite AztechSat-1, que deton\u00f3 la era espacial en nuestro pa\u00eds, y que comienza a reflejarse en nuevos proyectos, como ahora lo es el proyecto AtlaCom-1.<\/p>\n<p>Avanzando durante la pandemia con capacitaciones de j\u00f3venes en la materia espacial, mediante plataformas virtuales, por ejemplo, con el apoyo del Dr. Joel Contreras, y el apoyo de la empresa Space JLTZ, se\u00f1al\u00f3 su CEO, Jos\u00e9 Luis Terreros Corrales, con la presencia del CEO de Iusacomm, Alejo Peralta.<\/p>\n<p>Un conjunto de acciones para este proyecto, acordadas en el marco de la \u201cSemana Mundial del Espacio de la ONU 2020\u201d, y coordinadas por el director de Desarrollo Econ\u00f3mico de Atlacomulco, H\u00e9ctor Tenopala Granados, hoy permiten estar anunciando esta \u201cFase de Integraci\u00f3n\u201d.<\/p>\n<p>La formaci\u00f3n de estudiantes de nuestro pa\u00eds en el dominio de estas nuevas tecnolog\u00edas, clave para tareas prioritarias sociales, como la protecci\u00f3n de la poblaci\u00f3n ante desastres naturales, apoyo satelital a la productividad agr\u00edcola y seguridad alimentaria, educaci\u00f3n y salud a distancia, y conectividad, entre otras, ser\u00e1 el objetivo del AtlaCom-1.<\/p>\n<p>A su vez, la empresa Mars M\u00e9xico mantiene su apoyo frente a los retos que enfrenta la sociedad ante la crisis sanitaria por el COVID-19 y dona 100 mil d\u00f3lares a trav\u00e9s de Mars Wrigley Foundation a la Red de Bancos de Alimentos de M\u00e9xico (BAMX), beneficiando a m\u00e1s de 86 mil familias en situaci\u00f3n vulnerable de nuestro pa\u00eds.<\/p>\n<p>\u201cSabemos por la Organizaci\u00f3n de las Naciones Unidas para la Alimentaci\u00f3n y la Agricultura que debido a la pandemia por COVID-19 se podr\u00edan sumar entre 83-132 millones de personas a los casi 690 millones que hab\u00eda detectado la organizaci\u00f3n antes de esta crisis sanitaria. Nuestro prop\u00f3sito \u00b4El mundo que queremos ma\u00f1ana, empieza con nuestra forma de hacer negocio hoy\u00b4 nos gu\u00eda a tomar decisiones que impacten de manera positiva a las comunidades en las que operamos, especialmente en situaciones como la actual en la que los m\u00e1s vulnerables nos necesitan m\u00e1s que nunca\u201d, agreg\u00f3 Roberto Fraga, Director de Asuntos Corporativos de Mars Wrigley.<\/p>\n<p>El donativo se ha destinado para la compra de cuatro unidades completamente nuevas con caja refrigerada (tres de ellas con capacidad de carga de 3.5 toneladas y una de 1 tonelada) que operar\u00e1n cuatro de los bancos de alimentos de BAMX ubicados en la Ciudad de M\u00e9xico, Estado de M\u00e9xico, Nuevo Le\u00f3n y Quer\u00e9taro, y que forman parte de la red de cincuenta y cinco bancos de alimentos a lo largo de la Rep\u00fablica Mexicana con presencia en 27 estados.<\/p>\n<p>Con \u00e9stas se pretende rescatar m\u00e1s de 897 mil kilos de alimento durante este a\u00f1o, contribuyendo a mejorar la alimentaci\u00f3n de m\u00e1s de 86 mil familias en situaci\u00f3n vulnerable en comunidades rurales y urbanas y, al mismo tiempo, reducir la emisi\u00f3n de m\u00e1s de un mill\u00f3n y medio de kilos de CO2 en el mismo periodo -estimado con base en el estudio P\u00e9rdidas y Desperdicios de Alimentos en M\u00e9xico del Banco Mundial para el 2017-.<\/p>\n<p>\u201cEs gracias a empresas con una gran responsabilidad social y un importante enfoque hacia la sustentabilidad, como Mars, que hemos logrado tanto desde nuestra creaci\u00f3n en 1995 a trav\u00e9s de diferentes programas\u201d, expres\u00f3 Mar\u00eda Teresa Garc\u00eda, Directora General de la Red BAMX. \u201cEstamos muy contentos por este apoyo de Mars M\u00e9xico, mismo que nos alienta a continuar nuestra labor\u201d.<\/p>\n<p>Esta acci\u00f3n se suma al donativo de productos y efectivo equivalentes a m\u00e1s de 25 millones de pesos anunciadas por Mars M\u00e9xico en mayo del 2020 con la finalidad de apoyar a comunidades y sectores vulnerables del pa\u00eds y que, a su vez, forman parte del compromiso global de la compa\u00f1\u00eda que ha destinado m\u00e1s de 30 millones de d\u00f3lares en diferentes pa\u00edses en los que tiene presencia.<\/p>\n<p>\u201cEn el mundo se desperdician 1,300 millones de toneladas de alimento al a\u00f1o. Si las emisiones de gas efecto invernadero generadas por el desperdicio fueran un pa\u00eds, ser\u00edan el tercer pa\u00eds m\u00e1s grande del mundo. Nos entusiasma, adem\u00e1s, contribuir a reducir los impactos ambientales de acuerdo con lo que la ciencia dice que es necesario para mantener saludable a nuestro planeta\u201d, finaliz\u00f3 Roberto Fraga.<\/p>\n<p>Por otra parte, con el objetivo de establecer lazos de coordinaci\u00f3n y colaboraci\u00f3n, el Instituto Nacional P\u00fablica (INSP) y el Consejo Mexicano de Empresas de Diagn\u00f3stico M\u00e9dico (COMED) firmaron un convenio de colaboraci\u00f3n.<\/p>\n<p>Esta alianza, impulsada por el Patronato del Instituto Nacional de Salud P\u00fablica, a trav\u00e9s de la Fundaci\u00f3n para la Investigaci\u00f3n y Educaci\u00f3n en Salud P\u00fablica (FIESP), propiciar\u00e1 una interlocuci\u00f3n permanente y productiva con autoridades del ramo de la salud, academia, sector privado y organismos de la sociedad civil, as\u00ed como fomentar la investigaci\u00f3n cient\u00edfica y tecnol\u00f3gica.<\/p>\n<p>Durante la firma, Juan \u00c1ngel Rivera Dommarco, director general del INSP, coment\u00f3 que a trav\u00e9s de este convenio se conjuntar\u00e1n esfuerzos y recursos para realizar actividades y proyectos tendientes a la investigaci\u00f3n, desarrollo tecnol\u00f3gico, capacitaci\u00f3n; elaboraci\u00f3n e impartici\u00f3n de programas de estudio, as\u00ed como el desarrollo de programas de atenci\u00f3n a la comunidad que incidan en la salud p\u00fablica.<\/p>\n<p>Por su parte, la presidenta del COMED, Dra. Clara Corona de Lau, destac\u00f3 la importancia de unir esfuerzos que permitan ampliar los alcances y enfrentar los nuevos retos en salud p\u00fablica, en particular, en un contexto como lo es la pandemia.<\/p>\n<p>COMED, quien cuenta con 57 empresas y corporativos de diagn\u00f3stico m\u00e9dico en M\u00e9xico, surgi\u00f3 con la finalidad de cuidar y actuar de manera conjunta ante las principales situaciones de riesgo para propiciar un entorno sano y ben\u00e9fico para la poblaci\u00f3n, las empresas y sus colaboradores.<\/p>\n<p>Actualmente los integrantes de este consejo generan una importante cantidad de informaci\u00f3n respecto a las casi 1 mill\u00f3n de pruebas PCR para detecci\u00f3n de COVID-19 que han aplicado en el pa\u00eds, tema de inter\u00e9s para investigadores INSP, quienes podr\u00e1n analizar, procesar e interpretar dichos datos, lo que constituye una de las primeras actividades de colaboraci\u00f3n entre ambas instituciones.<\/p>\n<p>Con estas acciones el INSP impulsa la participaci\u00f3n de distintos sectores que se traducir\u00e1n en beneficios para la salud individual y colectiva; empero, lo anterior ser\u00e1 motivo de posterior an\u00e1lisis en otra entrega de <strong><em>Hora 14<\/em><\/strong>.<\/p>\n<p><em><a href=\"mailto:%20mauricio_conde@msn.com\" target=\"_blank\" rel=\"noopener noreferrer\">mauricioconde59@outlook.com<\/a><\/em><br \/>\n<em><a href=\"https:\/\/twitter.com\/mauconde007\" target=\"_blank\" rel=\"noopener noreferrer\">@mauconde007<\/a> <\/em><br \/>\n<em><a href=\"https:\/\/mauriciocondeblog.wordpress.com\" target=\"_blank\" rel=\"noopener noreferrer\">https:\/\/mauriciocondeblog.wordpress.com<\/a><\/em><\/p>\n","protected":false},"excerpt":{"rendered":"<p><span style=\"color: #005497;\"><strong>Mauricio Conde Olivares<\/strong><\/span><\/p>\n","protected":false},"author":3,"featured_media":0,"comment_status":"open","ping_status":"open","sticky":false,"template":"","format":"standard","meta":{"_monsterinsights_skip_tracking":false,"_monsterinsights_sitenote_active":false,"_monsterinsights_sitenote_note":"","_monsterinsights_sitenote_category":0,"footnotes":""},"categories":[35889],"tags":[43712,43674,44860],"class_list":["post-497129","post","type-post","status-publish","format-standard","hentry","category-mauricio-conde-olivares","tag-mauricio-conde-olivares","tag-opinion","tag-hora-14"],"_links":{"self":[{"href":"https:\/\/www.diarioimagen.net\/index.php?rest_route=\/wp\/v2\/posts\/497129","targetHints":{"allow":["GET"]}}],"collection":[{"href":"https:\/\/www.diarioimagen.net\/index.php?rest_route=\/wp\/v2\/posts"}],"about":[{"href":"https:\/\/www.diarioimagen.net\/index.php?rest_route=\/wp\/v2\/types\/post"}],"author":[{"embeddable":true,"href":"https:\/\/www.diarioimagen.net\/index.php?rest_route=\/wp\/v2\/users\/3"}],"replies":[{"embeddable":true,"href":"https:\/\/www.diarioimagen.net\/index.php?rest_route=%2Fwp%2Fv2%2Fcomments&post=497129"}],"version-history":[{"count":0,"href":"https:\/\/www.diarioimagen.net\/index.php?rest_route=\/wp\/v2\/posts\/497129\/revisions"}],"wp:attachment":[{"href":"https:\/\/www.diarioimagen.net\/index.php?rest_route=%2Fwp%2Fv2%2Fmedia&parent=497129"}],"wp:term":[{"taxonomy":"category","embeddable":true,"href":"https:\/\/www.diarioimagen.net\/index.php?rest_route=%2Fwp%2Fv2%2Fcategories&post=497129"},{"taxonomy":"post_tag","embeddable":true,"href":"https:\/\/www.diarioimagen.net\/index.php?rest_route=%2Fwp%2Fv2%2Ftags&post=497129"}],"curies":[{"name":"wp","href":"https:\/\/api.w.org\/{rel}","templated":true}]}}