{"id":497132,"date":"2021-02-19T00:03:30","date_gmt":"2021-02-19T06:03:30","guid":{"rendered":"https:\/\/www.diarioimagen.net\/?p=497132"},"modified":"2021-02-19T01:53:26","modified_gmt":"2021-02-19T07:53:26","slug":"gracias-tepjf-2","status":"publish","type":"post","link":"https:\/\/www.diarioimagen.net\/?p=497132","title":{"rendered":"Gracias, TEPJF"},"content":{"rendered":"<h2>Espacio Electoral<\/h2>\n<h5>Eleazar Flores<\/h5>\n<p>&nbsp;<\/p>\n<p><strong>IMPOSIBLE IGNORAR-.<\/strong> Este espacio no fue el \u00fanico, pero s\u00ed el primero en denunciar antes que muchos el \u201cfichaje\u201d al exigir la credencial de elector en la aplicaci\u00f3n de la vacuna contra Covid, lo que despu\u00e9s se public\u00f3\u00a0 hasta en notas de 8 columnas el tema. Ya se dio marcha atr\u00e1s<\/p>\n<p>Miembro de la generaci\u00f3n del t\u00e9lex y el tel\u00e9fono para comunicarnos y no del \u201cguatsap\u201d, este escribiente recibi\u00f3 felicitaciones por el contenido del \u201cfichaje\u201d para vacunar, como otro distinguido lector se ocupa de mis temas electorales como el de Ecuador\u2026 pero sigue lo electoral.<\/p>\n<p>Rematando con lo del \u201cfichaje vacunador\u201d, esperamos que al \u201csuperstar\u201d subsecretario de Salud, Hugo L\u00f3pez-Gatell, sea escuchado, pues anunci\u00f3 la suspensi\u00f3n del procedimiento, que si en otros a\u00f1os lo hubieran hecho las administraciones pasadas, el entonces inconforme L\u00f3pez Obrador hubiera hecho cera y pabilo del procedimiento<\/p>\n<p><strong>FELICITACI\u00d3N-.<\/strong> Sin\u00a0 el menor pudor, el padre de la Cuarta Transformaci\u00f3n felicit\u00f3, desde su p\u00falpito ma\u00f1anero, a los integrantes del Tribunal Electoral del Poder Judicial de la Federaci\u00f3n por limitar la decisi\u00f3n del INE, consistente en que el mandatario deje de opinar acerca de temas electorales durante sus conferencias matutinas y muchas\u00a0 declaraciones m\u00e1s.<\/p>\n<p>El tabasque\u00f1o fue m\u00e1s all\u00e1, dijo no conocer a los integrantes del Tribunal Electoral del Poder Judicial de la Federaci\u00f3n, pero da la casualidad\u00a0 que cuatro de los siete de ellos que asumieron sus cargos hace medio a\u00f1o, fueron avalados por unanimidad por la C\u00e1mara de Diputados y el tiempo dio la raz\u00f3n al sospechosismo pues se trat\u00f3 de elementos afines a Morena.<\/p>\n<p>La decisi\u00f3n del Tribunal Electoral va m\u00e1s all\u00e1 de lo que por ahora se limita a frenar al INE, es el primer paso para que el Presidente de la Rep\u00fablica siga hablando hasta en tiempo de veda electoral por los comicios del primer domingo de junio. O sea que en plenas campa\u00f1as de un millar de candidatos de primer nivel, a diputaciones federales, locales, a gobernadores\u00a0 y\u00a0 alcaldes, seguiremos escuchando las ma\u00f1aneras.<\/p>\n<p>Esto no es todo, tambi\u00e9n tendremos que tapar los o\u00eddos o cerrar los ojos cuando se transmitan por radio y televisi\u00f3n los casi 50 millones de spots \u201cvoluntariamente a fuerzas\u201d, algo que sin duda opera el Instituto Nacional Electoral, INE, por una ley que fue aprobada por la misma C\u00e1mara de Diputados a la que hay que \u201cagradecerle\u201d el favor. \u00a1Y qu\u00e9 clase de anuncios!<\/p>\n<p><strong>INCENDIOS-.<\/strong>Para quienes no nacieron ayer, saben que los incendios forestales son orquestados por los insaciables talamontes, pues basta observar c\u00f3mo las l\u00edneas de fuego en los bosques son lineales, para llegar a los bosques m\u00e1s poblados. Pobre sureste y nevado de Toluca.<\/p>\n<p><em><a href=\"mailto:elefa44@gmail.com\" target=\"_blank\" rel=\"noopener noreferrer\">elefa44@gmail.com<\/a><\/em><\/p>\n","protected":false},"excerpt":{"rendered":"<p><span style=\"color: #005497;\"><strong>Eleazar Flores<\/strong><\/span><\/p>\n","protected":false},"author":3,"featured_media":0,"comment_status":"open","ping_status":"open","sticky":false,"template":"","format":"standard","meta":{"_monsterinsights_skip_tracking":false,"_monsterinsights_sitenote_active":false,"_monsterinsights_sitenote_note":"","_monsterinsights_sitenote_category":0,"footnotes":""},"categories":[81743],"tags":[],"class_list":["post-497132","post","type-post","status-publish","format-standard","hentry","category-eleazar-flores"],"_links":{"self":[{"href":"https:\/\/www.diarioimagen.net\/index.php?rest_route=\/wp\/v2\/posts\/497132","targetHints":{"allow":["GET"]}}],"collection":[{"href":"https:\/\/www.diarioimagen.net\/index.php?rest_route=\/wp\/v2\/posts"}],"about":[{"href":"https:\/\/www.diarioimagen.net\/index.php?rest_route=\/wp\/v2\/types\/post"}],"author":[{"embeddable":true,"href":"https:\/\/www.diarioimagen.net\/index.php?rest_route=\/wp\/v2\/users\/3"}],"replies":[{"embeddable":true,"href":"https:\/\/www.diarioimagen.net\/index.php?rest_route=%2Fwp%2Fv2%2Fcomments&post=497132"}],"version-history":[{"count":0,"href":"https:\/\/www.diarioimagen.net\/index.php?rest_route=\/wp\/v2\/posts\/497132\/revisions"}],"wp:attachment":[{"href":"https:\/\/www.diarioimagen.net\/index.php?rest_route=%2Fwp%2Fv2%2Fmedia&parent=497132"}],"wp:term":[{"taxonomy":"category","embeddable":true,"href":"https:\/\/www.diarioimagen.net\/index.php?rest_route=%2Fwp%2Fv2%2Fcategories&post=497132"},{"taxonomy":"post_tag","embeddable":true,"href":"https:\/\/www.diarioimagen.net\/index.php?rest_route=%2Fwp%2Fv2%2Ftags&post=497132"}],"curies":[{"name":"wp","href":"https:\/\/api.w.org\/{rel}","templated":true}]}}