{"id":497160,"date":"2021-02-19T00:06:59","date_gmt":"2021-02-19T06:06:59","guid":{"rendered":"https:\/\/www.diarioimagen.net\/?p=497160"},"modified":"2021-02-19T08:01:10","modified_gmt":"2021-02-19T14:01:10","slug":"salud-pide-a-comercios-con-la-venta-de-alimentos-extremar-medidas-de-higiene","status":"publish","type":"post","link":"https:\/\/www.diarioimagen.net\/?p=497160","title":{"rendered":"Salud pide a comercios con la venta de alimentos extremar medidas de higiene"},"content":{"rendered":"<p>&nbsp;<\/p>\n<h3 style=\"text-align: center;\">Acciones contra Covid-19<\/h3>\n<p>&nbsp;<\/p>\n<div id=\"attachment_497253\" style=\"width: 470px\" class=\"wp-caption aligncenter\"><a href=\"https:\/\/www.diarioimagen.net\/?attachment_id=497253\" rel=\"attachment wp-att-497253\"><img loading=\"lazy\" decoding=\"async\" aria-describedby=\"caption-attachment-497253\" class=\"size-full wp-image-497253\" src=\"https:\/\/www.diarioimagen.net\/wp-content\/uploads\/2021\/02\/EDOMEX19.jpg\" alt=\"\" width=\"460\" height=\"270\" \/><\/a><p id=\"caption-attachment-497253\" class=\"wp-caption-text\">Propietarios de establecimientos deben emplear sanitizaci\u00f3n, horarios de recepci\u00f3n de productos, dispensadores de gel antibacterial y registro de temperatura corporal.<\/p><\/div>\n<p>&nbsp;<\/p>\n<p><strong>Toluca, Estado de M\u00e9xico.-\u00a0 <\/strong>A fin de fortalecer las acciones contra la pandemia de Covid-19 y ante la reapertura de establecimientos comerciales con venta de alimentos, la Secretar\u00eda de Salud de la entidad reitera el llamado a aplicar las medidas preventivas para disminuir riesgos de esta enfermedad.<\/p>\n<p>Tras adoptar las disposiciones de 2020 y 2021 emitidas por el gobernador Alfredo Del Mazo Maza y establecidas en la Gaceta del Gobierno, la dependencia a cargo del Doctor Gabriel O\u00b4Shea Cuevas, reconoce el esfuerzo de los due\u00f1os, trabajadores y clientes de negocios por mantener los protocolos de salud.<\/p>\n<p>Se insiste en que el aforo permitido a negocios con \u00e1reas cerradas es de 30 por ciento, de lunes a viernes hasta las 20:00 horas, y a partir de esa hora podr\u00e1n continuar prestando el servicio a domicilio o para llevar. Se precisa que en espacios abiertos se permitir\u00e1 40 por ciento de aforo, los cuales tambi\u00e9n podr\u00e1n abrir s\u00e1bados y domingos.<\/p>\n<p>Estos establecimientos deben emplear sanitizaci\u00f3n e higiene en ductos de ventilaci\u00f3n, campanas de cocina y puertas, flujo de aire natural o mec\u00e1nico, limpiar diariamente con base en protocolos que incluyen lavar con agua y jab\u00f3n, adem\u00e1s de desinfectar con hipoclorito de sodio al 0.5 por ciento y adoptar horarios de recepci\u00f3n de productos, colocar dispensadores de gel antibacterial y tapetes sanitizantes.<\/p>\n<p>A favor de los usuarios, el personal de atenci\u00f3n debe portar cubrebocas y careta facial, no se debe disponer de barras de alimentos, garantizar el aseo de mesas, sillas, barandales y de forma profunda en muros y ventanas, retirar servilleteros, propaganda, decoraciones, cambiar o evitar manteler\u00eda y fomentar el uso de men\u00fas digitales o pizarras y el pago por medios electr\u00f3nicos.<\/p>\n<p>El llamado para los usuarios es el constante lavado de manos, permitir el registro de temperatura corporal, asistir de forma limitada, respetar la sana distancia y asegurar que los restaurantes, loncher\u00edas, cafeter\u00edas y cocinas econ\u00f3micas, implementen las recomendaciones antes descritas.<\/p>\n","protected":false},"excerpt":{"rendered":"<p>A fin de fortalecer las acciones contra la pandemia de Covid-19 y ante la reapertura de establecimientos comerciales con venta de alimentos, la Secretar\u00eda de Salud de la entidad reitera el llamado a aplicar las medidas preventivas para disminuir riesgos de esta enfermedad.<\/p>\n","protected":false},"author":3,"featured_media":497253,"comment_status":"open","ping_status":"open","sticky":false,"template":"","format":"standard","meta":{"_monsterinsights_skip_tracking":false,"_monsterinsights_sitenote_active":false,"_monsterinsights_sitenote_note":"","_monsterinsights_sitenote_category":0,"footnotes":""},"categories":[5],"tags":[46009,90021,43675,29516,452],"class_list":["post-497160","post","type-post","status-publish","format-standard","has-post-thumbnail","hentry","category-estado-de-mexico","tag-acciones","tag-covid-19","tag-estado-de-mexico","tag-pandemia","tag-toluca"],"_links":{"self":[{"href":"https:\/\/www.diarioimagen.net\/index.php?rest_route=\/wp\/v2\/posts\/497160","targetHints":{"allow":["GET"]}}],"collection":[{"href":"https:\/\/www.diarioimagen.net\/index.php?rest_route=\/wp\/v2\/posts"}],"about":[{"href":"https:\/\/www.diarioimagen.net\/index.php?rest_route=\/wp\/v2\/types\/post"}],"author":[{"embeddable":true,"href":"https:\/\/www.diarioimagen.net\/index.php?rest_route=\/wp\/v2\/users\/3"}],"replies":[{"embeddable":true,"href":"https:\/\/www.diarioimagen.net\/index.php?rest_route=%2Fwp%2Fv2%2Fcomments&post=497160"}],"version-history":[{"count":0,"href":"https:\/\/www.diarioimagen.net\/index.php?rest_route=\/wp\/v2\/posts\/497160\/revisions"}],"wp:featuredmedia":[{"embeddable":true,"href":"https:\/\/www.diarioimagen.net\/index.php?rest_route=\/wp\/v2\/media\/497253"}],"wp:attachment":[{"href":"https:\/\/www.diarioimagen.net\/index.php?rest_route=%2Fwp%2Fv2%2Fmedia&parent=497160"}],"wp:term":[{"taxonomy":"category","embeddable":true,"href":"https:\/\/www.diarioimagen.net\/index.php?rest_route=%2Fwp%2Fv2%2Fcategories&post=497160"},{"taxonomy":"post_tag","embeddable":true,"href":"https:\/\/www.diarioimagen.net\/index.php?rest_route=%2Fwp%2Fv2%2Ftags&post=497160"}],"curies":[{"name":"wp","href":"https:\/\/api.w.org\/{rel}","templated":true}]}}