{"id":497166,"date":"2021-02-19T00:04:18","date_gmt":"2021-02-19T06:04:18","guid":{"rendered":"https:\/\/www.diarioimagen.net\/?p=497166"},"modified":"2021-02-19T05:51:52","modified_gmt":"2021-02-19T11:51:52","slug":"huixquilucan-seguira-siendo-punta-de-lanza-en-el-pais-y-en-estado-de-mexico-vargas-del-villar","status":"publish","type":"post","link":"https:\/\/www.diarioimagen.net\/?p=497166","title":{"rendered":"Huixquilucan seguir\u00e1 siendo punta de lanza en el pa\u00eds y en Estado de M\u00e9xico: Vargas del Villar"},"content":{"rendered":"<p>&nbsp;<\/p>\n<p><a href=\"https:\/\/www.diarioimagen.net\/?attachment_id=497244\" rel=\"attachment wp-att-497244\"><img loading=\"lazy\" decoding=\"async\" class=\"aligncenter size-full wp-image-497244\" src=\"https:\/\/www.diarioimagen.net\/wp-content\/uploads\/2021\/02\/huixquilucan-11.jpg\" alt=\"\" width=\"460\" height=\"270\" \/><\/a><\/p>\n<p>&nbsp;<\/p>\n<p><strong>Huixquilucan, Estado de M\u00e9xico<\/strong><strong>.-<\/strong> Desde la primera medici\u00f3n ciudadana en 2016, se ha mantenido en el n\u00famero uno en aprobaci\u00f3n en el Estado de M\u00e9xico. \u201cEsta calificaci\u00f3n no es de Enrique Vargas del Villar, sino de todos los que trabajamos en el ayuntamiento\u201d, expres\u00f3 el alcalde tras reiterar que Huixquilucan seguir\u00e1 siendo punta de lanza en el pa\u00eds y en la entidad.<\/p>\n<p>Dijo que el poder transformar la vida de los ciudadanos, ha sido una de las mejores experiencias que como servidor p\u00fablico ha tenido.<\/p>\n<p>\u201cEl poder servir a la ciudadan\u00eda es un privilegio, como el haber construido el sistema de salud municipal m\u00e1s grande del pa\u00eds en donde se han salvado vidas, donde han nacido m\u00e1s de 700 ni\u00f1os y ni\u00f1as y varios casos de \u00e9xito en rehabilitaci\u00f3n f\u00edsica, entre otros\u201d.<\/p>\n","protected":false},"excerpt":{"rendered":"<p>Desde la primera medici\u00f3n ciudadana en 2016, se ha mantenido en el n\u00famero uno en aprobaci\u00f3n en el Estado de M\u00e9xico.<\/p>\n","protected":false},"author":3,"featured_media":497244,"comment_status":"open","ping_status":"open","sticky":false,"template":"","format":"standard","meta":{"_monsterinsights_skip_tracking":false,"_monsterinsights_sitenote_active":false,"_monsterinsights_sitenote_note":"","_monsterinsights_sitenote_category":0,"footnotes":""},"categories":[5],"tags":[47218,43675,1097],"class_list":["post-497166","post","type-post","status-publish","format-standard","has-post-thumbnail","hentry","category-estado-de-mexico","tag-enrique-vargas-del-villar","tag-estado-de-mexico","tag-huixquilucan"],"_links":{"self":[{"href":"https:\/\/www.diarioimagen.net\/index.php?rest_route=\/wp\/v2\/posts\/497166","targetHints":{"allow":["GET"]}}],"collection":[{"href":"https:\/\/www.diarioimagen.net\/index.php?rest_route=\/wp\/v2\/posts"}],"about":[{"href":"https:\/\/www.diarioimagen.net\/index.php?rest_route=\/wp\/v2\/types\/post"}],"author":[{"embeddable":true,"href":"https:\/\/www.diarioimagen.net\/index.php?rest_route=\/wp\/v2\/users\/3"}],"replies":[{"embeddable":true,"href":"https:\/\/www.diarioimagen.net\/index.php?rest_route=%2Fwp%2Fv2%2Fcomments&post=497166"}],"version-history":[{"count":0,"href":"https:\/\/www.diarioimagen.net\/index.php?rest_route=\/wp\/v2\/posts\/497166\/revisions"}],"wp:featuredmedia":[{"embeddable":true,"href":"https:\/\/www.diarioimagen.net\/index.php?rest_route=\/wp\/v2\/media\/497244"}],"wp:attachment":[{"href":"https:\/\/www.diarioimagen.net\/index.php?rest_route=%2Fwp%2Fv2%2Fmedia&parent=497166"}],"wp:term":[{"taxonomy":"category","embeddable":true,"href":"https:\/\/www.diarioimagen.net\/index.php?rest_route=%2Fwp%2Fv2%2Fcategories&post=497166"},{"taxonomy":"post_tag","embeddable":true,"href":"https:\/\/www.diarioimagen.net\/index.php?rest_route=%2Fwp%2Fv2%2Ftags&post=497166"}],"curies":[{"name":"wp","href":"https:\/\/api.w.org\/{rel}","templated":true}]}}