{"id":497266,"date":"2021-02-22T00:04:01","date_gmt":"2021-02-22T06:04:01","guid":{"rendered":"https:\/\/www.diarioimagen.net\/?p=497266"},"modified":"2021-02-21T22:31:36","modified_gmt":"2021-02-22T04:31:36","slug":"hasta-cuando-la-destruccion","status":"publish","type":"post","link":"https:\/\/www.diarioimagen.net\/?p=497266","title":{"rendered":"\u00bfHasta cu\u00e1ndo, la destrucci\u00f3n?"},"content":{"rendered":"<h2>Perfil de M\u00e9xico<\/h2>\n<h5>Armando R\u00edos Ruiz<\/h5>\n<p>&nbsp;<\/p>\n<p>La destrucci\u00f3n de M\u00e9xico no tiene fecha de caducidad. M\u00e1s bien se antoja pensar que la principal meta es acabar cuanto antes con \u00e9l. Las acciones gubernamentales, los proyectos de gobierno est\u00e1n encaminados a hacer el mayor da\u00f1o. Mucha gente, pero mucha, cree que a los que gobiernan no les importa ni la econom\u00eda, ni la seguridad y en suma, ni la vida de los que habitamos este solar.<\/p>\n<p>Se trabaja para desposeer a los nacidos aqu\u00ed de lo que tienen. Se reparte el dinero que no es siquiera de quien lo reparte, en aras de combatir la pobreza, que por cierto se ha acentuado. Nadie saldr\u00e1 de pobre con una d\u00e1diva que s\u00f3lo alcanza para medio agonizar. Mientras, quehaceres vitales son aniquilados. Se sustituyen paulatinamente con los que no ofrecen ninguna esperanza de vida.<\/p>\n<p>Se reparte porque obedece a los principios de una doctrina que habla de empobrecer a un pueblo para luego tenerlo comiendo de la d\u00e1diva, sin m\u00e1s esperanza que esperar la muerte. La misma pobreza impide que los gobernados se rebelen. La pobreza es el principal aliado para evitar inconformidades y que estas se traduzcan en la adquisici\u00f3n de armas para la liberaci\u00f3n.<\/p>\n<p>Lo que acaba de ocurrir con el gas, es algo que no estaba previsto, porque en este caso, la naturaleza se encarg\u00f3 de poner a prueba las capacidades de M\u00e9xico en cierto rengl\u00f3n. Nevadas de gigantesca magnitud obligaron a Texas a suspender la venta de gas a nuestro pa\u00eds, lo mismo que a otros estados de la Uni\u00f3n Americana, en aras de aprovecharlo para consumo propio, en virtud de las condiciones que impone el meteoro.<\/p>\n<p>El gas era vendido a M\u00e9xico a raz\u00f3n de tres d\u00f3lares por unidad de volumen y despu\u00e9s de la hist\u00f3rica tormenta, los texanos elevaron a m\u00e1s de 200 d\u00f3lares. Nuestras previsoras autoridades dijeron \u00a1no! \u00a1Qu\u00e9dense con su gas! Entonces sobrevinieron los apagones, primero en cuatro estados y luego en 22 m\u00e1s, para hacer un total de 26 entidades o lo que es lo mismo, en casi todo el pa\u00eds.<\/p>\n<p>Pero entre los que mandan no hubo alarma. Como siempre, primero se ech\u00f3 la culpa a los gobiernos neoliberales. Luego se dijo que ya hab\u00edan \u00bflicitado? La compra del producto \u201csin hablar de precio\u201d, que se calcula mayor a los m\u00e1s de 200 d\u00f3lares y que la semana pasada arrib\u00f3 a M\u00e9xico por Altamira Tamaulipas.<\/p>\n<p>La semana anterior arribaron al pa\u00eds 67 mil toneladas de gas natural provenientes de Texas para resarcir la cr\u00edtica situaci\u00f3n que provoc\u00f3 la falta de fluido. Mientras, se utiliz\u00f3 combust\u00f3leo y carb\u00f3n. Es decir, que a falta del sustrato, se us\u00f3 lo que hay, aunque sea lo peor en materia de contaminaci\u00f3n y que por cierto, a causa de la insistencia del mandatario, tendremos que utilizar en lo sucesivo, aun cuando se trate de un elemento que provocar\u00e1 la muerte paulatina de todo lo que tenga vida, incluido el ser humano.<\/p>\n<p>De acuerdo con algunas investigaciones, desde 2018, el Presidente L\u00f3pez Obrador sab\u00eda que la escasez ocurrir\u00eda en cualquier momento. Pero en lugar de prevenir un problema debido a que M\u00e9xico no produce ni almacena gas en cantidad suficiente para abastecer la industria y otras entidades altamente consumidoras, se desatendi\u00f3 y se opt\u00f3 por los proyectos del sexenio, como la destrucci\u00f3n del Aeropuerto de Texcoco, la refiner\u00eda de Dos Bocas y el Tren Maya.<\/p>\n<p>Se estima que la falta de gas en M\u00e9xico, luego de las restricciones del suministro por parte de Texas, no ser\u00e1 la primera emergencia de ese tipo que enfrente la econom\u00eda nacional. La dependencia del combustible que se produce en el vecino pa\u00eds ha crecido y amenaza con crecer m\u00e1s. Igualmente, no siempre ser\u00e1n los factores clim\u00e1ticos los que en el futuro provoquen cortes del\u00a0 servicio el\u00e9ctrico en este pa\u00eds carente de todo. Hasta de gobierno.<\/p>\n<p>Mientras no se solucione el problema de manera local, dependeremos en este caso de Texas, como dependemos en otros rubros de diferentes pa\u00edses. Tal vez en situaciones como esta, sea permisible para nuestras autoridades, depender de la naci\u00f3n que invent\u00f3 el neoliberalismo, que tanto pesa en el \u00e1nimo de nuestro Presidente. Que tanto critica diariamente y a todas horas del d\u00eda.<\/p>\n<p><a href=\"mailto:ariosruiz@gmail.com\" target=\"_blank\" rel=\"noopener noreferrer\"><em>ariosruiz@gmail.com<\/em><\/a><\/p>\n","protected":false},"excerpt":{"rendered":"<p><span style=\"color: #005497;\"><strong>Armando R\u00edos Ruiz<\/strong><\/span><\/p>\n","protected":false},"author":3,"featured_media":0,"comment_status":"open","ping_status":"open","sticky":false,"template":"","format":"standard","meta":{"_monsterinsights_skip_tracking":false,"_monsterinsights_sitenote_active":false,"_monsterinsights_sitenote_note":"","_monsterinsights_sitenote_category":0,"footnotes":""},"categories":[88405],"tags":[88407,43674,91193],"class_list":["post-497266","post","type-post","status-publish","format-standard","hentry","category-armando-rios-ruiz","tag-armando-rios-ruiz","tag-opinion","tag-perfil-de-mexico"],"_links":{"self":[{"href":"https:\/\/www.diarioimagen.net\/index.php?rest_route=\/wp\/v2\/posts\/497266","targetHints":{"allow":["GET"]}}],"collection":[{"href":"https:\/\/www.diarioimagen.net\/index.php?rest_route=\/wp\/v2\/posts"}],"about":[{"href":"https:\/\/www.diarioimagen.net\/index.php?rest_route=\/wp\/v2\/types\/post"}],"author":[{"embeddable":true,"href":"https:\/\/www.diarioimagen.net\/index.php?rest_route=\/wp\/v2\/users\/3"}],"replies":[{"embeddable":true,"href":"https:\/\/www.diarioimagen.net\/index.php?rest_route=%2Fwp%2Fv2%2Fcomments&post=497266"}],"version-history":[{"count":0,"href":"https:\/\/www.diarioimagen.net\/index.php?rest_route=\/wp\/v2\/posts\/497266\/revisions"}],"wp:attachment":[{"href":"https:\/\/www.diarioimagen.net\/index.php?rest_route=%2Fwp%2Fv2%2Fmedia&parent=497266"}],"wp:term":[{"taxonomy":"category","embeddable":true,"href":"https:\/\/www.diarioimagen.net\/index.php?rest_route=%2Fwp%2Fv2%2Fcategories&post=497266"},{"taxonomy":"post_tag","embeddable":true,"href":"https:\/\/www.diarioimagen.net\/index.php?rest_route=%2Fwp%2Fv2%2Ftags&post=497266"}],"curies":[{"name":"wp","href":"https:\/\/api.w.org\/{rel}","templated":true}]}}