{"id":497300,"date":"2021-02-22T00:02:39","date_gmt":"2021-02-22T06:02:39","guid":{"rendered":"https:\/\/www.diarioimagen.net\/?p=497300"},"modified":"2021-02-22T06:29:40","modified_gmt":"2021-02-22T12:29:40","slug":"el-pleno-del-cabildo-dio-su-aprobacion-al-presupuesto-2021-para-huixquilucan","status":"publish","type":"post","link":"https:\/\/www.diarioimagen.net\/?p=497300","title":{"rendered":"El pleno del Cabildo dio su aprobaci\u00f3n al Presupuesto 2021 para Huixquilucan"},"content":{"rendered":"<p>&nbsp;<\/p>\n<ul>\n<li><strong><em>Enfocado a la infraestructura, salud y seguridad<\/em><\/strong><\/li>\n<\/ul>\n<p>&nbsp;<\/p>\n<div id=\"attachment_497361\" style=\"width: 470px\" class=\"wp-caption aligncenter\"><a href=\"https:\/\/www.diarioimagen.net\/?attachment_id=497361\" rel=\"attachment wp-att-497361\"><img loading=\"lazy\" decoding=\"async\" aria-describedby=\"caption-attachment-497361\" class=\"size-full wp-image-497361\" src=\"https:\/\/www.diarioimagen.net\/wp-content\/uploads\/2021\/02\/huixquilucan-12.jpg\" alt=\"\" width=\"460\" height=\"270\" \/><\/a><p id=\"caption-attachment-497361\" class=\"wp-caption-text\">El edil Enrique Vargas del Villar asegur\u00f3 que el presupuesto aprobado ser\u00e1 para que el municipio siga siendo un lugar seguro.<\/p><\/div>\n<p>&nbsp;<\/p>\n<p><strong>Huixquilucan, Estado de M\u00e9xico<\/strong>.- El pleno del Cabildo aprob\u00f3 el presupuesto definitivo para el a\u00f1o 2021, el cual estar\u00e1 enfocado a la infraestructura, salud y seguridad, asegur\u00f3 el presidente municipal Enrique Vargas del Villar.<\/p>\n<p>Record\u00f3, que al inicio de su gesti\u00f3n, las arcas municipales estaban pr\u00e1cticamente vac\u00edas, sin recursos para la operatividad del gobierno, por lo que ha sido un arduo trabajo llegar al punto de tener finanzas sanas.<\/p>\n<p>\u201cHemos hecho un gran trabajo, hemos sido muy responsables en el manejo del dinero de todos los huixquiluquenses\u201d, se\u00f1al\u00f3 Vargas del Villar, y record\u00f3 que es la primera vez que no se contrata deuda ni se tienen d\u00e9bitos con proveedores, gracias al buen manejo de las finanzas p\u00fablicas.<\/p>\n<p>Se\u00f1al\u00f3, que todos los presupuestos que le ha tocado aprobar han sido responsables y se realizaron importantes inversiones en todos los rubros. \u201cHoy lo digo con mucho orgullo que no le fall\u00e9 a los huixquiluquenses y que estoy muy agradecido con cada uno de los que trabajamos en el Ayuntamiento\u201d.<\/p>\n<p>El edil asegur\u00f3, que el presupuesto aprobado de 2 mil 637 millones 816 mil 833 pesos, ser\u00e1 para que en el municipio se siga invirtiendo para que Huixquilucan siga siendo un lugar seguro y el mejor lugar para vivir.<\/p>\n<p>En este sentido precis\u00f3, que en el primer mes del a\u00f1o se entregaron patrullas, adem\u00e1s de que se tiene la renovaci\u00f3n del 100 por ciento del armamento, para seguridad p\u00fablica.<\/p>\n<p>Vargas del Villar puntualiz\u00f3, que hoy Huixquilucan es un referente a nivel nacional y es el gobierno mejor calificado del estado de M\u00e9xico, por lo que no se dejar\u00e1 de invertir y servir de manera correcta a los ciudadanos.<\/p>\n","protected":false},"excerpt":{"rendered":"<p>El pleno del Cabildo aprob\u00f3 el presupuesto definitivo para el a\u00f1o 2021, el cual estar\u00e1 enfocado a la infraestructura, salud y seguridad, asegur\u00f3 el presidente municipal Enrique Vargas del Villar.<\/p>\n","protected":false},"author":3,"featured_media":497361,"comment_status":"open","ping_status":"open","sticky":false,"template":"","format":"standard","meta":{"_monsterinsights_skip_tracking":false,"_monsterinsights_sitenote_active":false,"_monsterinsights_sitenote_note":"","_monsterinsights_sitenote_category":0,"footnotes":""},"categories":[5],"tags":[64617,43675,1097,6053],"class_list":["post-497300","post","type-post","status-publish","format-standard","has-post-thumbnail","hentry","category-estado-de-mexico","tag-aprobacion","tag-estado-de-mexico","tag-huixquilucan","tag-presupuesto"],"_links":{"self":[{"href":"https:\/\/www.diarioimagen.net\/index.php?rest_route=\/wp\/v2\/posts\/497300","targetHints":{"allow":["GET"]}}],"collection":[{"href":"https:\/\/www.diarioimagen.net\/index.php?rest_route=\/wp\/v2\/posts"}],"about":[{"href":"https:\/\/www.diarioimagen.net\/index.php?rest_route=\/wp\/v2\/types\/post"}],"author":[{"embeddable":true,"href":"https:\/\/www.diarioimagen.net\/index.php?rest_route=\/wp\/v2\/users\/3"}],"replies":[{"embeddable":true,"href":"https:\/\/www.diarioimagen.net\/index.php?rest_route=%2Fwp%2Fv2%2Fcomments&post=497300"}],"version-history":[{"count":0,"href":"https:\/\/www.diarioimagen.net\/index.php?rest_route=\/wp\/v2\/posts\/497300\/revisions"}],"wp:featuredmedia":[{"embeddable":true,"href":"https:\/\/www.diarioimagen.net\/index.php?rest_route=\/wp\/v2\/media\/497361"}],"wp:attachment":[{"href":"https:\/\/www.diarioimagen.net\/index.php?rest_route=%2Fwp%2Fv2%2Fmedia&parent=497300"}],"wp:term":[{"taxonomy":"category","embeddable":true,"href":"https:\/\/www.diarioimagen.net\/index.php?rest_route=%2Fwp%2Fv2%2Fcategories&post=497300"},{"taxonomy":"post_tag","embeddable":true,"href":"https:\/\/www.diarioimagen.net\/index.php?rest_route=%2Fwp%2Fv2%2Ftags&post=497300"}],"curies":[{"name":"wp","href":"https:\/\/api.w.org\/{rel}","templated":true}]}}