{"id":497302,"date":"2021-02-22T00:03:34","date_gmt":"2021-02-22T06:03:34","guid":{"rendered":"https:\/\/www.diarioimagen.net\/?p=497302"},"modified":"2021-02-22T06:36:06","modified_gmt":"2021-02-22T12:36:06","slug":"implementa-cuautitlan-un-operativo-para-desinfectar-unidades-del-transporte-publico","status":"publish","type":"post","link":"https:\/\/www.diarioimagen.net\/?p=497302","title":{"rendered":"Implementa Cuautitl\u00e1n un operativo para desinfectar unidades del transporte p\u00fablico"},"content":{"rendered":"<p>&nbsp;<\/p>\n<ul>\n<li><strong><em>En coordinaci\u00f3n con el municipio de Melchor Ocampo<\/em><\/strong><\/li>\n<\/ul>\n<p>&nbsp;<\/p>\n<div id=\"attachment_497370\" style=\"width: 470px\" class=\"wp-caption aligncenter\"><a href=\"https:\/\/www.diarioimagen.net\/?attachment_id=497370\" rel=\"attachment wp-att-497370\"><img loading=\"lazy\" decoding=\"async\" aria-describedby=\"caption-attachment-497370\" class=\"size-full wp-image-497370\" src=\"https:\/\/www.diarioimagen.net\/wp-content\/uploads\/2021\/02\/cuautitlan-8.jpg\" alt=\"\" width=\"460\" height=\"270\" \/><\/a><p id=\"caption-attachment-497370\" class=\"wp-caption-text\">Movilidad de Cuautitl\u00e1n y el municipio de Melchor Ocampo llevaron a cabo un operativo de desinfecci\u00f3n del transporte p\u00fablico que circula entre ambas demarcaciones.<\/p><\/div>\n<p>&nbsp;<\/p>\n<p><strong>Cuautitl\u00e1n, Estado de M\u00e9xico<\/strong>.- Con el objetivo de minimizar los contagios entre la poblaci\u00f3n el gobierno a trav\u00e9s de la Direcci\u00f3n de Movilidad en Coordinaci\u00f3n con el municipio de Melchor Ocampo, llevaron a cabo un operativo de desinfecci\u00f3n de las unidades del transporte p\u00fablico que circulan entre ambas demarcaciones.<\/p>\n<p>Estas medidas preventivas sanitarias para evitar la propagaci\u00f3n del SARS-CoV-2, entre los usuarios del servicio de transporte, est\u00e1n encaminadas a reforzar las acciones que se vienen realizando en Cuautitl\u00e1n para el cuidado de la salud, adem\u00e1s de dar seguimiento a las recomendaciones de las autoridades sanitarias, destac\u00f3 el personal encargado de estas acciones.<\/p>\n<p>Con un sistema de nebulizado para la aplicaci\u00f3n de cuaternario de amonio de cuarta generaci\u00f3n dentro de las unidades, se realiz\u00f3 la desinfecci\u00f3n de las superficies, pasamanos y manijas del transporte, una vez el pasaje hab\u00eda descendido de la unidad.<\/p>\n<p>Sobre la carretera que comunica al municipio vecino de Melchor Ocampo, se instal\u00f3 el operativo de desinfecci\u00f3n, donde todo el personal participante atendi\u00f3 las medidas sanitarias, adem\u00e1s de dotar de cubre bocas a las personas que lo solicitaban.<\/p>\n<p>Durante el operativo se invit\u00f3 a los usuarios a continuar con las reglas b\u00e1sicas para reforzar el cuidado de todos, como el lavado constante de manos con agua y jab\u00f3n, uso de gel antibacterial y cubre bocas correctamente, tanto en el transporte como en sus centros de trabajo y el hogar.<\/p>\n<p>De forma coordinada se continuar\u00e1 con esta acciones preventiva sanitarias, en el transporte p\u00fablico, por lo que se pide a la poblaci\u00f3n apoyar esta medidas emprendidas.<\/p>\n","protected":false},"excerpt":{"rendered":"<p>Con el objetivo de minimizar los contagios entre la poblaci\u00f3n el gobierno a trav\u00e9s de la Direcci\u00f3n de Movilidad en Coordinaci\u00f3n con el municipio de Melchor Ocampo, llevaron a cabo un operativo de desinfecci\u00f3n de las unidades del transporte p\u00fablico que circulan entre ambas demarcaciones.<\/p>\n","protected":false},"author":3,"featured_media":497370,"comment_status":"open","ping_status":"open","sticky":false,"template":"","format":"standard","meta":{"_monsterinsights_skip_tracking":false,"_monsterinsights_sitenote_active":false,"_monsterinsights_sitenote_note":"","_monsterinsights_sitenote_category":0,"footnotes":""},"categories":[5],"tags":[681,92427,43675],"class_list":["post-497302","post","type-post","status-publish","format-standard","has-post-thumbnail","hentry","category-estado-de-mexico","tag-cuautitlan","tag-direccion-de-movilidad","tag-estado-de-mexico"],"_links":{"self":[{"href":"https:\/\/www.diarioimagen.net\/index.php?rest_route=\/wp\/v2\/posts\/497302","targetHints":{"allow":["GET"]}}],"collection":[{"href":"https:\/\/www.diarioimagen.net\/index.php?rest_route=\/wp\/v2\/posts"}],"about":[{"href":"https:\/\/www.diarioimagen.net\/index.php?rest_route=\/wp\/v2\/types\/post"}],"author":[{"embeddable":true,"href":"https:\/\/www.diarioimagen.net\/index.php?rest_route=\/wp\/v2\/users\/3"}],"replies":[{"embeddable":true,"href":"https:\/\/www.diarioimagen.net\/index.php?rest_route=%2Fwp%2Fv2%2Fcomments&post=497302"}],"version-history":[{"count":0,"href":"https:\/\/www.diarioimagen.net\/index.php?rest_route=\/wp\/v2\/posts\/497302\/revisions"}],"wp:featuredmedia":[{"embeddable":true,"href":"https:\/\/www.diarioimagen.net\/index.php?rest_route=\/wp\/v2\/media\/497370"}],"wp:attachment":[{"href":"https:\/\/www.diarioimagen.net\/index.php?rest_route=%2Fwp%2Fv2%2Fmedia&parent=497302"}],"wp:term":[{"taxonomy":"category","embeddable":true,"href":"https:\/\/www.diarioimagen.net\/index.php?rest_route=%2Fwp%2Fv2%2Fcategories&post=497302"},{"taxonomy":"post_tag","embeddable":true,"href":"https:\/\/www.diarioimagen.net\/index.php?rest_route=%2Fwp%2Fv2%2Ftags&post=497302"}],"curies":[{"name":"wp","href":"https:\/\/api.w.org\/{rel}","templated":true}]}}