{"id":497312,"date":"2021-02-22T00:02:22","date_gmt":"2021-02-22T06:02:22","guid":{"rendered":"https:\/\/www.diarioimagen.net\/?p=497312"},"modified":"2021-02-22T00:19:58","modified_gmt":"2021-02-22T06:19:58","slug":"andres-manuel-lopez-obrador-de-gira-con-su-patino-favorito","status":"publish","type":"post","link":"https:\/\/www.diarioimagen.net\/?p=497312","title":{"rendered":"Andr\u00e9s Manuel L\u00f3pez Obrador, de gira con su \u201cpati\u00f1o\u201d favorito"},"content":{"rendered":"<h2>La Retaguardia<\/h2>\n<h5>Adriana Moreno Cordero<\/h5>\n<p>&nbsp;<\/p>\n<ul>\n<li><em><strong>Malestares, estrategia para autovictimizarse<\/strong><\/em><\/li>\n<\/ul>\n<p>&nbsp;<\/p>\n<p>En su gira por el norte del pa\u00eds, el presidente <strong>Andr\u00e9s Manuel L\u00f3pez Obrador<\/strong>, en La Paz, Baja California Sur, todav\u00eda tuvo tiempo para promocionar su tan cuestionada Ley de Reforma El\u00e9ctrica que hizo llegar al Congreso de la Uni\u00f3n, con la consigna de que no se le cambiara \u201cni una coma\u201d.<\/p>\n<p>Estuvo acompa\u00f1ado de su \u201cpati\u00f1o\u201d y protegido favorito, el director de la Comisi\u00f3n Federal de Electricidad, <strong>Manuel Bartlett,<\/strong> y asisti\u00f3 tambi\u00e9n el gobernador anfitri\u00f3n, <strong>Carlos Mendoza Davis<\/strong>. Llam\u00f3 el tabasque\u00f1o a \u201cpensar en el pueblo y no en las empresas\u201d y, osado, el Ejecutivo se comprometi\u00f3 a que ni subir\u00e1n las tarifas de luz, ni se registrar\u00e1n m\u00e1s apagones. Lo que hay que acotar, es que en el mundo de la llamada Cuarta Transformaci\u00f3n, todo hay que interpretarlo al rev\u00e9s; lo mismo ocurri\u00f3 cuando el Presidente tom\u00f3 las riendas del pa\u00eds, con la gasolina. En su campa\u00f1a, prometi\u00f3 que el litro del hidrocarburo bajar\u00eda hasta 10 pesos y nada de eso se cumpli\u00f3.<\/p>\n<p>El \u201cquid\u201d del asunto, es que antes de arribar a ese evento, no s\u00f3lo por las \u201cex benditas redes\u201d, se corri\u00f3 el rumor de que en el punto anterior de su gira, Baja California, L\u00f3pez Obrador se hab\u00eda desvanecido y hasta, supuestamente, lo hab\u00edan tenido que hospitalizar. \u00bfSer\u00e1?<\/p>\n<p>El caso es que \u201ccuando el r\u00edo suena, es que agua lleva\u201d y lo que s\u00ed es totalmente cierto, es que en las tierras gobernadas por <strong>Jaime Bonilla<\/strong>, al tabasque\u00f1o le fue muy mal, pues tuvo que soportar la presencia de las madres y padres de ni\u00f1os con c\u00e1ncer, que llevan mucho tiempo sin atenci\u00f3n, as\u00ed como los de los desaparecidos en el estado. Botellazos y consignas en contra de la llamada Cuarta Transformaci\u00f3n volaron por todos lados, as\u00ed que eso de que repentinamente el Presidente se sinti\u00f3 indispuesto, bien pudo tratarse de una estrategia, \u2014ya chole con la estrategia\u2014, de auto-victimizarse para ocultar el rechazo que cada vez despierta m\u00e1s en la poblaci\u00f3n.<\/p>\n<p>Por otro lado, hay que recordar una frase \u201c\u00bfC\u00f3mo se transmite la Covid?, \u00a1Ach\u00fa!\u201d. Este era uno de los memes que le hicieron ni m\u00e1s ni menos, que al subsecretario de Promoci\u00f3n y Prevenci\u00f3n de la Salud, <strong>Hugo L\u00f3pez-Gatell<\/strong>, quien el s\u00e1bado nos sali\u00f3 con la \u201cnovedad\u201d de que contrajo Covid-19, eso s\u00ed, con s\u00edntomas leves e inmediatamente despu\u00e9s de que el secretario de la Defensa Nacional, <strong>Luis Cresencio Nacional<\/strong>, anunciara que tambi\u00e9n se infect\u00f3.<\/p>\n<p>El problema \u2014no tanto\u2014, para el funcionario consentido del presidente <strong>Andr\u00e9s Manuel L\u00f3pez Obrador<\/strong>, es que un buen porcentaje de la poblaci\u00f3n, simple y sencillamente no le creen porque resulta, quiz\u00e1s una casualidad, que poco a poco se han infectado algunos de los miembros del gabinete de esta llamada Cuarta Transformaci\u00f3n y todos han manifestado \u201cs\u00edntomas leves\u201d, cuando no s\u00f3lo por los corrillos de Palacio Nacional, rodaba la versi\u00f3n de que el Presidente y su primer c\u00edrculo, se hab\u00edan vacunado ya.<\/p>\n<p>Otro elemento, por el cual no le creen a L\u00f3pez-Gatell, es por la incompetencia con la que ha venido manejando la pandemia.<\/p>\n<p style=\"text-align: center;\"><strong>Municiones<\/strong><\/p>\n<p>*** Por tierras jaliscienses, mucho se dice que hay que voltear a ver a Puerto Vallarta.\u00a0 Esto porque el gobernador <strong>Enrique Alfaro<\/strong> y Movimiento Ciudadano est\u00e1n muy preocupados porque en Morena-Puerto Vallarta, lograron la f\u00f3rmula m\u00e1s acabada para lograr una victoria contundente. Se dice que la f\u00f3rmula ganadora est\u00e1 integrada por la empresaria <strong>Laurel Carrillo<\/strong>, quien en la elecci\u00f3n anterior logr\u00f3 resultados impresionantes, sumando a este esfuerzo, se integra el diputado <strong>Luis Mungu\u00eda<\/strong>, quien en ese municipio, cuenta con los niveles m\u00e1s altos de aceptaci\u00f3n y conocimiento. El que debe estar con mucho temor, es el actual cacique del mencionado municipio <strong>Arturo D\u00e1valos<\/strong>. No hay que perder de vista Puerto Vallarta, en donde est\u00e1 en juego la estabilidad pol\u00edtica del movimiento naranja.<\/p>\n<p>*** Reza un refr\u00e1n y reza bien, \u201chonor a quien honor merece\u201d. Y en esta pandemia, ese reconocimiento lo han ganado a nivel nacional y mundial, por combatirlo, los cuerpos m\u00e9dicos p\u00fablicos y privados, as\u00ed como el personal que labora en las instituciones de salubridad.\u00a0Ejemplos los hay muchos; en d\u00edas pasados el ISSSTE Direcci\u00f3n Normativa de Salud, Centro M\u00e9dico Nacional \u201c20 de Noviembre\u201d otorg\u00f3 un muy merecido reconocimiento a <strong>Juan Antonio Pierzo Hern\u00e1ndez<\/strong>, por su capacitaci\u00f3n y desarrollo de actividades en el \u201cPrograma de Atenci\u00f3n a Pacientes con Enfermedad Respiratoria Aguda Covid-19\u201d.\u00a0El doctor Pierzo est\u00e1 certificado en Cardiolog\u00eda Nuclear, en Oncolog\u00eda Nuclear y en Imagenolog\u00eda Molecular. Actualmente, Juan Antonio Pierzo\u00a0 participa en Atenci\u00f3n M\u00e9dica Integral para SARS-CoV-2, espec\u00edficamente en el \u00e1rea de rehabilitaci\u00f3n a pacientes con secuela; Terapia exitosa y personalizada; Calibraci\u00f3n y venta de concentradores de ox\u00edgeno y material de vigilancia hemodin\u00e1mica personal.\u00a0Tambi\u00e9n colabora en Imagenolog\u00eda del Hospital de Especialidades \u201cDr. Belisario Dom\u00ednguez\u201d CDMX y, en Imagenolog\u00eda Nuclear del Centro M\u00e9dico Nacional \u201c20 de Noviembre\u201d del ISSSTE-CDMX.\u00a0El doctor Pierzo ha participado en la atenci\u00f3n y recuperaci\u00f3n de m\u00e1s de 550 personas que se han infectado de Covid 19. Solamente una de estas personas requiri\u00f3 hospitalizaci\u00f3n y \u00e9l la sac\u00f3 adelante.\u00a0El pasado s\u00e1bado 20 de febrero el doctor Pierzo Hern\u00e1ndez, particip\u00f3\u00a0en el programa Promo Estereo on Mixir con el tema \u201cAtenci\u00f3n Integral Covid 19.<\/p>\n<p>*** Hartos de no ser escuchados, habitantes del pueblo de <strong>San Bartolo Ameyalco<\/strong>, perteneciente a la alcald\u00eda de Alvaro Obreg\u00f3n, que por cierto, <strong>Layda SanSores San Rom\u00e1n<\/strong> dej\u00f3 botada para irse a competir por el gobierno de Campeche, hicieron cierres parciales en la avenida Desierto de los Leones para protestar porque toda el agua que les deber\u00eda llegar, es desviada a Santa Fe, con todo y sus edificios y la plaza, as\u00ed como a otras lujosas zonas residenciales como Rancho San Francisco, y los que tienen que tronarse los dedos por la falta del vital l\u00edquido y se ven en la necesidad de comprar pipas, al igual que habitantes de otras zonas de esas inmediaciones. San Bartolo Ameyalco, hizo un llamado tanto al presidente L\u00f3pez Obrador, como a la jefa del gobierno de la CDMX, <strong>Claudia Sheinbaum,<\/strong> porque llevan 11 meses sin agua, al tiempo que demandaron \u201cjuicio y castigo a quienes lucran con nuestro manantial.<\/p>\n<p>*** Raro que fuera un senador de Morena, <strong>Cruz P\u00e9rez Cuellar<\/strong>, el que propusiera en un Punto de Acuerdo enlistado en la Gaceta Parlamentaria a la Secretar\u00eda de Salud, que se considere a odont\u00f3logas y odont\u00f3logos dentro del grupo de trabajadores que deben ser vacunados contra el SARS-CoV-2, por desempe\u00f1ar una labor con alto riesgo de contagio.\u00a0 Y es que en una de sus brillantes ocurrencias, no hace caso a las solicitudes que le han hecho el sector de los odont\u00f3logos y alega que es preferible vacunar a los atletas que participar\u00e1n en las Olimpiadas de Jap\u00f3n.<u><\/u><\/p>\n<p><u><a href=\"mailto:morcora@gmail.com\" target=\"_blank\" rel=\"noopener noreferrer\"><em>morcora@gmail.com<\/em><\/a><\/u><\/p>\n","protected":false},"excerpt":{"rendered":"<p><span style=\"color: #005497;\"><strong>Adriana Moreno Cordero<\/strong><\/span><\/p>\n","protected":false},"author":3,"featured_media":0,"comment_status":"open","ping_status":"open","sticky":false,"template":"","format":"standard","meta":{"_monsterinsights_skip_tracking":false,"_monsterinsights_sitenote_active":false,"_monsterinsights_sitenote_note":"","_monsterinsights_sitenote_category":0,"footnotes":""},"categories":[69370],"tags":[69369,69368,43674],"class_list":["post-497312","post","type-post","status-publish","format-standard","hentry","category-adriana-moreno-cordero","tag-adriana-moreno-cordero","tag-la-retaguardia","tag-opinion"],"_links":{"self":[{"href":"https:\/\/www.diarioimagen.net\/index.php?rest_route=\/wp\/v2\/posts\/497312","targetHints":{"allow":["GET"]}}],"collection":[{"href":"https:\/\/www.diarioimagen.net\/index.php?rest_route=\/wp\/v2\/posts"}],"about":[{"href":"https:\/\/www.diarioimagen.net\/index.php?rest_route=\/wp\/v2\/types\/post"}],"author":[{"embeddable":true,"href":"https:\/\/www.diarioimagen.net\/index.php?rest_route=\/wp\/v2\/users\/3"}],"replies":[{"embeddable":true,"href":"https:\/\/www.diarioimagen.net\/index.php?rest_route=%2Fwp%2Fv2%2Fcomments&post=497312"}],"version-history":[{"count":0,"href":"https:\/\/www.diarioimagen.net\/index.php?rest_route=\/wp\/v2\/posts\/497312\/revisions"}],"wp:attachment":[{"href":"https:\/\/www.diarioimagen.net\/index.php?rest_route=%2Fwp%2Fv2%2Fmedia&parent=497312"}],"wp:term":[{"taxonomy":"category","embeddable":true,"href":"https:\/\/www.diarioimagen.net\/index.php?rest_route=%2Fwp%2Fv2%2Fcategories&post=497312"},{"taxonomy":"post_tag","embeddable":true,"href":"https:\/\/www.diarioimagen.net\/index.php?rest_route=%2Fwp%2Fv2%2Ftags&post=497312"}],"curies":[{"name":"wp","href":"https:\/\/api.w.org\/{rel}","templated":true}]}}