{"id":497357,"date":"2021-02-22T00:03:34","date_gmt":"2021-02-22T06:03:34","guid":{"rendered":"https:\/\/www.diarioimagen.net\/?p=497357"},"modified":"2021-02-22T06:29:15","modified_gmt":"2021-02-22T12:29:15","slug":"sheinbaum-gano-6-alcaldias","status":"publish","type":"post","link":"https:\/\/www.diarioimagen.net\/?p=497357","title":{"rendered":"Sheinbaum \u201cgan\u00f3\u201d 6 alcald\u00edas\u00a0"},"content":{"rendered":"<h2>Centro..!<\/h2>\n<h5>Arturo R\u00edos Ruiz<\/h5>\n<p><em>\u00a0<\/em><\/p>\n<ul>\n<li><strong><em>Bejarano, seis y Monreal, ninguna<\/em><\/strong><\/li>\n<li><strong><em>Ebrard obtuvo las suyas<\/em><\/strong><\/li>\n<\/ul>\n<p>&nbsp;<\/p>\n<p>Morena ya tiene candidatos para la CDMX, Claudia Sheinbaum se impuso sobre Ebrard y logr\u00f3 seis alcald\u00edas y Ren\u00e9 Bejarano recobra su fuerza en la capital con seis. Marcelo logr\u00f3 tres y Monreal se qued\u00f3 con las ganas.<\/p>\n<p>La fortaleza de Ren\u00e9 Bejarano qued\u00f3 bien marcada que, en pique con la jefa de Gobierno de la CDMX, le cerr\u00f3 el paso a Ricardo Monreal que no alcanz\u00f3 a colocar a los suyos y fue el gran perdedor.<\/p>\n<p>Ricardo Monreal, luego de que les quitaran la alcald\u00eda en Cuauht\u00e9moc, quer\u00eda reelegir a N\u00e9stor N\u00fa\u00f1ez, o Alejandro Rojas D\u00edaz Dur\u00e1n y perdi\u00f3 Magdalena Contreras.<\/p>\n<p>Bejarano impuso a su esposa Dolores Padierna, que va por una segunda vuelta en la Cuauht\u00e9moc, donde mantuvo su nicho elector hasta la administraci\u00f3n de Alejandro Fern\u00e1ndez 2012-2015, pero contin\u00faa con gran penetraci\u00f3n y seguro ganar\u00e1 la elecci\u00f3n.<\/p>\n<p>Esta alcald\u00eda, la m\u00e1s importante de la CDMX, es el resumen de la capital, est\u00e1n asentados los poderes del pa\u00eds, seis embajadas, se movilizan m\u00e1s de cinco millones de personas aporta 25% al\u00a0Producto\u00a0Interno\u00a0Bruto, PIB, de la ciudad y 4.6% al\u00a0PIB nacional. Tambi\u00e9n resiente el paso de m\u00e1s de 3 mil marchas al a\u00f1o.<\/p>\n<p>Por su parte, Ren\u00e9, coloc\u00f3 en Tl\u00e1huac a Adriana Guadalupe Espinoza; \u00c1lvaro Obreg\u00f3n, Eduardo Santill\u00e1n P\u00e9rez; en Gustavo A. Madero repite Francisco Ch\u00edguil Figueroa y en Coyoac\u00e1n, Carlos Castillo P\u00e9rez. Ah\u00ed est\u00e1 el \u201cm\u00fasculo\u201d; se ha de sentir iridiscente.<\/p>\n<p>Las dem\u00e1s fueron para protegidos de Marcelo Ebrard Casaubon, Mart\u00ed Batres Guadarrama, Julio C\u00e9sar Moreno Rivera y Fernando Jos\u00e9 Aboitiz Saro.<\/p>\n<p>Mart\u00ed Batres propuso a Paula Soto Maldonado, en Benito Ju\u00e1rez, pero el senador, no ha tenido resultados en esa demarcaci\u00f3n, en 2003, su hermana, Lenia Batres, intent\u00f3 ser delegada por el PRD y perdi\u00f3 contundentemente. Es un basti\u00f3n netamente panista.<\/p>\n<p>Bien, quedaron repartidos los cotos de poder en la capital, en el que sobresale, el apabullante poder de dos morenistas, la jefa de Gobierno y el pol\u00e9mico Bejarano y hay que mencionar que Marcelo Ebrard, desde Relaciones Exteriores, se da tiempo para avanzar en sus pretensiones presidenciales.<\/p>\n<p>Ricardo Monreal intent\u00f3 colar a como plan B, a su personero Alejandro Rojas D\u00edaz-Dur\u00e1n que a la vez le sirve a Marcelo, fracas\u00f3. El senador zacatecano sufri\u00f3 por delirante su derrota.<\/p>\n<p><em><a href=\"mailto:rrrart2000@hotmail.com\" target=\"_blank\" rel=\"noopener noreferrer\">rrrart2000@hotmail.com<\/a><\/em><\/p>\n","protected":false},"excerpt":{"rendered":"<p><span style=\"color: #005497;\"><strong>Arturo R\u00edos Ruiz<\/strong><\/span><\/p>\n","protected":false},"author":3,"featured_media":0,"comment_status":"open","ping_status":"open","sticky":false,"template":"","format":"standard","meta":{"_monsterinsights_skip_tracking":false,"_monsterinsights_sitenote_active":false,"_monsterinsights_sitenote_note":"","_monsterinsights_sitenote_category":0,"footnotes":""},"categories":[82265],"tags":[82266,10806,43674],"class_list":["post-497357","post","type-post","status-publish","format-standard","hentry","category-arturo-rios-ruiz","tag-arturo-rios-ruiz","tag-centro","tag-opinion"],"_links":{"self":[{"href":"https:\/\/www.diarioimagen.net\/index.php?rest_route=\/wp\/v2\/posts\/497357","targetHints":{"allow":["GET"]}}],"collection":[{"href":"https:\/\/www.diarioimagen.net\/index.php?rest_route=\/wp\/v2\/posts"}],"about":[{"href":"https:\/\/www.diarioimagen.net\/index.php?rest_route=\/wp\/v2\/types\/post"}],"author":[{"embeddable":true,"href":"https:\/\/www.diarioimagen.net\/index.php?rest_route=\/wp\/v2\/users\/3"}],"replies":[{"embeddable":true,"href":"https:\/\/www.diarioimagen.net\/index.php?rest_route=%2Fwp%2Fv2%2Fcomments&post=497357"}],"version-history":[{"count":0,"href":"https:\/\/www.diarioimagen.net\/index.php?rest_route=\/wp\/v2\/posts\/497357\/revisions"}],"wp:attachment":[{"href":"https:\/\/www.diarioimagen.net\/index.php?rest_route=%2Fwp%2Fv2%2Fmedia&parent=497357"}],"wp:term":[{"taxonomy":"category","embeddable":true,"href":"https:\/\/www.diarioimagen.net\/index.php?rest_route=%2Fwp%2Fv2%2Fcategories&post=497357"},{"taxonomy":"post_tag","embeddable":true,"href":"https:\/\/www.diarioimagen.net\/index.php?rest_route=%2Fwp%2Fv2%2Ftags&post=497357"}],"curies":[{"name":"wp","href":"https:\/\/api.w.org\/{rel}","templated":true}]}}