{"id":497452,"date":"2021-02-23T00:02:58","date_gmt":"2021-02-23T06:02:58","guid":{"rendered":"https:\/\/www.diarioimagen.net\/?p=497452"},"modified":"2021-02-22T23:55:50","modified_gmt":"2021-02-23T05:55:50","slug":"hoy-aprueban-ley-de-reforma-electrica-en-san-lazaro","status":"publish","type":"post","link":"https:\/\/www.diarioimagen.net\/?p=497452","title":{"rendered":"Hoy aprueban ley de reforma el\u00e9ctrica en San L\u00e1zaro"},"content":{"rendered":"<h2>La Retaguardia<\/h2>\n<h5>Adriana Moreno Cordero<\/h5>\n<p><em>\u00a0<\/em><\/p>\n<ul>\n<li><strong><em>Mayor\u00eda de Morena amordazar\u00e1 a la oposici\u00f3n<\/em><\/strong><\/li>\n<\/ul>\n<p>&nbsp;<\/p>\n<p>Se supone que hoy ser\u00e1 discutida en la C\u00e1mara de Diputados la ley de la reforma el\u00e9ctrica que en resumidas cuentas, propiciar\u00e1 energ\u00eda cara y sucia -y si alguna duda hubiera, al tiempo-, y desde la semana pasada, la bancada de Morena en la C\u00e1mara Baja que coordina <strong>Ignacio Mier<\/strong>, dej\u00f3 ver lo burdo de su estrategia para sacar adelante la consigna presidencial, es decir, aprobarla sin quitarle ni una coma y para ello, amordazar\u00e1 nuevamente a la oposici\u00f3n.<\/p>\n<p>Como se recordar\u00e1, la bancada mayoritaria en San L\u00e1zaro, cuando dicha iniciativa era discutida en Comisiones, pr\u00e1cticamente secuestr\u00f3 las instalaciones para evitar que la oposici\u00f3n pudiera participar, la silenci\u00f3, por ello, no resulta descabellado suponer que hoy, los morenistas har\u00e1n lo mismo; evitar que quienes est\u00e1n en contra de dicha iniciativa puedan manifestarse.<\/p>\n<p>Quiz\u00e1s veremos una muy larga sesi\u00f3n pero al final, los morenistas est\u00e1n seguros en poderla sacar adelante. Qu\u00e9 desafortunado.<\/p>\n<p>El problema es que el presidente <strong>Andr\u00e9s Manuel L\u00f3pez Obrador<\/strong> cree que con acallar en la C\u00e1mara de Diputados a los opositores, es suficiente y no ha reparado que su eterno enfrentamiento con la Iniciativa Privada \u2014a su juicio, los \u201cmalos de la pel\u00edcula\u201d\u2014, abona en su propio descr\u00e9dito.<\/p>\n<p>Un ejemplo claro de esta situaci\u00f3n es que la Asociaci\u00f3n de Bancos de M\u00e9xico, (ABM), extern\u00f3 su malestar ante esta iniciativa, el presidente saliente de dicha Asociaci\u00f3n, <strong>Luis Ni\u00f1o de Rivera,<\/strong> declar\u00f3: Entonces, la iniciativa privada necesita certeza y claridad para seguir invirtiendo y eso es lo que tienen que considerar en esta iniciativa (de Reforma el\u00e9ctrica). Esperemos que as\u00ed suceda\u201d.<\/p>\n<p>Agreg\u00f3 que: \u201cDesafortunadamente, la intenci\u00f3n de esta iniciativa es que se consuma primero lo que genera la CFE y no las energ\u00edas necesariamente m\u00e1s baratas y ah\u00ed la iniciativa privada en M\u00e9xico y todo el mundo est\u00e1 transitando a la energ\u00edas renovables, e\u00f3lica y solar principalmente\u201d. Pero la cerraz\u00f3n y obstinaci\u00f3n del presidente L\u00f3pez Obrador es bien conocida y lo peor es que arrastra al pa\u00eds con sus ocurrencias y errores.<\/p>\n<p>Tan las trae en contra el presidente L\u00f3pez Obrador, que basta con revisar los n\u00fameros que dio a conocer la Auditor\u00eda Superior de la Federaci\u00f3n, (ASF), a cargo de <strong>David Colmenares<\/strong>, sobre el desperdicio de recursos millonarios para cumplir los caprichos del inquilino de Palacio Nacional y con ello, la ASF vino a asumir, sin duda un papel muy relevante.<\/p>\n<p>Dicho sea de paso, la Auditor\u00eda no est\u00e1 para dar informaci\u00f3n a los adversarios, como se empe\u00f1a en repetir el Ejecutivo haci\u00e9ndose la v\u00edctima; su deber es dar a conocer a la poblaci\u00f3n qu\u00e9 se hace con los recursos que se le est\u00e1n asignando a los gobernantes<\/p>\n<p>Al conocer la cuenta del 2019, como dicen los especialistas, se dieron varias sorpresas como por ejemplo el costo que signific\u00f3 para el pa\u00eds la cancelaci\u00f3n del aeropuerto de Texcoco y la corrupci\u00f3n que salieron a la luz por las opacas contrataciones en el aeropuerto de Santa Luc\u00eda, ese en el que el presidente inaugura pistas militares que llevan operando 50 a\u00f1os y donde la muestra es el sello de la casa, las adjudicaciones directas en donde no se contratan a los mejores, sino a los cuates<\/p>\n<p>Respecto al padr\u00f3n de beneficiarios de los programas sociales, ese es tambi\u00e9n todo un tema, pues al igual que las obras \u201cestrella\u201d del presidente, tambi\u00e9n est\u00e1 sumamente opaco, lo que pone al descubierto la falta de vigilancia y de rendici\u00f3n de cuentas donde hasta los muertos han estado recibiendo beneficios, con la anuencia de dependencias de las secretar\u00edas del Trabajo y Previsi\u00f3n Social, a cargo de <strong>Luisa Mar\u00eda Calder\u00f3n<\/strong> y la de Bienestar, que tan dignamente encabeza <strong>Javier May<\/strong>.<\/p>\n<p>O sea, que bien se puede concluir que L\u00f3pez Obrador, en tan s\u00f3lo dos a\u00f1os, nunca ha ejercido un poder pulcro y cuidadoso, de eso, nada de nada, y lo que falta.<\/p>\n<p style=\"text-align: center;\"><strong>Municiones<\/strong><\/p>\n<p>*** Ante los sucesos que se han presentado en los \u00faltimos meses en el Sistema de Transporte Colectivo Metro en la Ciudad de M\u00e9xico, diputadas y diputados, integrantes del Grupo Parlamentario del PRI, que coordina Ren\u00e9 Ju\u00e1rez Cisneros, realizaron un exhorto al Congreso de la Ciudad de M\u00e9xico, para que a trav\u00e9s de la Auditor\u00eda Superior de la entidad, fiscalice los contratos signados durante los ejercicios fiscales 2019-2020, relacionados con acciones del mantenimiento, modernizaci\u00f3n y ampliaci\u00f3n de las l\u00edneas de servicio de este sistema de transporte. Los legisladores priistas lamentaron que el Metro presente una de sus crisis m\u00e1s severas, producto de la falta de programas de mantenimiento en su infraestructura, particularmente en rieles, trenes, estaciones y sistemas de comunicaci\u00f3n. Situaci\u00f3n que deriv\u00f3 en el incremento de accidentes, en los que lamentablemente se perdieron vidas. Sin duda, ah\u00ed tambi\u00e9n habr\u00e1 opacidad, en este caso, del gobierno de la CDMX.<\/p>\n<p>*** El itinerante Ricardo Anaya, que aspira la Presidencia de la Rep\u00fablica en 2024, se pronunci\u00f3 en un video sobre la iniciativa de reforma a la Ley de la Industria El\u00e9ctrica enviada con car\u00e1cter de preferente por el presidente L\u00f3pez Obrador, la cual ser\u00e1 votada esta semana en el Congreso. No es que el otrora \u201cjoven maravilla\u201d hubiera descubierto \u201cel hilo negro, pero en un video explic\u00f3 que hoy la energ\u00eda m\u00e1s barata y m\u00e1s limpia es la que se genera con el viento o el sol, que abundan en M\u00e9xico, as\u00ed como por plantas modernas de ciclo combinado. Por el contrario, la energ\u00eda generada con combust\u00f3leo es cinco veces m\u00e1s cara. Con la ley actual, la CFE est\u00e1 obligada a comprar primero la electricidad m\u00e1s barata, que proviene de fuentes limpias. Con la reforma que propone el Gobierno, por incre\u00edble que parezca, se pretende que la CFE compre primero la electricidad m\u00e1s cara y m\u00e1s sucia, producida con el residuo m\u00e1s contaminante del petr\u00f3leo: el combust\u00f3leo. \u201cLa raz\u00f3n es muy grave y no quieren que la sepas\u201d, dice Anaya, \u201cel gobierno tiene tanto combust\u00f3leo que ya no sabe qu\u00e9 hacer con \u00e9l. Ya no tienen d\u00f3nde almacenarlo y venderlo no es buen negocio como hace a\u00f1os, porque cada vez m\u00e1s pa\u00edses proh\u00edben quemarlo, justo porque contamina much\u00edsimo\u201d.<\/p>\n<p>*** El diputado <strong>Arturo Escobar<\/strong>, del PVEM, opin\u00f3 sobre la ley de reforma el\u00e9ctrica y dijo que para el d\u00eda de hoy,\u00a0 todo parece indicar que como se dio la votaci\u00f3n en Comisiones, la bancada mayoritaria podr\u00e1 reformar la industria el\u00e9ctrica, una ley que en opini\u00f3n no s\u00f3lo del legislador del Verde, es regresiva donde se le da la prelaci\u00f3n a la Comisi\u00f3n Federal de Electricidad y luego, muy relegadas, las energ\u00edas limpias. La bancada del PVEM anunci\u00f3 que no votar\u00e1n con Morena. \u00a1Qu\u00e9 raro!, porque cuando a ese instituto pol\u00edtico le conviene, sin problema alguno, se vuelve r\u00e9mora del partido mayoritario, pero como la semana pasada, legisladores del Verde acusaron a los del partido oficial de \u201cvolarle\u201d a sus senadores, pues ah\u00ed s\u00ed que rompieron, \u2014eso s\u00ed, por el momento\u2014, su v\u00ednculos con los morenistas. \u00bfCu\u00e1nto les durar\u00e1 el coraje?<\/p>\n<p><u><a href=\"mailto:morcora@gmail.com\" target=\"_blank\" rel=\"noopener noreferrer\"><em>morcora@gmail.com<\/em><\/a><\/u><\/p>\n","protected":false},"excerpt":{"rendered":"<p><span style=\"color: #005497;\"><strong>Adriana Moreno Cordero<\/strong><\/span><\/p>\n","protected":false},"author":3,"featured_media":0,"comment_status":"open","ping_status":"open","sticky":false,"template":"","format":"standard","meta":{"_monsterinsights_skip_tracking":false,"_monsterinsights_sitenote_active":false,"_monsterinsights_sitenote_note":"","_monsterinsights_sitenote_category":0,"footnotes":""},"categories":[69370],"tags":[69369,69368,43674],"class_list":["post-497452","post","type-post","status-publish","format-standard","hentry","category-adriana-moreno-cordero","tag-adriana-moreno-cordero","tag-la-retaguardia","tag-opinion"],"_links":{"self":[{"href":"https:\/\/www.diarioimagen.net\/index.php?rest_route=\/wp\/v2\/posts\/497452","targetHints":{"allow":["GET"]}}],"collection":[{"href":"https:\/\/www.diarioimagen.net\/index.php?rest_route=\/wp\/v2\/posts"}],"about":[{"href":"https:\/\/www.diarioimagen.net\/index.php?rest_route=\/wp\/v2\/types\/post"}],"author":[{"embeddable":true,"href":"https:\/\/www.diarioimagen.net\/index.php?rest_route=\/wp\/v2\/users\/3"}],"replies":[{"embeddable":true,"href":"https:\/\/www.diarioimagen.net\/index.php?rest_route=%2Fwp%2Fv2%2Fcomments&post=497452"}],"version-history":[{"count":0,"href":"https:\/\/www.diarioimagen.net\/index.php?rest_route=\/wp\/v2\/posts\/497452\/revisions"}],"wp:attachment":[{"href":"https:\/\/www.diarioimagen.net\/index.php?rest_route=%2Fwp%2Fv2%2Fmedia&parent=497452"}],"wp:term":[{"taxonomy":"category","embeddable":true,"href":"https:\/\/www.diarioimagen.net\/index.php?rest_route=%2Fwp%2Fv2%2Fcategories&post=497452"},{"taxonomy":"post_tag","embeddable":true,"href":"https:\/\/www.diarioimagen.net\/index.php?rest_route=%2Fwp%2Fv2%2Ftags&post=497452"}],"curies":[{"name":"wp","href":"https:\/\/api.w.org\/{rel}","templated":true}]}}