{"id":497581,"date":"2021-02-24T00:07:20","date_gmt":"2021-02-24T06:07:20","guid":{"rendered":"https:\/\/www.diarioimagen.net\/?p=497581"},"modified":"2021-02-24T21:41:36","modified_gmt":"2021-02-25T03:41:36","slug":"garantiza-salud-edomex-vacunacion-a-todos-los-adultos-mayores","status":"publish","type":"post","link":"https:\/\/www.diarioimagen.net\/?p=497581","title":{"rendered":"Garantiza Salud-Edomex vacunaci\u00f3n a todos los adultos mayores"},"content":{"rendered":"<p>&nbsp;<\/p>\n<ul>\n<li><em><strong>Abrir\u00e1n m\u00e1s centros de inmunizaci\u00f3n contra Covid en Ecatepec<\/strong><\/em><\/li>\n<\/ul>\n<p><strong>\u00a0<\/strong><\/p>\n<div id=\"attachment_497669\" style=\"width: 470px\" class=\"wp-caption aligncenter\"><a href=\"https:\/\/www.diarioimagen.net\/?attachment_id=497669\" rel=\"attachment wp-att-497669\"><img loading=\"lazy\" decoding=\"async\" aria-describedby=\"caption-attachment-497669\" class=\"size-full wp-image-497669\" src=\"https:\/\/www.diarioimagen.net\/wp-content\/uploads\/2021\/02\/edomex-vacunas.jpg\" alt=\"\" width=\"460\" height=\"270\" \/><\/a><p id=\"caption-attachment-497669\" class=\"wp-caption-text\">El lunes se aplicaron 5 mil 700 dosis de vacuna contra Covid-19 en Ecatepec y el martes, m\u00e1s de 6 mil personas.<\/p><\/div>\n<p>&nbsp;<\/p>\n<p><strong>Toluca, Estado de M\u00e9xico.- <\/strong>La Secretar\u00eda de Salud del Estado de M\u00e9xico cuenta con personal suficiente y capacitado para la aplicaci\u00f3n de vacuna contra Covid-19 a adultos mayores y est\u00e1n atentos a los lineamientos que se establezcan para la apertura de los centros de inmunizaci\u00f3n previstos en el municipio de Ecatepec.<\/p>\n<p>El titular de la dependencia, doctor Gabriel O\u2019Shea Cuevas, puntualiz\u00f3 que se resguardan m\u00e1s de 192 mil dosis del biol\u00f3gico de la farmac\u00e9utica Sinovac y se ha dispuesto de 350 vacunadores del Instituto de Salud del Estado de M\u00e9xico (ISEM), quienes trabajar\u00e1n las tres semanas en que se tiene programada la inoculaci\u00f3n de la poblaci\u00f3n de la tercera edad de esta demarcaci\u00f3n.<\/p>\n<p>Detall\u00f3 que la funci\u00f3n de la Secretar\u00eda de Salud es vigilar la red de fr\u00edo donde se conserva la vacuna, aplicar el biol\u00f3gico y revisar si no existen reacciones adversas en quienes hayan recibido la dosis.<\/p>\n<p>Asimismo, llam\u00f3 al orden a la poblaci\u00f3n y destac\u00f3 que no es necesario que pernocten afuera de los centros de vacunaci\u00f3n, ya que ponen en riesgo su salud ante las bajas temperaturas y subray\u00f3 que el proceso se realizar\u00e1 en tres semanas y est\u00e1 garantizado el suministro para cada persona mayor de 60 a\u00f1os.<\/p>\n<p>De igual manera, pidi\u00f3 evitar aglomeraciones, pues en el contexto de la pandemia se pone en riesgo a este sector de la poblaci\u00f3n que es muy vulnerable al contagio, por lo que deben acudir con cubrebocas y respetar la sana distancia.<\/p>\n<p>El doctor O\u2019Shea Cuevas explic\u00f3 que ayer lunes se aplicaron 5 mil 700 dosis de vacuna contra Covid-19 y el d\u00eda de hoy se prev\u00e9 que se inmunice a m\u00e1s de 6 mil personas, adem\u00e1s, con el apoyo de las autoridades locales se espera la apertura paulatina de los centros programados para esta importante actividad.<\/p>\n","protected":false},"excerpt":{"rendered":"<p>La Secretar\u00eda de Salud del Estado de M\u00e9xico cuenta con personal suficiente y capacitado para la aplicaci\u00f3n de vacuna contra Covid-19 a adultos mayores y est\u00e1n atentos a los lineamientos que se establezcan para la apertura de los centros de inmunizaci\u00f3n previstos en el municipio de Ecatepec.<\/p>\n","protected":false},"author":3,"featured_media":497669,"comment_status":"open","ping_status":"open","sticky":false,"template":"","format":"standard","meta":{"_monsterinsights_skip_tracking":false,"_monsterinsights_sitenote_active":false,"_monsterinsights_sitenote_note":"","_monsterinsights_sitenote_category":0,"footnotes":""},"categories":[5],"tags":[],"class_list":["post-497581","post","type-post","status-publish","format-standard","has-post-thumbnail","hentry","category-estado-de-mexico"],"_links":{"self":[{"href":"https:\/\/www.diarioimagen.net\/index.php?rest_route=\/wp\/v2\/posts\/497581","targetHints":{"allow":["GET"]}}],"collection":[{"href":"https:\/\/www.diarioimagen.net\/index.php?rest_route=\/wp\/v2\/posts"}],"about":[{"href":"https:\/\/www.diarioimagen.net\/index.php?rest_route=\/wp\/v2\/types\/post"}],"author":[{"embeddable":true,"href":"https:\/\/www.diarioimagen.net\/index.php?rest_route=\/wp\/v2\/users\/3"}],"replies":[{"embeddable":true,"href":"https:\/\/www.diarioimagen.net\/index.php?rest_route=%2Fwp%2Fv2%2Fcomments&post=497581"}],"version-history":[{"count":0,"href":"https:\/\/www.diarioimagen.net\/index.php?rest_route=\/wp\/v2\/posts\/497581\/revisions"}],"wp:featuredmedia":[{"embeddable":true,"href":"https:\/\/www.diarioimagen.net\/index.php?rest_route=\/wp\/v2\/media\/497669"}],"wp:attachment":[{"href":"https:\/\/www.diarioimagen.net\/index.php?rest_route=%2Fwp%2Fv2%2Fmedia&parent=497581"}],"wp:term":[{"taxonomy":"category","embeddable":true,"href":"https:\/\/www.diarioimagen.net\/index.php?rest_route=%2Fwp%2Fv2%2Fcategories&post=497581"},{"taxonomy":"post_tag","embeddable":true,"href":"https:\/\/www.diarioimagen.net\/index.php?rest_route=%2Fwp%2Fv2%2Ftags&post=497581"}],"curies":[{"name":"wp","href":"https:\/\/api.w.org\/{rel}","templated":true}]}}