{"id":497584,"date":"2021-02-24T00:05:48","date_gmt":"2021-02-24T06:05:48","guid":{"rendered":"https:\/\/www.diarioimagen.net\/?p=497584"},"modified":"2021-02-24T03:37:03","modified_gmt":"2021-02-24T09:37:03","slug":"entrega-caem-sistema-de-agua-en-la-comunidad-zanjillas-san-bartolome-villa-guerrero","status":"publish","type":"post","link":"https:\/\/www.diarioimagen.net\/?p=497584","title":{"rendered":"Entrega CAEM sistema de agua en la comunidad Zanjillas San Bartolom\u00e9, Villa Guerrero"},"content":{"rendered":"<p>&nbsp;<\/p>\n<ul>\n<li><strong><em>Invierte cerca de 6 mdp para beneficio de mil 200 habitantes<\/em><\/strong><\/li>\n<\/ul>\n<p>&nbsp;<\/p>\n<div id=\"attachment_497673\" style=\"width: 470px\" class=\"wp-caption aligncenter\"><a href=\"https:\/\/www.diarioimagen.net\/?attachment_id=497673\" rel=\"attachment wp-att-497673\"><img loading=\"lazy\" decoding=\"async\" aria-describedby=\"caption-attachment-497673\" class=\"size-full wp-image-497673\" src=\"https:\/\/www.diarioimagen.net\/wp-content\/uploads\/2021\/02\/EDOMEX24.jpg\" alt=\"\" width=\"460\" height=\"270\" \/><\/a><p id=\"caption-attachment-497673\" class=\"wp-caption-text\">Instala la Comisi\u00f3n del Agua Estatal 11.5 kil\u00f3metros de tuber\u00eda de polietileno de alta densidad.<\/p><\/div>\n<p>&nbsp;<\/p>\n<p><strong>Villa Guerrero, Estado de M\u00e9xico.-<\/strong> El gobierno del Estado de M\u00e9xico, a trav\u00e9s de la Comisi\u00f3n del Agua estatal (CAEM), entreg\u00f3 en la comunidad de Zanjillas San Bartolom\u00e9, municipio de Villa Guerrero, un nuevo sistema de agua potable, con una extensi\u00f3n de 11.5 kil\u00f3metros y una inversi\u00f3n de casi 6 millones de pesos.<\/p>\n<p>El Vocal Ejecutivo de la CAEM, Jorge Joaqu\u00edn Gonz\u00e1lez Bezares, afirm\u00f3 que este tipo de obras tienen un alto impacto social, ya que incrementan las oportunidades de desarrollo para las familias y generan ciclos econ\u00f3micos virtuosos entre la comunidad, y es justamente esta visi\u00f3n social y econ\u00f3mica el eje que impulsa la administraci\u00f3n del Estado de M\u00e9xico.<\/p>\n<p>La CAEM, organismo encargado de ejecutar la obra, inform\u00f3 que para hacer m\u00e1s eficiente el servicio que beneficia a mil 200 habitantes de la comunidad, tambi\u00e9n se construyeron nueve cajas rompedoras de presi\u00f3n, 290 tomas domiciliarias y un tanque de 50 metros c\u00fabicos.<\/p>\n<p>Tras formalizar la entrega a la presidenta municipal, Delia Nava Nava, el Vocal de la CAEM exhort\u00f3 a hacer un uso responsable del agua y refrend\u00f3 el compromiso del organismo con los mexiquenses de trabajar para que tengan mejores servicios h\u00eddricos.<\/p>\n","protected":false},"excerpt":{"rendered":"<p>El gobierno del Estado de M\u00e9xico, a trav\u00e9s de la Comisi\u00f3n del Agua estatal (CAEM), entreg\u00f3 en la comunidad de Zanjillas San Bartolom\u00e9, municipio de Villa Guerrero, un nuevo sistema de agua potable, con una extensi\u00f3n de 11.5 kil\u00f3metros y una inversi\u00f3n de casi 6 millones de pesos.<\/p>\n","protected":false},"author":3,"featured_media":497673,"comment_status":"open","ping_status":"open","sticky":false,"template":"","format":"standard","meta":{"_monsterinsights_skip_tracking":false,"_monsterinsights_sitenote_active":false,"_monsterinsights_sitenote_note":"","_monsterinsights_sitenote_category":0,"footnotes":""},"categories":[5],"tags":[92445,43675,4112],"class_list":["post-497584","post","type-post","status-publish","format-standard","has-post-thumbnail","hentry","category-estado-de-mexico","tag-comision-del-agua","tag-estado-de-mexico","tag-villa-guerrero"],"_links":{"self":[{"href":"https:\/\/www.diarioimagen.net\/index.php?rest_route=\/wp\/v2\/posts\/497584","targetHints":{"allow":["GET"]}}],"collection":[{"href":"https:\/\/www.diarioimagen.net\/index.php?rest_route=\/wp\/v2\/posts"}],"about":[{"href":"https:\/\/www.diarioimagen.net\/index.php?rest_route=\/wp\/v2\/types\/post"}],"author":[{"embeddable":true,"href":"https:\/\/www.diarioimagen.net\/index.php?rest_route=\/wp\/v2\/users\/3"}],"replies":[{"embeddable":true,"href":"https:\/\/www.diarioimagen.net\/index.php?rest_route=%2Fwp%2Fv2%2Fcomments&post=497584"}],"version-history":[{"count":0,"href":"https:\/\/www.diarioimagen.net\/index.php?rest_route=\/wp\/v2\/posts\/497584\/revisions"}],"wp:featuredmedia":[{"embeddable":true,"href":"https:\/\/www.diarioimagen.net\/index.php?rest_route=\/wp\/v2\/media\/497673"}],"wp:attachment":[{"href":"https:\/\/www.diarioimagen.net\/index.php?rest_route=%2Fwp%2Fv2%2Fmedia&parent=497584"}],"wp:term":[{"taxonomy":"category","embeddable":true,"href":"https:\/\/www.diarioimagen.net\/index.php?rest_route=%2Fwp%2Fv2%2Fcategories&post=497584"},{"taxonomy":"post_tag","embeddable":true,"href":"https:\/\/www.diarioimagen.net\/index.php?rest_route=%2Fwp%2Fv2%2Ftags&post=497584"}],"curies":[{"name":"wp","href":"https:\/\/api.w.org\/{rel}","templated":true}]}}