{"id":497586,"date":"2021-02-24T00:01:47","date_gmt":"2021-02-24T06:01:47","guid":{"rendered":"https:\/\/www.diarioimagen.net\/?p=497586"},"modified":"2021-02-24T03:33:20","modified_gmt":"2021-02-24T09:33:20","slug":"riu-hotels-resorts-cumple-20-anos-en-jamaica-fue-en-2001-cuando-abrio-su-primer-hotel","status":"publish","type":"post","link":"https:\/\/www.diarioimagen.net\/?p=497586","title":{"rendered":"<em>Riu Hotels  Resorts <\/em>cumple 20 a\u00f1os en Jamaica fue en 2001 cuando abri\u00f3 su primer hotel"},"content":{"rendered":"<h2>De cinco estrellas<\/h2>\n<h5>Victoria Gonz\u00e1lez Prado<\/h5>\n<p>&nbsp;<\/p>\n<ul>\n<li><strong><em>Gloria Guevara tom\u00f3 protesta a la nueva mesa directiva de la AFEET que preside Mariana P\u00e9rez<\/em><\/strong><\/li>\n<\/ul>\n<p>&nbsp;<\/p>\n<div id=\"attachment_497676\" style=\"width: 470px\" class=\"wp-caption aligncenter\"><a href=\"https:\/\/www.diarioimagen.net\/?attachment_id=497676\" rel=\"attachment wp-att-497676\"><img loading=\"lazy\" decoding=\"async\" aria-describedby=\"caption-attachment-497676\" class=\"size-full wp-image-497676\" src=\"https:\/\/www.diarioimagen.net\/wp-content\/uploads\/2021\/02\/turismo-10.jpg\" alt=\"\" width=\"460\" height=\"270\" \/><\/a><p id=\"caption-attachment-497676\" class=\"wp-caption-text\">Luis Riu.<\/p><\/div>\n<p>&nbsp;<\/p>\n<p><em>Riu<\/em> <em>Hotels &amp; Resorts<\/em> cumple 20 a\u00f1os en Jamaica. En 2001 la hotelera espa\u00f1ola abri\u00f3 su primer hotel en Negril, el <em>Riu Palace Tropical Bay. <\/em>Desde entonces, el compromiso no ha dejado de crecer y hoy cuenta con seis hoteles en tres destinos: (tres en Montego Bay, dos en Negril y uno en Ocho R\u00edos). Ahora tras los trabajos de reforma y renovaci\u00f3n que se han llevado a cabo en Jamaica y cuenta con oferta totalmente renovada o de nueva construcci\u00f3n.<\/p>\n<p>En 2001 <strong>Luis Riu<\/strong> CEO de la cadena apost\u00f3 por Jamaica para desarrollar sus operaciones. Tres a\u00f1os despu\u00e9s, abri\u00f3 Riu Negril y continu\u00f3 la inversi\u00f3n. As\u00ed abri\u00f3 Riu Ocho Rios en 2005. En 2007,\u00a0 en Montego Bay. Con el paso de los a\u00f1os \u2013diciembre 2020\u2014 lleg\u00f3 la renovaci\u00f3n del inmueble en Negril, y ha continuado la inversi\u00f3n en mejora de infraestructuras de todos los hoteles, y construy\u00f3 dos nuevos: el Riu Palace Jamaica y el Riu <em>Reggae<\/em> (2013 y 2016), en Montego Bay.<\/p>\n<p>El crecimiento de la cadena en Jamaica ha generado m\u00e1s de mil 500 empleos en el pa\u00eds con sus seis hoteles operativos, entre los cuales todav\u00eda trabajan empleados que empezaron a tejer la historia en Jamaica en 2001. El desempe\u00f1o ha sido siempre bien valorado por los hu\u00e9spedes lo que les ha valido premios del turoperador alem\u00e1n <em>TUI<\/em> o del turoperador americano <em>Apple Vacations,<\/em> como el <em>Golden Apple Award<\/em>\u00a0o el <em>Crystal Apple Award<\/em>, basados en la opini\u00f3n de cientos de miles de viajeros que valoran y punt\u00faan al personal, el servicio, calidad de los alimentos, instalaciones, playa y programas de actividades.<\/p>\n<p>Actualmente, <em>Riu Hotels<\/em> tiene m\u00e1s de 3 mil 300 habitaciones y m\u00e1s de 6 mil 700 camas en Jamaica. Por la pandemia cerraron sus hoteles en marzo de 2020, pocos meses despu\u00e9s abri\u00f3 el Riu Ocho Rios y ahora est\u00e1n operativos el <em>Riu Palace Jamaica<\/em> y el <em>Riu Montego Bay,<\/em> implementando todos ellos los protocolos recogidos en el Manual Post-Covid de <em>Riu Hotels<\/em>.<\/p>\n<p>\u2730\u2730\u2730\u2730\u2730 <strong>Gloria Guevara Manzo<\/strong>, presidenta y CEO del Consejo Mundial de Viajes y Turismo, (WTTC), tom\u00f3 protesta a la nueva mesa directiva de la Asociaci\u00f3n Femenil de Ejecutivas de Empresas Tur\u00edsticas (AFEET), que ahora preside <strong>Mariana P\u00e9rez<\/strong>.<\/p>\n<p>La representante del WTTC reconoci\u00f3 la gran labor que la Asociaci\u00f3n ha realizado en la industria, incluyendo los retos y desaf\u00edos a los que ha hecho frente durante el \u00faltimo a\u00f1o, a favor de la recuperaci\u00f3n del sector de viajes y turismo.<\/p>\n<p><strong>Guevara Manzo<\/strong> \u2013socia distinguida\u2013, dijo: \u201cfelicito a la AFEET por sus acciones y resultados en un a\u00f1o tan dif\u00edcil. Sin duda, el trabajo en equipo y la coordinaci\u00f3n de esfuerzos, ser\u00e1n clave para salir adelante en el restablecimiento de esta importante industria\u201d.<\/p>\n<p>En su oportunidad, <strong>Mariana P\u00e9rez<\/strong>, nueva presidenta, indic\u00f3: \u201cel mayor reto en la reactivaci\u00f3n de la industria del turismo es recuperar la confianza del viajero y para ello se requiere\u00a0 coordinaci\u00f3n global de los diversos integrantes: gobiernos, autoridades sanitarias, organismos internacionales y nacionales, y de nosotros como asociaci\u00f3n, a trav\u00e9s de la aplicaci\u00f3n de protocolos eficientes y efectivos coordinados entre los diferentes destinos, sean nacionales, regionales o internacionales\u201d.<\/p>\n<p><strong>Mariana<\/strong> tambi\u00e9n present\u00f3 su plan de trabajo centrado en dar continuidad y seguimiento a los proyectos enfocados 100 por ciento a la recuperaci\u00f3n de la industria sin chimeneas.\u00a0\u00a0 .<\/p>\n<p>Cabe se\u00f1alar que<strong> Mariana P\u00e9rez<\/strong> \u2013con experiencia de 18 a\u00f1os en la Industria tur\u00edstica\u2013, actualmente gestiona nuevos negocios para M\u00e9xico, el Caribe y Centroam\u00e9rica en Sabre, empresa de tecnolog\u00eda de viajes.<\/p>\n<p>La presidenta saliente<strong>, Brenda Alonso<\/strong>, destac\u00f3 los resultados y planes de acci\u00f3n llevados a cabo durante el \u00faltimo a\u00f1o, y reconoci\u00f3 la r\u00e1pida adaptaci\u00f3n de la Asociaci\u00f3n dentro del desafiante panorama. \u201cEl 2020 ser\u00e1 un a\u00f1o muy especial en nuestras vidas y en la AFEET ha dejado huella. Un a\u00f1o de grandes retos y ense\u00f1anzas, en el que aprendimos el valor de la unidad, el trabajo en equipo que nos uni\u00f3 en esperanza y nos fortaleci\u00f3 en resiliencia\u201d.<\/p>\n<p>La mesa directiva la integran: <strong>Mariana P\u00e9rez<\/strong>, presidenta nacional; <strong>Ivette Bistrain<\/strong>, primera vicepresidenta (Aerom\u00e9xico); <strong>Celida Puente<\/strong>, segunda vicepresidenta (<em>PriceTravel Holding<\/em>); <strong>Blanca Herrera<\/strong>, tesorera (<em>Marketing<\/em> en Turismo); <strong>Adriana de la Torre<\/strong>, secretaria (<em>Ad Nova Comunicaci\u00f3n Estrat\u00e9gica<\/em>); <strong>Brenda Alonso<\/strong>, asesora (<em>SG Mobile M\u00e9xico &amp; Latinoam\u00e9rica<\/em>); <strong>Yarla Covarrubias<\/strong>, comit\u00e9 de Expansi\u00f3n Desarrollo Nacional (<em>AMResorts<\/em>); <strong>Lourdes Berho<\/strong>, comit\u00e9 de Innovaci\u00f3n y Capacitaci\u00f3n (<em>Alchemia<\/em>); <strong>Tere Sol\u00eds<\/strong>, comit\u00e9 de Innovaci\u00f3n y Capacitaci\u00f3n (<em>Deloitte M\u00e9xico<\/em>).<\/p>\n<p><strong>Maren Hanschke<\/strong>, comit\u00e9 de Expansi\u00f3n y Desarrollo Internacional (<em>Flight Centre Travel Group<\/em>); <strong>Carmen Torreblanca<\/strong>, comit\u00e9 de Innovaci\u00f3n y Capacitaci\u00f3n (<em>Corporate &amp; Tourism Reps<\/em>); <strong>Lucy Moyano<\/strong>, comit\u00e9 de Innovaci\u00f3n y Capacitaci\u00f3n (Universidad An\u00e1huac); <strong>Karin Baldamus<\/strong>, comit\u00e9 de Nuevas Socias (<em>KB&amp;P Representaciones<\/em>); <strong>Magda Sald\u00edvar<\/strong>, comit\u00e9 de Marketing y Relaciones P\u00fablicas (<em>BeThere Mexico<\/em>); <strong>Erika Gonz\u00e1lez<\/strong>, comit\u00e9 de Marketing y Relaciones P\u00fablicas (Sales Internacional); <strong>Marcela Carmona<\/strong>, comit\u00e9 de Eventos (<em>Travel Shop<\/em>); <strong>y Ana Laura Acevedo<\/strong>, comit\u00e9 de Responsabilidad Social (RCI).<\/p>\n<p>Fueron reelectos los comit\u00e9s de Honor y Justicia, as\u00ed como el de Hacienda: <strong>Bego\u00f1a Fern\u00e1ndez<\/strong>, <strong>Mar\u00eda Elena Jean<\/strong> y <strong>Graciela Abud<\/strong>, en el comit\u00e9 Nacional de Honor y Justicia; y <strong>Olga Teresita Luna<\/strong>, en el comit\u00e9 Nacional de Hacienda.<\/p>\n<p>Es importante recordar que la AFEET celebra este a\u00f1o su 50 aniversario como organizaci\u00f3n consolidada, que busca continuar apoyando el fortalecimiento, desarrollo e inclusi\u00f3n de mujeres que desean crecer en la industria tur\u00edstica. A trav\u00e9s de sus tres ejes: Capacitaci\u00f3n, <em>networking<\/em> y responsabilidad social, la AFEET quiere vincular a las ejecutivas y empresarias de la Cadena de Valor de la Industria, a escala nacional e internacional.<\/p>\n<p>Durante la celebraci\u00f3n virtual \u2013antes de la toma de protesta\u2013 se hizo recuento de la historia de la agrupaci\u00f3n en la que se cont\u00f3 la participaci\u00f3n especial de <strong>Tere P\u00e9rez<\/strong>, segunda presidenta nacional de la AFEET, quien record\u00f3 los primeros pasos de la Asociaci\u00f3n y comparti\u00f3 que a lo largo de cinco d\u00e9cadas, sigue fortaleci\u00e9ndose con el trabajo y experiencia de sus integrantes.<\/p>\n<p>La AFEET \u2013fundada en 1970\u2013 naci\u00f3 con el objetivo de reunir a mujeres en puestos directivos y propietarias de empresas tur\u00edsticas, para impulsar al sector lo que fue parteaguas en el desarrollo del papel que la mujer mexicana ejerce.<\/p>\n<p>Hoy, la AFEET \u2014con m\u00e1s de 480 socias afiliadas y 11 Cap\u00edtulos filiales\u2014 es miembro de la Organizaci\u00f3n Mundial del Turismo (OMT) el Centro Nacional Empresarial Tur\u00edstico (CNET), y el WTTC.<\/p>\n<p>&nbsp;<\/p>\n<blockquote>\n<p style=\"text-align: right;\">\u201c<strong>El<\/strong> <strong>\u00e1ngel de la fama tiene sus alas hechas de papel&#8230; peri\u00f3dico\u201d.<br \/>\n<\/strong><\/p>\n<\/blockquote>\n<p>&nbsp;<\/p>\n<p><em><span class=\"Apple-converted-space\"><a href=\"mailto:victoriagprado@gmail.com\" target=\"_blank\" rel=\"noopener noreferrer\">victoriagprado@gmail.com<\/a><br \/>\nTwitter: <a href=\"https:\/\/twitter.com\/victoriagprado\" target=\"_blank\" rel=\"noopener noreferrer\">@victoriagprado<\/a><\/span><\/em><\/p>\n","protected":false},"excerpt":{"rendered":"<p><em>Riu Hotels &#038; Resorts<\/em> cumple 20 a\u00f1os en Jamaica. En 2001 la hotelera espa\u00f1ola abri\u00f3 su primer hotel en Negril, el <em>Riu Palace Tropical Bay. <\/em>Desde entonces, el compromiso no ha dejado de crecer y hoy cuenta con seis hoteles en tres destinos: (tres en Montego Bay, dos en Negril y uno en Ocho R\u00edos). Ahora tras los trabajos de reforma y renovaci\u00f3n que se han llevado a cabo en Jamaica y cuenta con oferta totalmente renovada o de nueva construcci\u00f3n.<\/p>\n","protected":false},"author":3,"featured_media":497676,"comment_status":"open","ping_status":"open","sticky":false,"template":"","format":"standard","meta":{"_monsterinsights_skip_tracking":false,"_monsterinsights_sitenote_active":false,"_monsterinsights_sitenote_note":"","_monsterinsights_sitenote_category":0,"footnotes":""},"categories":[11],"tags":[107,43674,43681,106],"class_list":["post-497586","post","type-post","status-publish","format-standard","has-post-thumbnail","hentry","category-turismo","tag-de-cinco-estrellas","tag-opinion","tag-turismo","tag-victoria-gonzalez-prado"],"_links":{"self":[{"href":"https:\/\/www.diarioimagen.net\/index.php?rest_route=\/wp\/v2\/posts\/497586","targetHints":{"allow":["GET"]}}],"collection":[{"href":"https:\/\/www.diarioimagen.net\/index.php?rest_route=\/wp\/v2\/posts"}],"about":[{"href":"https:\/\/www.diarioimagen.net\/index.php?rest_route=\/wp\/v2\/types\/post"}],"author":[{"embeddable":true,"href":"https:\/\/www.diarioimagen.net\/index.php?rest_route=\/wp\/v2\/users\/3"}],"replies":[{"embeddable":true,"href":"https:\/\/www.diarioimagen.net\/index.php?rest_route=%2Fwp%2Fv2%2Fcomments&post=497586"}],"version-history":[{"count":0,"href":"https:\/\/www.diarioimagen.net\/index.php?rest_route=\/wp\/v2\/posts\/497586\/revisions"}],"wp:featuredmedia":[{"embeddable":true,"href":"https:\/\/www.diarioimagen.net\/index.php?rest_route=\/wp\/v2\/media\/497676"}],"wp:attachment":[{"href":"https:\/\/www.diarioimagen.net\/index.php?rest_route=%2Fwp%2Fv2%2Fmedia&parent=497586"}],"wp:term":[{"taxonomy":"category","embeddable":true,"href":"https:\/\/www.diarioimagen.net\/index.php?rest_route=%2Fwp%2Fv2%2Fcategories&post=497586"},{"taxonomy":"post_tag","embeddable":true,"href":"https:\/\/www.diarioimagen.net\/index.php?rest_route=%2Fwp%2Fv2%2Ftags&post=497586"}],"curies":[{"name":"wp","href":"https:\/\/api.w.org\/{rel}","templated":true}]}}