{"id":497747,"date":"2021-02-25T00:02:45","date_gmt":"2021-02-25T06:02:45","guid":{"rendered":"https:\/\/www.diarioimagen.net\/?p=497747"},"modified":"2021-02-25T02:04:19","modified_gmt":"2021-02-25T08:04:19","slug":"comenzaron-actividades-de-la-oficina-de-profeco-en-el-palacio-municipal-de-tultitlan","status":"publish","type":"post","link":"https:\/\/www.diarioimagen.net\/?p=497747","title":{"rendered":"Comenzaron actividades de la oficina de Profeco en el Palacio Municipal de Tultitl\u00e1n"},"content":{"rendered":"<p>&nbsp;<\/p>\n<ul>\n<li><strong><em>Inspecci\u00f3n de b\u00e1sculas en central de abastos<\/em><\/strong><\/li>\n<\/ul>\n<p>&nbsp;<\/p>\n<div id=\"attachment_497882\" style=\"width: 470px\" class=\"wp-caption aligncenter\"><a href=\"https:\/\/www.diarioimagen.net\/?attachment_id=497882\" rel=\"attachment wp-att-497882\"><img loading=\"lazy\" decoding=\"async\" aria-describedby=\"caption-attachment-497882\" class=\"size-full wp-image-497882\" src=\"https:\/\/www.diarioimagen.net\/wp-content\/uploads\/2021\/02\/tultitlan-2.jpg\" alt=\"\" width=\"460\" height=\"270\" \/><\/a><p id=\"caption-attachment-497882\" class=\"wp-caption-text\">Iniciaron actividades de la oficina de la Procuradur\u00eda Federal del Consumidor (Profeco) en el municipio de Tultitl\u00e1n.<\/p><\/div>\n<p>&nbsp;<\/p>\n<p><strong> Tultitl\u00e1n, Estado de M\u00e9xico.-<\/strong> Se llev\u00f3 a cabo el corte de list\u00f3n inaugural de la entrada en actividades de la oficina de la Procuradur\u00eda Federal del Consumidor (Profeco) y el municipio de Tultitl\u00e1n.<\/p>\n<p>El evento fue presidido por el C. P. Jos\u00e9 Manuel Bonilla Alegr\u00eda, Director de Desarrollo Econ\u00f3mico del Gobierno de Tultitl\u00e1n y Francisco Estrada Ram\u00edrez, Director de la Oficina de Defensa del Consumidor zona metropolitana Tlalnepantla de la Profeco. Refrendando su compromiso con la poblaci\u00f3n de Tultitl\u00e1n, el contador Manuel Bonilla se\u00f1al\u00f3 que esta acci\u00f3n persigue la funci\u00f3n de empoderar al consumidor, proteger los derechos de los ciudadanos y cuidar la econom\u00eda de las familias tultitlenses.<\/p>\n<p>Todo tipo de irregularidades en materia de comercio pueden ser se\u00f1aladas ante la Profeco, desde un taller mec\u00e1nico, una reparadora de televisiones hasta agencias de autos y aerol\u00edneas, se\u00f1al\u00f3 Francisco Estrada Ram\u00edrez.<\/p>\n<p>Las denuncias e inconformidades que los habitantes de este municipio tengan, las pueden manifestar en la p\u00e1gina de internet www.concilianet. gob.mx, acudir al palacio municipal de la entidad en un horario de lunes a viernes de 9 a 19 horas, o llamar al tel\u00e9fono (55) 26 20 89 00 Ext. 1159.<\/p>\n<p>El mismo d\u00eda, como acci\u00f3n inmediata al compromiso adquirido con la sociedad, el contador p\u00fablico Manuel Bonilla, encabez\u00f3 en conjunto con elementos de la Profeco una revisi\u00f3n de calibraci\u00f3n a b\u00e1sculas de los comerciantes en la central de abastos de Tultitl\u00e1n.<\/p>\n<p>Los establecimientos que infringieron la normatividad, vendiendo kilos inexactos, fueron informados, sus herramientas de pesaje inhabilitadas y fueron acreedores a una sanci\u00f3n administrativa.<\/p>\n<p>Bonilla asever\u00f3 que este tipo de acciones ser\u00e1n continuas, favoreciendo as\u00ed a los habitantes de Tultitl\u00e1n, enalteciendo una relaci\u00f3n fruct\u00edfera y arm\u00f3nica entre todos los individuos.<\/p>\n","protected":false},"excerpt":{"rendered":"<p>Se llev\u00f3 a cabo el corte de list\u00f3n inaugural de la entrada en actividades de la oficina de la Procuradur\u00eda Federal del Consumidor (Profeco) y el municipio de Tultitl\u00e1n.<\/p>\n","protected":false},"author":3,"featured_media":497882,"comment_status":"open","ping_status":"open","sticky":false,"template":"","format":"standard","meta":{"_monsterinsights_skip_tracking":false,"_monsterinsights_sitenote_active":false,"_monsterinsights_sitenote_note":"","_monsterinsights_sitenote_category":0,"footnotes":""},"categories":[5],"tags":[43675,356,578],"class_list":["post-497747","post","type-post","status-publish","format-standard","has-post-thumbnail","hentry","category-estado-de-mexico","tag-estado-de-mexico","tag-profeco","tag-tultitlan"],"_links":{"self":[{"href":"https:\/\/www.diarioimagen.net\/index.php?rest_route=\/wp\/v2\/posts\/497747","targetHints":{"allow":["GET"]}}],"collection":[{"href":"https:\/\/www.diarioimagen.net\/index.php?rest_route=\/wp\/v2\/posts"}],"about":[{"href":"https:\/\/www.diarioimagen.net\/index.php?rest_route=\/wp\/v2\/types\/post"}],"author":[{"embeddable":true,"href":"https:\/\/www.diarioimagen.net\/index.php?rest_route=\/wp\/v2\/users\/3"}],"replies":[{"embeddable":true,"href":"https:\/\/www.diarioimagen.net\/index.php?rest_route=%2Fwp%2Fv2%2Fcomments&post=497747"}],"version-history":[{"count":0,"href":"https:\/\/www.diarioimagen.net\/index.php?rest_route=\/wp\/v2\/posts\/497747\/revisions"}],"wp:featuredmedia":[{"embeddable":true,"href":"https:\/\/www.diarioimagen.net\/index.php?rest_route=\/wp\/v2\/media\/497882"}],"wp:attachment":[{"href":"https:\/\/www.diarioimagen.net\/index.php?rest_route=%2Fwp%2Fv2%2Fmedia&parent=497747"}],"wp:term":[{"taxonomy":"category","embeddable":true,"href":"https:\/\/www.diarioimagen.net\/index.php?rest_route=%2Fwp%2Fv2%2Fcategories&post=497747"},{"taxonomy":"post_tag","embeddable":true,"href":"https:\/\/www.diarioimagen.net\/index.php?rest_route=%2Fwp%2Fv2%2Ftags&post=497747"}],"curies":[{"name":"wp","href":"https:\/\/api.w.org\/{rel}","templated":true}]}}