{"id":497750,"date":"2021-02-25T00:04:29","date_gmt":"2021-02-25T06:04:29","guid":{"rendered":"https:\/\/www.diarioimagen.net\/?p=497750"},"modified":"2021-02-25T01:55:09","modified_gmt":"2021-02-25T07:55:09","slug":"jovenes-de-huixquilucan-mostraran-su-talento-musical","status":"publish","type":"post","link":"https:\/\/www.diarioimagen.net\/?p=497750","title":{"rendered":"J\u00f3venes de Huixquilucan mostrar\u00e1n su talento musical"},"content":{"rendered":"<p>&nbsp;<\/p>\n<p><a href=\"https:\/\/www.diarioimagen.net\/?attachment_id=497875\" rel=\"attachment wp-att-497875\"><img loading=\"lazy\" decoding=\"async\" class=\"aligncenter wp-image-497875 size-full\" src=\"https:\/\/www.diarioimagen.net\/wp-content\/uploads\/2021\/02\/huixquilucan-14.jpg\" alt=\"\" width=\"460\" height=\"613\" \/><\/a><\/p>\n<p>&nbsp;<\/p>\n<p><strong>Huixquilucan, Estado de M\u00e9xico<\/strong><strong>.-<\/strong> El gobierno municipal, a trav\u00e9s de la Direcci\u00f3n General de Desarrollo Social y la Subdirecci\u00f3n de Atenci\u00f3n a la Juventud, convoca a todos los j\u00f3venes m\u00fasicos a mostrar su talento y capacidades art\u00edsticas y obtener as\u00ed, un espacio de difusi\u00f3n en la p\u00e1gina de Huixquilucan TV.<\/p>\n<p>Debido a la contingencia sanitaria por coronavirus, en esta ocasi\u00f3n todas las participaciones ser\u00e1n v\u00eda remota, exhortando a los participantes para que en todo momento respeten las medidas sanitarias.<\/p>\n","protected":false},"excerpt":{"rendered":"<p>El gobierno municipal, a trav\u00e9s de la Direcci\u00f3n General de Desarrollo Social y la Subdirecci\u00f3n de Atenci\u00f3n a la Juventud, convoca a todos los j\u00f3venes m\u00fasicos a mostrar su talento y capacidades art\u00edsticas y obtener as\u00ed, un espacio de difusi\u00f3n en la p\u00e1gina de Huixquilucan TV.<\/p>\n","protected":false},"author":3,"featured_media":497874,"comment_status":"open","ping_status":"open","sticky":false,"template":"","format":"standard","meta":{"_monsterinsights_skip_tracking":false,"_monsterinsights_sitenote_active":false,"_monsterinsights_sitenote_note":"","_monsterinsights_sitenote_category":0,"footnotes":""},"categories":[5],"tags":[43675,1097,92455,92456],"class_list":["post-497750","post","type-post","status-publish","format-standard","has-post-thumbnail","hentry","category-estado-de-mexico","tag-estado-de-mexico","tag-huixquilucan","tag-huixquilucan-tv","tag-pagina"],"_links":{"self":[{"href":"https:\/\/www.diarioimagen.net\/index.php?rest_route=\/wp\/v2\/posts\/497750","targetHints":{"allow":["GET"]}}],"collection":[{"href":"https:\/\/www.diarioimagen.net\/index.php?rest_route=\/wp\/v2\/posts"}],"about":[{"href":"https:\/\/www.diarioimagen.net\/index.php?rest_route=\/wp\/v2\/types\/post"}],"author":[{"embeddable":true,"href":"https:\/\/www.diarioimagen.net\/index.php?rest_route=\/wp\/v2\/users\/3"}],"replies":[{"embeddable":true,"href":"https:\/\/www.diarioimagen.net\/index.php?rest_route=%2Fwp%2Fv2%2Fcomments&post=497750"}],"version-history":[{"count":0,"href":"https:\/\/www.diarioimagen.net\/index.php?rest_route=\/wp\/v2\/posts\/497750\/revisions"}],"wp:featuredmedia":[{"embeddable":true,"href":"https:\/\/www.diarioimagen.net\/index.php?rest_route=\/wp\/v2\/media\/497874"}],"wp:attachment":[{"href":"https:\/\/www.diarioimagen.net\/index.php?rest_route=%2Fwp%2Fv2%2Fmedia&parent=497750"}],"wp:term":[{"taxonomy":"category","embeddable":true,"href":"https:\/\/www.diarioimagen.net\/index.php?rest_route=%2Fwp%2Fv2%2Fcategories&post=497750"},{"taxonomy":"post_tag","embeddable":true,"href":"https:\/\/www.diarioimagen.net\/index.php?rest_route=%2Fwp%2Fv2%2Ftags&post=497750"}],"curies":[{"name":"wp","href":"https:\/\/api.w.org\/{rel}","templated":true}]}}