{"id":497753,"date":"2021-02-25T00:07:31","date_gmt":"2021-02-25T06:07:31","guid":{"rendered":"https:\/\/www.diarioimagen.net\/?p=497753"},"modified":"2021-02-26T00:23:07","modified_gmt":"2021-02-26T06:23:07","slug":"alfredo-del-mazo-preside-la-ceremonia-conmemorativa-del-dia-de-la-bandera","status":"publish","type":"post","link":"https:\/\/www.diarioimagen.net\/?p=497753","title":{"rendered":"Alfredo Del Mazo preside la ceremonia conmemorativa del D\u00eda de la Bandera"},"content":{"rendered":"<p>&nbsp;<\/p>\n<ul>\n<li><strong><em>Acompa\u00f1ado de titulares del Legislativo y Judicial del Edomex<\/em><\/strong><\/li>\n<\/ul>\n<p>&nbsp;<\/p>\n<div id=\"attachment_497872\" style=\"width: 470px\" class=\"wp-caption aligncenter\"><a href=\"https:\/\/www.diarioimagen.net\/?attachment_id=497872\" rel=\"attachment wp-att-497872\"><img loading=\"lazy\" decoding=\"async\" aria-describedby=\"caption-attachment-497872\" class=\"size-full wp-image-497872\" src=\"https:\/\/www.diarioimagen.net\/wp-content\/uploads\/2021\/02\/del-mazo.jpg\" alt=\"\" width=\"460\" height=\"742\" \/><\/a><p id=\"caption-attachment-497872\" class=\"wp-caption-text\">Alfredo Del Mazo Maza encabez\u00f3 la ceremonia conmemorativa al D\u00eda de la Bandera, junto con los titulares de los Poderes Legislativo y Judicial del Estado de M\u00e9xico.<\/p><\/div>\n<p>&nbsp;<\/p>\n<p><strong>Toluca, Estado de M\u00e9xico.- <\/strong>El gobernador Alfredo Del Mazo Maza encabez\u00f3 la ceremonia conmemorativa al D\u00eda de la Bandera, junto con los titulares de los Poderes Legislativo y Judicial del Estado de M\u00e9xico, con quienes rindi\u00f3 los honores correspondientes al l\u00e1baro patrio.<\/p>\n<p>Cerca de las 10:00 horas de este mi\u00e9rcoles, el Gobernador mexiquense, acompa\u00f1ado por integrantes del Gabinete legal y ampliado de la administraci\u00f3n estatal, arrib\u00f3 a la Plaza de los M\u00e1rtires, en la ciudad de Toluca, para la conmemoraci\u00f3n de esta fecha.<\/p>\n<p>El izamiento de bandera, a cargo de elementos de la Secretar\u00eda de Seguridad, fue atestiguado tambi\u00e9n por Anais Burgos Hern\u00e1ndez, Presidenta de la Mesa Directiva de la LX Legislatura estatal; Ricardo Sodi Cu\u00e9llar, Presidente del Tribunal Superior de Justicia; Maurilio Hern\u00e1ndez Gonz\u00e1lez, Presidente de la Junta de Coordinaci\u00f3n Pol\u00edtica de la LX Legislatura; Francisco Jes\u00fas Leana Ojeda, Comandante de la 22a Zona Militar.<\/p>\n<p>Una vez que el l\u00e1baro patrio fue izado en el asta monumental de esta plaza, el Gobernador mexiquense, al igual que el Secretario General de Gobierno, Ernesto Nemer \u00c1lvarez, el representante del Comandante de la 37a Zona Militar, Coronel Adalberto Moreno, y titulares de Organismos Aut\u00f3nomos, entonaron el Himno Nacional, con lo cual concluy\u00f3 esta ceremonia.<\/p>\n","protected":false},"excerpt":{"rendered":"<p>El gobernador Alfredo Del Mazo Maza encabez\u00f3 la ceremonia conmemorativa al D\u00eda de la Bandera, junto con los titulares de los Poderes Legislativo y Judicial del Estado de M\u00e9xico, con quienes rindi\u00f3 los honores correspondientes al l\u00e1baro patrio.<\/p>\n","protected":false},"author":3,"featured_media":497871,"comment_status":"open","ping_status":"open","sticky":false,"template":"","format":"standard","meta":{"_monsterinsights_skip_tracking":false,"_monsterinsights_sitenote_active":false,"_monsterinsights_sitenote_note":"","_monsterinsights_sitenote_category":0,"footnotes":""},"categories":[5],"tags":[2505,2885,43675,20602,452],"class_list":["post-497753","post","type-post","status-publish","format-standard","has-post-thumbnail","hentry","category-estado-de-mexico","tag-alfredo-del-mazo-maza","tag-dia-de-la-bandera","tag-estado-de-mexico","tag-festejo","tag-toluca"],"_links":{"self":[{"href":"https:\/\/www.diarioimagen.net\/index.php?rest_route=\/wp\/v2\/posts\/497753","targetHints":{"allow":["GET"]}}],"collection":[{"href":"https:\/\/www.diarioimagen.net\/index.php?rest_route=\/wp\/v2\/posts"}],"about":[{"href":"https:\/\/www.diarioimagen.net\/index.php?rest_route=\/wp\/v2\/types\/post"}],"author":[{"embeddable":true,"href":"https:\/\/www.diarioimagen.net\/index.php?rest_route=\/wp\/v2\/users\/3"}],"replies":[{"embeddable":true,"href":"https:\/\/www.diarioimagen.net\/index.php?rest_route=%2Fwp%2Fv2%2Fcomments&post=497753"}],"version-history":[{"count":0,"href":"https:\/\/www.diarioimagen.net\/index.php?rest_route=\/wp\/v2\/posts\/497753\/revisions"}],"wp:featuredmedia":[{"embeddable":true,"href":"https:\/\/www.diarioimagen.net\/index.php?rest_route=\/wp\/v2\/media\/497871"}],"wp:attachment":[{"href":"https:\/\/www.diarioimagen.net\/index.php?rest_route=%2Fwp%2Fv2%2Fmedia&parent=497753"}],"wp:term":[{"taxonomy":"category","embeddable":true,"href":"https:\/\/www.diarioimagen.net\/index.php?rest_route=%2Fwp%2Fv2%2Fcategories&post=497753"},{"taxonomy":"post_tag","embeddable":true,"href":"https:\/\/www.diarioimagen.net\/index.php?rest_route=%2Fwp%2Fv2%2Ftags&post=497753"}],"curies":[{"name":"wp","href":"https:\/\/api.w.org\/{rel}","templated":true}]}}