{"id":497777,"date":"2021-02-25T00:02:20","date_gmt":"2021-02-25T06:02:20","guid":{"rendered":"https:\/\/www.diarioimagen.net\/?p=497777"},"modified":"2021-02-24T23:25:02","modified_gmt":"2021-02-25T05:25:02","slug":"john-ackerman-no-le-vaya-jugar-a-las-contras-al-presidente-amlo","status":"publish","type":"post","link":"https:\/\/www.diarioimagen.net\/?p=497777","title":{"rendered":"John Ackerman no le vaya jugar a las contras al presidente AMLO"},"content":{"rendered":"<h2>La Retaguardia<\/h2>\n<h5>Adriana Moreno Cordero<\/h5>\n<p><em>\u00a0<\/em><\/p>\n<ul>\n<li><strong><em>Primero, el gobernador Garc\u00eda Cabeza de Vaca, \u00bfqui\u00e9n sigue de la Alianza Federalista?<\/em><\/strong><\/li>\n<\/ul>\n<p>&nbsp;<\/p>\n<p>\u00bfC\u00f3mo est\u00e1 la jugada? La pregunta viene a cuento porque varias casualidades y puntos se juntaron en la pol\u00edtica de esta llamada Cuarta Transformaci\u00f3n. El presidente <strong>Andr\u00e9s Manuel L\u00f3pez Obrador<\/strong> y su hom\u00f3logo argentino, <strong>Alberto Fern\u00e1ndez<\/strong>, estuvieron ayer en Guerrero, donde el primero se comprometi\u00f3 a seguir buscando a los 43 estudiantes normalistas de Ayotzinapa desaparecidos, m\u00e1s all\u00e1 del cansancio -\u201cla justicia tardar\u00e1, pero llegar\u00e1\u201d, dijo-, y soslayando otros asuntos preocupantes y apremiantes que han ocurrido durante su gesti\u00f3n, llena de ocurrencias y errores, esos, insiste en silenciarlos porque le incomodan.<\/p>\n<p>Donde ambos mandatarios encabezaron la celebraci\u00f3n de los 200 a\u00f1os del Plan de Iguala, aparecieron una serie de narcomantas. Luego, y como resultado de la insistente defensa que ha venido haciendo el tabasque\u00f1o de su candidato consentido, <strong>F\u00e9lix Salgado Macedonio<\/strong>, en tierras guerrerenses, se registr\u00f3 un duro enfrentamiento entre las huestes del tambi\u00e9n llamado \u201cdiputado costales\u201d y las feministas que se siguen manifestando en contra de la candidatura de tan distinguido morenista, tambi\u00e9n en Iguala.<\/p>\n<p>Respecto a esto \u00faltimo, \u00bfseguir\u00e1 pensando el mandatario argentino que el tabasque\u00f1o es el Presidente m\u00e1s \u201cdecente y honesto\u201d que ha tenido M\u00e9xico?<\/p>\n<p>Otra cuesti\u00f3n que tampoco puede ser mera casualidad, es que en esta vehemente defensa de Salgado Macedonio, podr\u00eda decirse que el Ejecutivo le dio un leve \u201croz\u00f3n\u201d, tanto a la secretaria de la Funci\u00f3n P\u00fablica, <strong>Irma Er\u00e9ndira Sandoval<\/strong>, a su marido, <strong>John\u00a0 Ackerman<\/strong> y a quien en un momento dado, tambi\u00e9n aspir\u00f3 a la candidatura que ahora tan afanosamente ostenta el senador con licencia y se trata de <strong>Pablo Am\u00edlcar Sandoval<\/strong>.<\/p>\n<p>Pues ahora resulta que el devoto esposo de la titular de la SFP, ya hasta recibi\u00f3 su \u201cpremio de consolaci\u00f3n\u201d porque su cu\u00f1ado no result\u00f3 beneficiado con la esperada candidatura y ayer tambi\u00e9n, sali\u00f3 a la luz que a solicitud de una informaci\u00f3n solicitada al Conacyt, que como responsable t\u00e9cnico del proyecto \u201cDemocracia, Culturas Pol\u00edticas y Redes Sociodigitales en una era de Transformaci\u00f3n Social\u201d, recibi\u00f3 la nada despreciable cantidad de poco m\u00e1s de 5 millones de pesos y todo ese monto, para investigar a la oposici\u00f3n.<\/p>\n<p>Con raz\u00f3n la flamante secretaria de la Funci\u00f3n P\u00fablica les cierra el paso a los auditores de la Auditor\u00eda Superior de la Federaci\u00f3n, si lo suyo es la opacidad.<\/p>\n<p>Sin embargo, el inquilino de Palacio Nacional deber\u00e1 estar muy atento, no sea que con Ackerman le vaya a ocurrir lo mismo que con <strong>Elena Poniatowska<\/strong>, quien en mayo de 2019 recibi\u00f3 tambi\u00e9n 5 millones de pesos para su fundaci\u00f3n en el que pronunci\u00f3 la conmovedora frase: \u201cmira mam\u00e1, creo que somos muy felices aqu\u00ed\u2026\u201d. Despu\u00e9s, como se recordar\u00e1, la escritora manifest\u00f3 abiertamente su rechazo a la gustad\u00edsima conferencia de prensa ma\u00f1anera por repetitiva y cansada. Ahora, no sea que John Ackerman le vaya a jugar las contras al presidente, eso s\u00ed ser\u00eda imperdonable.<\/p>\n<p style=\"text-align: center;\"><strong>Municiones<\/strong><\/p>\n<p>*** Despu\u00e9s de una conmovedora lectura de una carta de 12 hojas que dirigiera el presidente L\u00f3pez Obrador ni m\u00e1s ni menos que a los gobernadores que conforman la Alianza Federalista, en la que les ped\u00eda que no hicieran uso electorero de los recursos que tienen (\u00a1mira nada m\u00e1s qui\u00e9n habla!), vino la andanada en contra de los mandatarios estatales del PAN y el primero fue el de Tamaulipas, <strong>Francisco Javier Garc\u00eda Cabeza de Vaca<\/strong>. La consigna sali\u00f3 de la C\u00e1mara de Diputados, pero es evidente que la \u201cl\u00ednea\u201d provino de Palacio Nacional. Garc\u00eda Cabeza de Vaca se aperson\u00f3 en San L\u00e1zaro desde donde recibi\u00f3 el apoyo de los legisladores de su partido, al tiempo que denunci\u00f3 que \u201cestas denuncias que hoy en d\u00eda est\u00e1n presentando son producto de una persecuci\u00f3n pol\u00edtica dada directamente de Palacio Nacional. Exijo poder contar con los documentos para tener una defensa justa y adecuada\u2026 Si hay alg\u00fan delito que he cometido es no haberme sometido a este gobierno federal\u201d. Ahora, la pregunta que se hacen no s\u00f3lo entre los gobernadores panistas es, \u00bfqui\u00e9n ser\u00e1 el siguiente?, porque la v\u00edspera de las elecciones del ya pr\u00f3ximo 6 de junio, gracias a que el Tribunal Electoral del Poder Judicial de la Federaci\u00f3n, quit\u00f3 en d\u00edas recientes el \u201ccandado\u201d que imped\u00eda a L\u00f3pez Obrador emitir comentarios en torno a temas electorales en sus gustad\u00edsimo \u201cstand-up\u201d ma\u00f1anero, pues el tabasque\u00f1o se da vuelo cada d\u00eda m\u00e1s y m\u00e1s y supone que puede hacer pr\u00e1cticamente lo que quiera, con tal de que su partido no pierda la mayor\u00eda absoluta en la C\u00e1mara de Diputados y gane el mayor n\u00famero de gubernaturas posible pues la oposici\u00f3n amenaza con quitarle varias.<\/p>\n<p>*** Irrisorio result\u00f3 que el Presidente quisiera deslindarse del caso del gobernador tamaulipeco al se\u00f1alar: \u201cNosotros no perseguimos a nadie, no es mi fuerte la venganza, pero tambi\u00e9n debe saberse que no somos tapadera de nadie\u201d. Por su parte, el fiscal <strong>Alejandro Gertz<\/strong> dijo que el procedimiento que se est\u00e1 siguiendo tiene una ventaja muy grande, su claridad, nosotros lo estamos presentando al Congreso para ver si existe la procebilidad correspondiente<\/p>\n<p>*** Las senadoras y los senadores del PAN expresaron su total respaldo al gobernador Garc\u00eda Cabeza de Vaca ante lo que se\u00f1alaron como falsas acusaciones que buscan desacreditarlo y afirmaron que es un distractor del gobierno de esta llamada Cuarta Transformaci\u00f3n ante su evidente fracaso. \u201cSe trata de una clara persecuci\u00f3n pol\u00edtica contra uno de los gobernadores m\u00e1s frontales e independientes que no se ha dejado manipular y siempre antepone los intereses de sus gobernados\u201d, sostuvo el coordinador en funciones, <strong>Erandi Berm\u00fadez M\u00e9ndez<\/strong>, en conferencia de prensa virtual. Lo que buscan, agreg\u00f3, es desprestigiar a la oposici\u00f3n, pretendiendo ganar a la mala lo que por su mal gobierno ya no pueden ganar en las urnas.\u00a0\u201cEstamos seguros que se les revertir\u00e1 electoralmente el manipuleo de la procuraci\u00f3n de justicia y las infamias. M\u00e9xico nuevamente tendr\u00e1 los contrapesos y equilibrios que todo pa\u00eds democr\u00e1tico necesita\u201d. Acompa\u00f1ado por senadoras y senadores de la bancada, Berm\u00fadez M\u00e9ndez afirm\u00f3 que es verdaderamente lamentable y contrario al llamado que hace el presidente L\u00f3pez Obrador a actuar con democracia frente al contexto pol\u00edtico electoral. \u201cNo se puede ignorar que las acusaciones y la solicitud de desafuero para el gobernador surgen en un momento en el que el presidente y su partido han sido exhibidos por su opacidad y m\u00faltiples irregularidades, por lo que ven minada la confianza de las y los ciudadanos frente a las elecciones m\u00e1s grandes de la historia de M\u00e9xico\u201d, se\u00f1al\u00f3.<\/p>\n<p><u><a href=\"mailto:morcora@gmail.com\" target=\"_blank\" rel=\"noopener noreferrer\"><em>morcora@gmail.com<\/em><\/a><\/u><\/p>\n","protected":false},"excerpt":{"rendered":"<p><span style=\"color: #005497;\"><strong>Adriana Moreno Cordero<\/strong><\/span><\/p>\n","protected":false},"author":3,"featured_media":0,"comment_status":"open","ping_status":"open","sticky":false,"template":"","format":"standard","meta":{"_monsterinsights_skip_tracking":false,"_monsterinsights_sitenote_active":false,"_monsterinsights_sitenote_note":"","_monsterinsights_sitenote_category":0,"footnotes":""},"categories":[69370],"tags":[69369,69368,43674],"class_list":["post-497777","post","type-post","status-publish","format-standard","hentry","category-adriana-moreno-cordero","tag-adriana-moreno-cordero","tag-la-retaguardia","tag-opinion"],"_links":{"self":[{"href":"https:\/\/www.diarioimagen.net\/index.php?rest_route=\/wp\/v2\/posts\/497777","targetHints":{"allow":["GET"]}}],"collection":[{"href":"https:\/\/www.diarioimagen.net\/index.php?rest_route=\/wp\/v2\/posts"}],"about":[{"href":"https:\/\/www.diarioimagen.net\/index.php?rest_route=\/wp\/v2\/types\/post"}],"author":[{"embeddable":true,"href":"https:\/\/www.diarioimagen.net\/index.php?rest_route=\/wp\/v2\/users\/3"}],"replies":[{"embeddable":true,"href":"https:\/\/www.diarioimagen.net\/index.php?rest_route=%2Fwp%2Fv2%2Fcomments&post=497777"}],"version-history":[{"count":0,"href":"https:\/\/www.diarioimagen.net\/index.php?rest_route=\/wp\/v2\/posts\/497777\/revisions"}],"wp:attachment":[{"href":"https:\/\/www.diarioimagen.net\/index.php?rest_route=%2Fwp%2Fv2%2Fmedia&parent=497777"}],"wp:term":[{"taxonomy":"category","embeddable":true,"href":"https:\/\/www.diarioimagen.net\/index.php?rest_route=%2Fwp%2Fv2%2Fcategories&post=497777"},{"taxonomy":"post_tag","embeddable":true,"href":"https:\/\/www.diarioimagen.net\/index.php?rest_route=%2Fwp%2Fv2%2Ftags&post=497777"}],"curies":[{"name":"wp","href":"https:\/\/api.w.org\/{rel}","templated":true}]}}