{"id":498095,"date":"2021-03-01T00:02:57","date_gmt":"2021-03-01T06:02:57","guid":{"rendered":"https:\/\/www.diarioimagen.net\/?p=498095"},"modified":"2021-02-28T23:30:07","modified_gmt":"2021-03-01T05:30:07","slug":"morena-selecciona-candidatos-de-dudosa-procedencia","status":"publish","type":"post","link":"https:\/\/www.diarioimagen.net\/?p=498095","title":{"rendered":"Morena selecciona candidatos de dudosa procedencia"},"content":{"rendered":"<h2>La Retaguardia<\/h2>\n<h5>Adriana Moreno Cordero<\/h5>\n<p>&nbsp;<\/p>\n<ul>\n<li><strong><em>La senadora plurinominal Nestora Salgado, oportunista<\/em><\/strong><\/li>\n<\/ul>\n<p>&nbsp;<\/p>\n<p>Tal pareciera que para el caso Guerrero, los morenistas tienden a seleccionar a gente de dudosa y oscura trayectoria. Y es que tambi\u00e9n en las filas del partido oficial prevalece el oportunismo y tan luego como la Comisi\u00f3n de Honor y Justicia dictamin\u00f3 que se repusiera el procedimiento para seleccionar a su candidato al gobierno del estado, de inmediato por las \u201cex benditas redes sociales\u201d, de plano se auto-postul\u00f3 ni m\u00e1s ni menos que la senadora <strong>Nestora Salgado<\/strong>; pareciera que estaba en el arrancadero, oportunista y nada m\u00e1s dispuesta a que las aspiraciones del cuestionable <strong>F\u00e9lix Salgado Macedonio<\/strong> se tambaleara.<\/p>\n<p>No basta m\u00e1s que recordar que la senadora plurinominal pas\u00f3 de ser comandante de la Polic\u00eda Comunitaria de Olinal\u00e1, Guerrero, a pisar la c\u00e1rcel en 2013, -sin orden de aprehensi\u00f3n de por medio-, acusada de los cargos de delincuencia organizada y secuestro. Sin embargo, fue liberada tres a\u00f1os despu\u00e9s, cuando se determin\u00f3 su inocencia porque cuando era comandante de la citada Polic\u00eda Comunitaria, supuestamente no cometi\u00f3 secuestro, sino detenciones legales, con todo y que cobraba presuntamente, como cinco mil pesos por dejar libres a los \u201cdetenidos\u201d.<\/p>\n<p>En la campa\u00f1a presidencial pasada, el entonces candidato del PRI, <strong>Jos\u00e9 Antonio Meade<\/strong>, la se\u00f1al\u00f3 como secuestradora. Y como se dice por las redes, \u201csiempre hay un <em>tweet<\/em>\u201d y la senadora Salgado respondi\u00f3 a dichos se\u00f1alamientos a la voz de que, \u201cLa difamaci\u00f3n es un delito .@JoseAMeadeK y te reto p\u00fablicamente a que pruebes tus afirmaciones. Ya basta de que t\u00fa y el #PRI criminalicen a los luchadores sociales. \u00a1No nos vamos a dejar! #MeadeMiente\u201d.<\/p>\n<p>Total, que con el triunfo de <strong>Andr\u00e9s Manuel L\u00f3pez Obrador<\/strong>, la hoy flamante senadora lleg\u00f3 a la C\u00e1mara alta y los se\u00f1alamientos que le hicieron, se perdieron en el triunfo de esta llamada cuarta transformaci\u00f3n, que por lo visto tambi\u00e9n hace gala del oportunismo y ahora, la se\u00f1ora Salgado ve la oportunidad de colarse\u00a0 y quitarle a quien a pesar de que llevan el mismo apellido no es su pariente, la candidatura, esgrimiendo que es mujer y una luchadora social, y como son precisamente las mujeres morenistas, -alrededor de 500-, no quieren a un violador de gobernador, ahora la legisladora quiere apropiarse de esa bandera.<\/p>\n<p>Tambi\u00e9n alzaron la mano ante la incertidumbre que dej\u00f3 la Comisi\u00f3n de Honor y Justicia de Morena, la presidenta municipal de Acapulco, <strong>Adela Rom\u00e1n<\/strong> y <strong>Luis Walton Aburto<\/strong>. Respecto a la se\u00f1ora Rom\u00e1n, no debe olvidarse que ella en todo momento apoy\u00f3 a F\u00e9lix Salgado, ahora que no se haga.<\/p>\n<p>Lo que s\u00ed, es que se le escapa un detalle a la distinguida senadora. Las versiones que ya desde el fin de semana corren, van en el sentido de que a lo mejor, el dirigente de Morena, <strong>Mario Mart\u00edn Delgado<\/strong>, va a volver a sacar adelante la candidatura de Salgado Macedonio, sobre todo, porque la Comisi\u00f3n de Honor y Justicia de Morena, insiste en desestimar los cargos que pesan sobre el senador.<\/p>\n<p>Las mujeres del partido oficial reconocieron en la resoluci\u00f3n la restituci\u00f3n del proceso; pero advirtieron que no dejar\u00e1n de estar alertas \u201cante la ambig\u00fcedad cuando mencionan al ex candidato como figura agraviada\u201d. Ahora resulta.<\/p>\n<p>Algo que tampoco se puede soslayar, es que pr\u00e1cticamente a horas de que se pusiera en entredicho la candidatura del tambi\u00e9n llamado \u201cdiputado costales\u201d, precisamente la secretaria de Gobernaci\u00f3n, <strong>Olga S\u00e1nchez Cordero<\/strong>, sin mencionar su nombre reprob\u00f3 la candidatura del actor de una sola pel\u00edcula.<\/p>\n<p>Ayer, la responsable de la pol\u00edtica interna del pa\u00eds, estuvo en \u00a0el foro \u201cParticipaci\u00f3n pol\u00edtica de las mujeres en M\u00e9xico: Retos y temas pendientes\u201d, de la MX Conference 2021, organizado por la asociaci\u00f3n de estudiantes mexicanos en la Universidad de Harvard, de alguna manera volvi\u00f3 al tema para decir que ha sido v\u00edctima de violencia, tanto en el gabinete, como en la prensa.<\/p>\n<p>No es la primera vez que la secretaria S\u00e1nchez Cordero acusa que ha sufrido de estos maltratos, pero deber\u00eda de tomar en cuenta que su jefe, el presidente, jam\u00e1s ha estado del lado de las mujeres.<\/p>\n<p style=\"text-align: center;\"><strong>Municiones<\/strong><\/p>\n<p>*** Se dice que molest\u00f3 mucho en Palacio Nacional, que justo d\u00edas despu\u00e9s de que el presidente L\u00f3pez Obrador hiciera un llamado a gobernadores y a alcaldes a no intervenir en las elecciones de este a\u00f1o, la presidenta municipal de Naucalpan, <strong>Patricia Dur\u00e1n Reveles<\/strong>, intentar\u00e1 sorprenderlo enviando a un \u201cpreguntero\u201d af\u00edn a esta llamada Cuarta Transformaci\u00f3n en la gustad\u00edsima conferencia ma\u00f1anera, para intentar pegarle a uno de los candidatos punteros que competir\u00e1 por ese municipio.\u00a0Cuentan que la ex panista -hoy convertida al morenismo-, recibi\u00f3 una Llamada de Palacio Nacional para hacerle ver su imprudencia de pagarle al \u201cpreguntero\u201d con la intenci\u00f3n de distraer la agenda democr\u00e1tica del Presidente. Todo indica que a Patricia Dur\u00e1n no le alcanzaron una gesti\u00f3n de gobierno para aprender a gobernar.<\/p>\n<p>*** El s\u00e1bado pasado, el SAT emiti\u00f3 un comunicado de prensa anunciando que reforz\u00f3 las acciones para combatir el contrabando t\u00e9cnico de az\u00facar, indicando que cualquier importaci\u00f3n que se pretenda efectuar sin el pago de aranceles tendr\u00e1 tanto sanciones administrativas como penales para importadores, agentes aduanales y dem\u00e1s personas involucradas, ya que el SAT estima la que la evasi\u00f3n de impuestos por importaci\u00f3n de az\u00facar asciende a 250 millones de pesos anuales. El SAT especific\u00f3 que la importaci\u00f3n de az\u00facar est\u00e1 sujeta al pago de impuestos, siendo falso que existan actualmente cupos o preferencias comerciales derivadas de los Tratados Internacionales, incluyendo el Tratado firmado entre M\u00e9xico y los pa\u00edses de Centroam\u00e9rica, ya que ilegalmente se hab\u00edan aducido dichos mecanismos para evadir fraudulentamente los impuestos de importaci\u00f3n de az\u00facar. Por esa raz\u00f3n, <em>\u00a0<\/em>la C\u00e1mara Nacional de las Industrias Azucarera y Alcoholera (CNIAA) agradeci\u00f3 y se sum\u00f3 a las acciones tomadas por el Servicio de Administraci\u00f3n Tributaria y la Administraci\u00f3n General de Aduanas para combatir el contrabando t\u00e9cnico de az\u00facar al territorio mexicano.<\/p>\n<p>*** En su calidad de presidenta de la Asociaci\u00f3n de Autoridades Locales de M\u00e9xico, A.C. (ALMAC), la alcaldesa de Solidaridad, <strong>Laura Beristain Navarrete<\/strong> e integrantes de esta asociaci\u00f3n que agrupa alcaldes de m\u00e1s de 800 municipios de M\u00e9xico, acordaron trabajar por condiciones que permitan mayor igualdad al celebrar el foro nacional \u201cLa participaci\u00f3n de la mujer en la vida p\u00fablica\u201d. Acompa\u00f1ada de la presidenta honoraria del DIF Solidaridad, Karla Robles Miranda, la alcaldesa dio la bienvenida a Playa del Carmen a presidentes municipales y autoridades de Puebla, Estado de M\u00e9xico, Morelos, Guerrero, Tabasco, Veracruz, Nayarit, Chiapas, Michoac\u00e1n, Hidalgo, Baja California Sur, Zacatecas, Sonora, Quintana Roo y Ciudad de M\u00e9xico, quienes participaron de manera presencial y v\u00eda remota, respetando los protocolos de salud de esta Nueva Normalidad.<\/p>\n<p><u><a href=\"mailto:morcora@gmail.com\" target=\"_blank\" rel=\"noopener noreferrer\"><em>morcora@gmail.com<\/em><\/a><\/u><\/p>\n","protected":false},"excerpt":{"rendered":"<p><span style=\"color: #005497;\"><strong>Adriana Moreno Cordero<\/strong><\/span><\/p>\n","protected":false},"author":3,"featured_media":0,"comment_status":"open","ping_status":"open","sticky":false,"template":"","format":"standard","meta":{"_monsterinsights_skip_tracking":false,"_monsterinsights_sitenote_active":false,"_monsterinsights_sitenote_note":"","_monsterinsights_sitenote_category":0,"footnotes":""},"categories":[69370],"tags":[69369,69368,43674],"class_list":["post-498095","post","type-post","status-publish","format-standard","hentry","category-adriana-moreno-cordero","tag-adriana-moreno-cordero","tag-la-retaguardia","tag-opinion"],"_links":{"self":[{"href":"https:\/\/www.diarioimagen.net\/index.php?rest_route=\/wp\/v2\/posts\/498095","targetHints":{"allow":["GET"]}}],"collection":[{"href":"https:\/\/www.diarioimagen.net\/index.php?rest_route=\/wp\/v2\/posts"}],"about":[{"href":"https:\/\/www.diarioimagen.net\/index.php?rest_route=\/wp\/v2\/types\/post"}],"author":[{"embeddable":true,"href":"https:\/\/www.diarioimagen.net\/index.php?rest_route=\/wp\/v2\/users\/3"}],"replies":[{"embeddable":true,"href":"https:\/\/www.diarioimagen.net\/index.php?rest_route=%2Fwp%2Fv2%2Fcomments&post=498095"}],"version-history":[{"count":0,"href":"https:\/\/www.diarioimagen.net\/index.php?rest_route=\/wp\/v2\/posts\/498095\/revisions"}],"wp:attachment":[{"href":"https:\/\/www.diarioimagen.net\/index.php?rest_route=%2Fwp%2Fv2%2Fmedia&parent=498095"}],"wp:term":[{"taxonomy":"category","embeddable":true,"href":"https:\/\/www.diarioimagen.net\/index.php?rest_route=%2Fwp%2Fv2%2Fcategories&post=498095"},{"taxonomy":"post_tag","embeddable":true,"href":"https:\/\/www.diarioimagen.net\/index.php?rest_route=%2Fwp%2Fv2%2Ftags&post=498095"}],"curies":[{"name":"wp","href":"https:\/\/api.w.org\/{rel}","templated":true}]}}