{"id":498096,"date":"2021-03-01T00:01:30","date_gmt":"2021-03-01T06:01:30","guid":{"rendered":"https:\/\/www.diarioimagen.net\/?p=498096"},"modified":"2021-02-28T23:31:24","modified_gmt":"2021-03-01T05:31:24","slug":"plebeyos-y-potentados","status":"publish","type":"post","link":"https:\/\/www.diarioimagen.net\/?p=498096","title":{"rendered":"Plebeyos y potentados"},"content":{"rendered":"<h2>De pe a pa<\/h2>\n<h5>Alberto Vieyra G.<\/h5>\n<p>&nbsp;<\/p>\n<p>Ocurrieron dos encuentros pol\u00edticos con mucho simbolismo para el presente y el futuro de M\u00e9xico.<\/p>\n<p>Por un lado, Joseph Biden y Justin Trudeau, los meros, meros petateros de Estados Unidos y Canad\u00e1 se reunieron en una videoconferencia para pasarse el chicle. Y por el otro lado, Andr\u00e9s Manuel L\u00f3pez Obrador y el presidente argentino Alberto Fern\u00e1ndez, \u00e9ste con cubrebocas del proletariado y el mandatario azteca sin \u00e9l, de manera presencial y frente a frente.<\/p>\n<p>Biden, marcar\u00eda su raya con M\u00e9xico cuando asegur\u00f3 que \u201cel mejor amigo de Estados Unidos se llama Canad\u00e1\u201d. El simb\u00f3lico mensaje de Biden fue \u201cte lo digo Juan, para que los entienda Pedro\u201d o \u201cte lo dijo a ti, mi hijo, pa\u00b4que lo entiendas t\u00fa, mi nuera\u201d.<\/p>\n<p>\u00bfEn qu\u00e9 lugar del coraz\u00f3n de Biden y de los norteamericanos se encuentra M\u00e9xico y AMLO, quien cada vez m\u00e1s ve para Sudam\u00e9rica, Rusia y China, y no para Norteam\u00e9rica? \u00bfDeveras, deveras Estados Unidos tiene amigos o solamente socios comerciales? \u00bfPues no que M\u00e9xico es el principal socio comercial de Estados Unidos? Bueno, era porque en 2020 China desplaz\u00f3 a M\u00e9xico como principal socio comercial de Estados Unidos y sin tener tratado comercial con el imperio del norte.<\/p>\n<p>Desde que AMLO asumi\u00f3 el poder, las cuestiones comerciales con Estados Unidos se vinieron abajo y no se diga con Canad\u00e1, toda vez que L\u00f3pez Obrador ha emprendido una guerra sin cuartel contra las empresas petroleras y generadoras de energ\u00edas limpias de ambas naciones, lo cual no gusta, pero nadita a nuestros socios comerciales del norte. Pero, adem\u00e1s, AMLO arrastra el San Benito de haber hipotecado su coraz\u00f3n con la <em>bestia trumpiana<\/em>, Donald Trump, quien sali\u00f3 como el cohetero de mi pueblo: \u201cMal con todo el mundo\u201d. M\u00e9xico y China ser\u00edan los \u00faltimos en felicitar a Biden por haber echado de la Casa Blanca a ese mal gobernante que le hizo tanto da\u00f1o a Estados Unidos y al mundo.<\/p>\n<p>En una frase del ilustre liberal mexicano, Sebasti\u00e1n Lerdo de Tejada, pero que err\u00f3neamente se atribuye a Porfirio D\u00edaz, \u00e9ste sol\u00eda decir: \u201cPobre M\u00e9xico, tan lejos de dios y tan cerca de Estados Unidos\u201d. Pero el pasado 15 de febrero de 2021, AMLO modific\u00f3 la frase diciendo que: \u201cBendito M\u00e9xico, tan cerca de Dios y no tan lejos de Estados Unidos\u201d.<\/p>\n<p>\u00bfQu\u00e9 nos dice la frasecita de AMLO? \u00bfAcaso que \u00e9l se sigue sintiendo Dios y que con eso basta, aunque no est\u00e9 tan cerca de Estados Unidos? \u00bfPor qu\u00e9 y para qu\u00e9 lo digo? \u00bfPara picarle la cresta a los <em>Halcones<\/em> de Washington, que est\u00e1n que trinan por las violaciones al Tratado de Libre Comercio con la nueva ley el\u00e9ctrica, con la cual AMLO monopoliza la generaci\u00f3n de electricidad a trav\u00e9s de la CFE y viola contratos de las empresas norteamericanas que generan energ\u00edas limpias?<\/p>\n<p>Ese, ese es otro asunto delicado que est\u00e1 en los escritorios m\u00e1s poderosos de Estados Unidos, pues mientras ambas naciones ratifican los acuerdos de Par\u00eds contra las energ\u00edas cochinas que lanzan a la atm\u00f3sfera part\u00edculas de di\u00f3xido de carbono, AMLO lanza una ley el\u00e9ctrica para seguir generando electricidad mediante el carb\u00f3n, petr\u00f3leo y combust\u00f3leo.<\/p>\n<p>Por ello, tiene mucha validez el consejo que el norteamericano Bill Gates ha dado a AMLO: \u201cTener un buen sistema educativo es mucho m\u00e1s importante que sacar petr\u00f3leo\u201d. Y es que la era del petr\u00f3leo se est\u00e1 acabando y AMLO construye una refiner\u00eda en la que no se sabe qu\u00e9 es lo que va a refinar.<\/p>\n<p>Y algo todav\u00eda m\u00e1s grave, AMLO y sus secuaces de <em>la transformaci\u00f3n de cuarta<\/em>, comienzan a profundizar en un discurso muy peligroso. AMLO tach\u00f3 a las empresas norteamericanas que invirtieron en energ\u00edas no renovables en M\u00e9xico como \u201ctraidoras a la patria\u201d. Ahora resulta que invertir en cualquier naci\u00f3n es traici\u00f3n a la patria.<\/p>\n<p>AMLO no entiende que el capital, es el capital y que un mundo sin empresas o una naci\u00f3n sin ellas, es la ruina porque cundir\u00eda el hambre y la miseria. Las empresas son las que generan el empleo, no el gobierno y sin empleos, los estallidos sociales no se har\u00edan esperar.<\/p>\n<p>Ah, y de pil\u00f3n comienza a hablarse de \u201cnuestra revoluci\u00f3n\u201d. \u00bfCu\u00e1l revoluci\u00f3n, la que se busca con un Tratado de Libre Comercio con la comunista argentina de Alberto Fern\u00e1ndez?&#8230; \u00a1Qu\u00e9 peligroso!<\/p>\n<p><a href=\"mailto:info@agenciamn.com\" target=\"_blank\" rel=\"noopener noreferrer\"><em>info@agenciamn.com<\/em><\/a><\/p>\n","protected":false},"excerpt":{"rendered":"<p><span style=\"color: #005497;\"><strong>Alberto Vieyra G.<\/strong><\/span><\/p>\n","protected":false},"author":3,"featured_media":0,"comment_status":"open","ping_status":"open","sticky":false,"template":"","format":"standard","meta":{"_monsterinsights_skip_tracking":false,"_monsterinsights_sitenote_active":false,"_monsterinsights_sitenote_note":"","_monsterinsights_sitenote_category":0,"footnotes":""},"categories":[4596],"tags":[43697,4597,43674],"class_list":["post-498096","post","type-post","status-publish","format-standard","hentry","category-alberto-vieyra-g","tag-alberto-vieyra-g","tag-de-pe-a-pa","tag-opinion"],"_links":{"self":[{"href":"https:\/\/www.diarioimagen.net\/index.php?rest_route=\/wp\/v2\/posts\/498096","targetHints":{"allow":["GET"]}}],"collection":[{"href":"https:\/\/www.diarioimagen.net\/index.php?rest_route=\/wp\/v2\/posts"}],"about":[{"href":"https:\/\/www.diarioimagen.net\/index.php?rest_route=\/wp\/v2\/types\/post"}],"author":[{"embeddable":true,"href":"https:\/\/www.diarioimagen.net\/index.php?rest_route=\/wp\/v2\/users\/3"}],"replies":[{"embeddable":true,"href":"https:\/\/www.diarioimagen.net\/index.php?rest_route=%2Fwp%2Fv2%2Fcomments&post=498096"}],"version-history":[{"count":0,"href":"https:\/\/www.diarioimagen.net\/index.php?rest_route=\/wp\/v2\/posts\/498096\/revisions"}],"wp:attachment":[{"href":"https:\/\/www.diarioimagen.net\/index.php?rest_route=%2Fwp%2Fv2%2Fmedia&parent=498096"}],"wp:term":[{"taxonomy":"category","embeddable":true,"href":"https:\/\/www.diarioimagen.net\/index.php?rest_route=%2Fwp%2Fv2%2Fcategories&post=498096"},{"taxonomy":"post_tag","embeddable":true,"href":"https:\/\/www.diarioimagen.net\/index.php?rest_route=%2Fwp%2Fv2%2Ftags&post=498096"}],"curies":[{"name":"wp","href":"https:\/\/api.w.org\/{rel}","templated":true}]}}