{"id":498107,"date":"2021-03-01T00:04:49","date_gmt":"2021-03-01T06:04:49","guid":{"rendered":"https:\/\/www.diarioimagen.net\/?p=498107"},"modified":"2021-03-01T00:19:51","modified_gmt":"2021-03-01T06:19:51","slug":"un-ano-de-pandemia","status":"publish","type":"post","link":"https:\/\/www.diarioimagen.net\/?p=498107","title":{"rendered":"Un a\u00f1o de pandemia"},"content":{"rendered":"<h2>Punto por punto<\/h2>\n<h5>Augusto Corro<\/h5>\n<p>&nbsp;<\/p>\n<p>Al cumplirse un a\u00f1o de la pandemia del coronavirus en M\u00e9xico miles de familias perdieron a sus seres queridos. Los hogares se enlutaron y contin\u00faa la amenaza de los contagios.<\/p>\n<p>En la \u00faltima cifra oficial nuestro pa\u00eds registra 185 mil 267 defunciones y alrededor de 2 millones de enfermos de Covid-19.<\/p>\n<p>Las autoridades precisaron que m\u00e1s de un mill\u00f3n de personas adultas mayores recibieron su primera vacuna contra el virus.<\/p>\n<p>Se detall\u00f3 que 751 mil trabajadores de la salud ya recibieron su primera vacuna y que otros 565 mil 377 tienen las dos dosis para completar su cuadro de protecci\u00f3n.<\/p>\n<p>El director general de Epidemiolog\u00eda, Jos\u00e9 Luis Alom\u00eda, inform\u00f3 que en M\u00e9xico se han aplicado 2 millones 383 mil 411 vacunas a los habitantes.<\/p>\n<p>Las vacunas llegan a nuestro pa\u00eds, pero no en la cantidad que se necesita para avanzar en la lucha contra la pandemia.\u00a0 En la producci\u00f3n y distribuci\u00f3n del ant\u00edgeno surgieron un sinn\u00famero de obst\u00e1culos marcados por la voracidad de los pa\u00edses ricos en la adquisici\u00f3n de vacunas.<\/p>\n<p>Se plante\u00f3 ya en la Organizaci\u00f3n de las Naciones Unidas (ONU) la necesidad de velar por una mayor equidad en el reparto del ant\u00edgeno.<\/p>\n<p style=\"text-align: center;\"><strong>Luto y dolor<\/strong><\/p>\n<p>Desde la llegada de la pandemia, en M\u00e9xico la poblaci\u00f3n inici\u00f3 una nueva vida. La convivencia entre los habitantes sufri\u00f3 cambios dr\u00e1sticos.<\/p>\n<p>Empez\u00f3 una higiene personal m\u00e1s estricta con medidas que implican el lavado constante de manos, el uso del cubrebocas, la sana distancia y la cuarentena. Pero esas previsiones no fueron suficientes. Cada d\u00eda aument\u00f3 el n\u00famero de muertos y contagiados.<\/p>\n<p>Miles de familias fueron afectadas por el deceso de alg\u00fan familiar o amigo. Las honras f\u00fanebres cambiaron radicalmente.<\/p>\n<p>Tras la p\u00e9rdida del ser querido, los deudos ya no tuvieron la posibilidad de realizar el \u00faltimo adi\u00f3s. Las funerarias se saturaron y escase\u00f3 el ox\u00edgeno medicinal. En los hospitales las camas fueron insuficientes. Conforme avanz\u00f3 el tiempo, las medidas antivirus se relajaron.<\/p>\n<p>Lleg\u00f3 la temporada de vacaciones y de fiestas tradicionales y la cifra de decesos se elev\u00f3 de tal manera, que M\u00e9xico es uno de los pa\u00edses con mayor letalidad por Covid-19.<\/p>\n<p>Y en el presente se espera otra vez el rebrote del virus en las vacaciones de Semana Santa porque se hacen a un lado las medidas sanitarias. Se habla ya del cambio del virus, con mayor capacidad de contagio.<\/p>\n<p>Antes de continuar, vaya nuestro m\u00e1s sincero y reconocimiento al esfuerzo, entrega y valent\u00eda del sector m\u00e9dico en el frente de batalla contra el Covid-19. Se estima que m\u00e1s de 3 mil sanitarios murieron.<\/p>\n<p style=\"text-align: center;\"><strong>La econom\u00eda en crisis<\/strong><\/p>\n<p>Como si no fuera suficiente con el grav\u00edsimo problema de la salud, en M\u00e9xico se agudiz\u00f3 la crisis econ\u00f3mica.\u00a0 Solo las autoridades se encuentran satisfechas del rumbo de la econom\u00eda. Los diferentes sectores sociales son afectados por la elevaci\u00f3n incontenible en los precios de los productos de primera necesidad.<\/p>\n<p>No se diga en los precios de las medicinas. Como nadie controla el mercado, en las farmacias hacen lo que quieren.<\/p>\n<p>Imag\u00ednese, un enfermo de diabetes, por poner un ejemplo, que tiene que tomar medicina de por vida, y que no tiene dinero porque lo echaron de su trabajo.<\/p>\n<p>\u00bfD\u00f3nde va a conseguir recursos para surtir su receta m\u00e9dica?<\/p>\n<p>Como ya vimos, la aplicaci\u00f3n del Sem\u00e1foro sanitario ayud\u00f3 poco en M\u00e9xico. Cuando se anunciaba el color rojo, que se refer\u00eda a la disminuci\u00f3n de actividades, la poblaci\u00f3n lo entend\u00eda al rev\u00e9s.<\/p>\n<p>Parece que a la fecha, pocas son las personas que entienden el funcionamiento del citado sem\u00e1foro, manejado sin sentido por las autoridades.<\/p>\n<p>La crisis econ\u00f3mica que nos da\u00f1a no tiene fin. Los expertos anunciaron la posibilidad de que la pandemia ocasione hasta diez millones de nuevos pobres.<\/p>\n<p><strong>\u00bfQu\u00e9 sigue?<\/strong><\/p>\n<p>En materia de pandemia, el panorama para M\u00e9xico se ve gris, sombr\u00edo e incierto.\u00a0 \u00bfLas autoridades fueron rebasadas por el virus? Es posible, las cifras de decesos y de contagios as\u00ed lo demuestran.<\/p>\n<p>La amenaza del virus, el peligro de contagiarse y perecer, as\u00ed como todas las secuelas de la pandemia continuar\u00e1n nadie sabe por cu\u00e1nto tiempo.<\/p>\n<p>Repetimos, pues, la recomendaci\u00f3n de siempre: use el cubrebocas, aunque los l\u00edderes pol\u00edticos lo rechacen, el contagio seguir\u00e1, a pesar de la aplicaci\u00f3n de las vacunas; l\u00e1vese las manos continuamente, guarde la sana distancia.<\/p>\n<p>Si no tiene a que salir a la calle, qu\u00e9dese en casa. Espere, armado de paciencia, que le llamen a vacunarse.\u00a0 \u00bfC\u00f3mo la ve\u2026?<\/p>\n<p><a href=\"mailto:aco2742@hotmail.com\" target=\"_blank\" rel=\"noopener noreferrer\"><em>aco2742@hotmail.com<\/em><\/a><\/p>\n","protected":false},"excerpt":{"rendered":"<p><span style=\"color: #005497;\"><strong>Augusto Corro<\/strong><\/span><\/p>\n","protected":false},"author":3,"featured_media":0,"comment_status":"open","ping_status":"open","sticky":false,"template":"","format":"standard","meta":{"_monsterinsights_skip_tracking":false,"_monsterinsights_sitenote_active":false,"_monsterinsights_sitenote_note":"","_monsterinsights_sitenote_category":0,"footnotes":""},"categories":[157],"tags":[43686,43674,11515],"class_list":["post-498107","post","type-post","status-publish","format-standard","hentry","category-augusto-corro","tag-augusto-corro","tag-opinion","tag-punto-por-punto"],"_links":{"self":[{"href":"https:\/\/www.diarioimagen.net\/index.php?rest_route=\/wp\/v2\/posts\/498107","targetHints":{"allow":["GET"]}}],"collection":[{"href":"https:\/\/www.diarioimagen.net\/index.php?rest_route=\/wp\/v2\/posts"}],"about":[{"href":"https:\/\/www.diarioimagen.net\/index.php?rest_route=\/wp\/v2\/types\/post"}],"author":[{"embeddable":true,"href":"https:\/\/www.diarioimagen.net\/index.php?rest_route=\/wp\/v2\/users\/3"}],"replies":[{"embeddable":true,"href":"https:\/\/www.diarioimagen.net\/index.php?rest_route=%2Fwp%2Fv2%2Fcomments&post=498107"}],"version-history":[{"count":0,"href":"https:\/\/www.diarioimagen.net\/index.php?rest_route=\/wp\/v2\/posts\/498107\/revisions"}],"wp:attachment":[{"href":"https:\/\/www.diarioimagen.net\/index.php?rest_route=%2Fwp%2Fv2%2Fmedia&parent=498107"}],"wp:term":[{"taxonomy":"category","embeddable":true,"href":"https:\/\/www.diarioimagen.net\/index.php?rest_route=%2Fwp%2Fv2%2Fcategories&post=498107"},{"taxonomy":"post_tag","embeddable":true,"href":"https:\/\/www.diarioimagen.net\/index.php?rest_route=%2Fwp%2Fv2%2Ftags&post=498107"}],"curies":[{"name":"wp","href":"https:\/\/api.w.org\/{rel}","templated":true}]}}