{"id":498221,"date":"2021-03-02T00:07:10","date_gmt":"2021-03-02T06:07:10","guid":{"rendered":"https:\/\/www.diarioimagen.net\/?p=498221"},"modified":"2021-03-02T22:11:41","modified_gmt":"2021-03-03T04:11:41","slug":"gem-impulsa-programa-fomento-al-autoempleo-en-favor-de-los-mexiquenses","status":"publish","type":"post","link":"https:\/\/www.diarioimagen.net\/?p=498221","title":{"rendered":"GEM impulsa programa fomento al autoempleo en favor de los mexiquenses"},"content":{"rendered":"<p>&nbsp;<\/p>\n<ul>\n<li><strong><em>Apoyos de hasta por 25 mil pesos en equipo en Chimalhuac\u00e1n<\/em><\/strong><\/li>\n<\/ul>\n<p>&nbsp;<\/p>\n<div id=\"attachment_498320\" style=\"width: 470px\" class=\"wp-caption aligncenter\"><a href=\"https:\/\/www.diarioimagen.net\/?attachment_id=498320\" rel=\"attachment wp-att-498320\"><img loading=\"lazy\" decoding=\"async\" aria-describedby=\"caption-attachment-498320\" class=\"size-full wp-image-498320\" src=\"https:\/\/www.diarioimagen.net\/wp-content\/uploads\/2021\/03\/EDOMEX.jpg\" alt=\"\" width=\"460\" height=\"270\" \/><\/a><p id=\"caption-attachment-498320\" class=\"wp-caption-text\">Entrega la secretaria del Trabajo, Martha Hilda Gonz\u00e1lez Calder\u00f3n, apoyos de hasta por 25 mil pesos en equipo en Chimalhuac\u00e1n.<\/p><\/div>\n<p>&nbsp;<\/p>\n<p><strong>Chimalhuac\u00e1n, Estado de M\u00e9xico.- <\/strong>A trav\u00e9s del programa Fomento al Autoempleo, la Secretar\u00eda del Trabajo continuar\u00e1 apoyando a las familias mexiquenses afectadas en sus negocios debido a la emergencia sanitaria, inform\u00f3 la titular de la dependencia, Martha Hilda Gonz\u00e1lez Calder\u00f3n.<\/p>\n<p>Destac\u00f3 que el objetivo es respaldar la econom\u00eda de las y los mexiquenses para que inicien o ampl\u00eden sus negocios, por lo que estar\u00e1n entregando equipos para consolidar a los peque\u00f1os negocios, los cuales son los que generan nueve de cada 10 empleos.<\/p>\n<p>En la Escuela de Artes y Oficios (EDAYO) de Chimalhuac\u00e1n, donde entreg\u00f3 equipos a personas que se dedican a la herrer\u00eda y la panader\u00eda, Gonz\u00e1lez Calder\u00f3n precis\u00f3 que los apoyos son de hasta 25 mil pesos en equipamiento.<\/p>\n<p>La secretaria del Trabajo se\u00f1al\u00f3 que este programa fue puesto en marcha por el Gobernador Alfredo Del Mazo Maza con una inversi\u00f3n de m\u00e1s de 120 millones de pesos y en beneficio de 4 mil 800 familias de los 125 municipios.<\/p>\n<p>Resalt\u00f3 que se ha privilegiado el cuidado de la salud, pero ahora tambi\u00e9n se cuida la econom\u00eda de las familias y este programa ser\u00e1 de mucha importancia en el cumplimiento de ese objetivo.<\/p>\n<p>Indic\u00f3 que el programa Fomento al Autoempleo va acompa\u00f1ado de capacitaci\u00f3n en l\u00ednea, para cuidar la salud de las personas, con cursos enfocados en administraci\u00f3n de negocios, contabilidad, mercadotecnia o t\u00e9cnicas de venta, que promuevan los productos que elaboran los beneficiarios.<\/p>\n<p>En este sentido, invit\u00f3 a los asistentes a acercarse al Instituto de Capacitaci\u00f3n y Adiestramiento para el Trabajo Industrial (ICATI), para conocer la amplia variedad de cursos que ofrecen en l\u00ednea.<\/p>\n<p>Cabe destacar que ya se ha beneficiado a mexiquenses de las regiones de Jilotepec, Ixtapan de la Sal, San Mateo Atenco, Almoloya de Alquisiras, Tejupilco, Atlacomulco, Zinacantepec y Tlalnepantla, acciones que han sido coordinadas por la Direcci\u00f3n de Empleo y Productividad.<\/p>\n","protected":false},"excerpt":{"rendered":"<p>A trav\u00e9s del programa Fomento al Autoempleo, la Secretar\u00eda del Trabajo continuar\u00e1 apoyando a las familias mexiquenses afectadas en sus negocios debido a la emergencia sanitaria, inform\u00f3 la titular de la dependencia, Martha Hilda Gonz\u00e1lez Calder\u00f3n.<\/p>\n","protected":false},"author":3,"featured_media":498320,"comment_status":"open","ping_status":"open","sticky":false,"template":"","format":"standard","meta":{"_monsterinsights_skip_tracking":false,"_monsterinsights_sitenote_active":false,"_monsterinsights_sitenote_note":"","_monsterinsights_sitenote_category":0,"footnotes":""},"categories":[5],"tags":[52808,8623,43675,2538],"class_list":["post-498221","post","type-post","status-publish","format-standard","has-post-thumbnail","hentry","category-estado-de-mexico","tag-autoempleo","tag-chimalhuacan","tag-estado-de-mexico","tag-secretaria-del-trabajo"],"_links":{"self":[{"href":"https:\/\/www.diarioimagen.net\/index.php?rest_route=\/wp\/v2\/posts\/498221","targetHints":{"allow":["GET"]}}],"collection":[{"href":"https:\/\/www.diarioimagen.net\/index.php?rest_route=\/wp\/v2\/posts"}],"about":[{"href":"https:\/\/www.diarioimagen.net\/index.php?rest_route=\/wp\/v2\/types\/post"}],"author":[{"embeddable":true,"href":"https:\/\/www.diarioimagen.net\/index.php?rest_route=\/wp\/v2\/users\/3"}],"replies":[{"embeddable":true,"href":"https:\/\/www.diarioimagen.net\/index.php?rest_route=%2Fwp%2Fv2%2Fcomments&post=498221"}],"version-history":[{"count":0,"href":"https:\/\/www.diarioimagen.net\/index.php?rest_route=\/wp\/v2\/posts\/498221\/revisions"}],"wp:featuredmedia":[{"embeddable":true,"href":"https:\/\/www.diarioimagen.net\/index.php?rest_route=\/wp\/v2\/media\/498320"}],"wp:attachment":[{"href":"https:\/\/www.diarioimagen.net\/index.php?rest_route=%2Fwp%2Fv2%2Fmedia&parent=498221"}],"wp:term":[{"taxonomy":"category","embeddable":true,"href":"https:\/\/www.diarioimagen.net\/index.php?rest_route=%2Fwp%2Fv2%2Fcategories&post=498221"},{"taxonomy":"post_tag","embeddable":true,"href":"https:\/\/www.diarioimagen.net\/index.php?rest_route=%2Fwp%2Fv2%2Ftags&post=498221"}],"curies":[{"name":"wp","href":"https:\/\/api.w.org\/{rel}","templated":true}]}}