{"id":498231,"date":"2021-03-02T00:02:09","date_gmt":"2021-03-02T06:02:09","guid":{"rendered":"https:\/\/www.diarioimagen.net\/?p=498231"},"modified":"2021-03-02T07:32:23","modified_gmt":"2021-03-02T13:32:23","slug":"el-alcalde-raciel-perez-participo-en-la-sesion-virtual-de-la-mesa-de-coordinacion-por-la-paz","status":"publish","type":"post","link":"https:\/\/www.diarioimagen.net\/?p=498231","title":{"rendered":"El alcalde Raciel P\u00e9rez particip\u00f3 en la sesi\u00f3n virtual de la Mesa de Coordinaci\u00f3n por la Paz"},"content":{"rendered":"<p>&nbsp;<\/p>\n<p><a href=\"https:\/\/www.diarioimagen.net\/?attachment_id=498355\" rel=\"attachment wp-att-498355\"><img loading=\"lazy\" decoding=\"async\" class=\"aligncenter size-full wp-image-498355\" src=\"https:\/\/www.diarioimagen.net\/wp-content\/uploads\/2021\/03\/TLALNE.jpg\" alt=\"\" width=\"460\" height=\"270\" \/><\/a><\/p>\n<p>&nbsp;<\/p>\n<p><strong>Tlalnepantla, Estado de M\u00e9xico<\/strong><strong>.-<\/strong> El presidente municipal Raciel P\u00e9rez Cruz particip\u00f3 de manera virtual en la Mesa de Coordinaci\u00f3n para la Construcci\u00f3n de la Paz, donde autoridades de los tres niveles de gobierno trabajan de manera coordinada para reforzar la seguridad en este municipio.<\/p>\n","protected":false},"excerpt":{"rendered":"<p>El presidente municipal Raciel P\u00e9rez Cruz particip\u00f3 de manera virtual en la Mesa de Coordinaci\u00f3n para la Construcci\u00f3n de la Paz, donde autoridades de los tres niveles de gobierno trabajan de manera coordinada para reforzar la seguridad en este municipio.<\/p>\n","protected":false},"author":3,"featured_media":498355,"comment_status":"open","ping_status":"open","sticky":false,"template":"","format":"standard","meta":{"_monsterinsights_skip_tracking":false,"_monsterinsights_sitenote_active":false,"_monsterinsights_sitenote_note":"","_monsterinsights_sitenote_category":0,"footnotes":""},"categories":[5],"tags":[43675,81517,169],"class_list":["post-498231","post","type-post","status-publish","format-standard","has-post-thumbnail","hentry","category-estado-de-mexico","tag-estado-de-mexico","tag-raciel-perez-cruz","tag-tlalnepantla"],"_links":{"self":[{"href":"https:\/\/www.diarioimagen.net\/index.php?rest_route=\/wp\/v2\/posts\/498231","targetHints":{"allow":["GET"]}}],"collection":[{"href":"https:\/\/www.diarioimagen.net\/index.php?rest_route=\/wp\/v2\/posts"}],"about":[{"href":"https:\/\/www.diarioimagen.net\/index.php?rest_route=\/wp\/v2\/types\/post"}],"author":[{"embeddable":true,"href":"https:\/\/www.diarioimagen.net\/index.php?rest_route=\/wp\/v2\/users\/3"}],"replies":[{"embeddable":true,"href":"https:\/\/www.diarioimagen.net\/index.php?rest_route=%2Fwp%2Fv2%2Fcomments&post=498231"}],"version-history":[{"count":0,"href":"https:\/\/www.diarioimagen.net\/index.php?rest_route=\/wp\/v2\/posts\/498231\/revisions"}],"wp:featuredmedia":[{"embeddable":true,"href":"https:\/\/www.diarioimagen.net\/index.php?rest_route=\/wp\/v2\/media\/498355"}],"wp:attachment":[{"href":"https:\/\/www.diarioimagen.net\/index.php?rest_route=%2Fwp%2Fv2%2Fmedia&parent=498231"}],"wp:term":[{"taxonomy":"category","embeddable":true,"href":"https:\/\/www.diarioimagen.net\/index.php?rest_route=%2Fwp%2Fv2%2Fcategories&post=498231"},{"taxonomy":"post_tag","embeddable":true,"href":"https:\/\/www.diarioimagen.net\/index.php?rest_route=%2Fwp%2Fv2%2Ftags&post=498231"}],"curies":[{"name":"wp","href":"https:\/\/api.w.org\/{rel}","templated":true}]}}