{"id":498274,"date":"2021-03-02T00:03:15","date_gmt":"2021-03-02T06:03:15","guid":{"rendered":"https:\/\/www.diarioimagen.net\/?p=498274"},"modified":"2021-03-02T01:12:51","modified_gmt":"2021-03-02T07:12:51","slug":"amlo-encuestas","status":"publish","type":"post","link":"https:\/\/www.diarioimagen.net\/?p=498274","title":{"rendered":"AMLO-encuestas"},"content":{"rendered":"<h2>Espacio Electoral<\/h2>\n<h5>Eleazar Flores<\/h5>\n<p>&nbsp;<\/p>\n<p><strong>\u00bfGANAR\u00c1 NESTORA?-.<\/strong> Experto en encuestas, en las que curiosamente se sabe desde antes qui\u00e9n va a ganar, como sucedi\u00f3 a Scheinbaum para la CDMX, sacrificando a su \u201cincondicional\u201d Monreal, AMLO intervino para \u201cdesclavar\u201d de la candidatura a gobernador de Guerrero a su amigo Salgado Macedonio.<\/p>\n<p>Los indicios son reveladores, al bajarse, -o bajarlo-, al superdelegado federal Am\u00edlcar Sandoval, que desde principio de a\u00f1o tapiz\u00f3 de espectaculares las orillas de la carretera M\u00e9xico-Acapulco.<\/p>\n<p>Pero el sospechosismo mayor es la inesperada inclusi\u00f3n de la luchadora social Nestora Salgado. Si en pol\u00edtica no hay casualidades, como aseguran los que saben de ella, a Nestora, a Morena y al padre de la Cuarta Transformaci\u00f3n les cae como \u201canillo al dedo\u201d el relevo de F\u00e9lix por una dama.<\/p>\n<p>Esto, debido a que el motivo principal del seguro \u201cdesclave\u201d del senador con licencia, se debe por las intensas luchas feministas, tanto en la capital del pa\u00eds como en la entidad guerrerense, por las tres o m\u00e1s denuncias por violaci\u00f3n, de igual n\u00famero de mujeres. Lo tard\u00edo de las denuncias tambi\u00e9n levantan sospechosismo, pero las presuntas v\u00edctimas est\u00e1n en su derecho.<\/p>\n<p>En caso de habilitar a Nestora como candidata de Morena a la gubernatura guerrerense, ser\u00e1 un golpe indirecto al gobierno federal anterior, debido a que la entonces titular de la Coordinadora Regional de Autoridades Comunitarias, CRAC, fue detenida acusada de delincuencia organizada y\u2026<\/p>\n<p>Estuvo detenida a partir del 21 de agosto de 2013 y pasaron a\u00f1os para recuperar su libertad, ante reclamos de quienes en su momento aparecieron como denunciantes y v\u00edctimas de abusos cometidos por elementos de la Autoridad Comunitaria, CRAC, que tuvieron fama de violentos.<\/p>\n<p><strong>\u00bfPARENTESCO?-<\/strong> Como este espacio es enemigo de meterse en la vida privada de los dem\u00e1s -empezando por la personal-, pasa a segundo grado de importancia el que do\u00f1a Nestora sea o no hermana del \u201cToro\u201d F\u00e9lix, pues para empezar, la vida p\u00fablica de ambos ha sido muy distinta.<\/p>\n<p>Si la instrucci\u00f3n presidencial es relevar a F\u00e9lix Salgado Macedonio y de paso abrir la puerta a una mujer, Morena ir\u00eda en caballo de hacienda para ganar la gubernatura, hoy en manos del PRI por medio de H\u00e9ctor Astudillo Flores.<\/p>\n<p>Pero apueste y ganar\u00e1 a que a\u00fan \u201cdesclavando\u201d a don F\u00e9lix de la candidatura, las marchas feministas, programadas y difundidas con suficiente anticipaci\u00f3n, seguir\u00e1n adelante, tanto en la capital del pa\u00eds como en Guerrero, preferentemente en Acapulco, sin olvidar la capital de la entidad.<\/p>\n<p>Las protestas seguir\u00e1n, a lo mejor para festejar la ca\u00edda de don F\u00e9lix y la asunci\u00f3n de do\u00f1a Nestora. Si \u00e9sta no llega, ser\u00eda noticia, la confirmaci\u00f3n no.<\/p>\n<p><em><a href=\"mailto:elefa44@gmail.com\" target=\"_blank\" rel=\"noopener noreferrer\">elefa44@gmail.com<\/a><\/em><\/p>\n","protected":false},"excerpt":{"rendered":"<p><span style=\"color: #005497;\"><strong>Eleazar Flores<\/strong><\/span><\/p>\n","protected":false},"author":3,"featured_media":0,"comment_status":"open","ping_status":"open","sticky":false,"template":"","format":"standard","meta":{"_monsterinsights_skip_tracking":false,"_monsterinsights_sitenote_active":false,"_monsterinsights_sitenote_note":"","_monsterinsights_sitenote_category":0,"footnotes":""},"categories":[81743],"tags":[81744,81776,43674],"class_list":["post-498274","post","type-post","status-publish","format-standard","hentry","category-eleazar-flores","tag-eleazar-flores","tag-espacio-electoral","tag-opinion"],"_links":{"self":[{"href":"https:\/\/www.diarioimagen.net\/index.php?rest_route=\/wp\/v2\/posts\/498274","targetHints":{"allow":["GET"]}}],"collection":[{"href":"https:\/\/www.diarioimagen.net\/index.php?rest_route=\/wp\/v2\/posts"}],"about":[{"href":"https:\/\/www.diarioimagen.net\/index.php?rest_route=\/wp\/v2\/types\/post"}],"author":[{"embeddable":true,"href":"https:\/\/www.diarioimagen.net\/index.php?rest_route=\/wp\/v2\/users\/3"}],"replies":[{"embeddable":true,"href":"https:\/\/www.diarioimagen.net\/index.php?rest_route=%2Fwp%2Fv2%2Fcomments&post=498274"}],"version-history":[{"count":0,"href":"https:\/\/www.diarioimagen.net\/index.php?rest_route=\/wp\/v2\/posts\/498274\/revisions"}],"wp:attachment":[{"href":"https:\/\/www.diarioimagen.net\/index.php?rest_route=%2Fwp%2Fv2%2Fmedia&parent=498274"}],"wp:term":[{"taxonomy":"category","embeddable":true,"href":"https:\/\/www.diarioimagen.net\/index.php?rest_route=%2Fwp%2Fv2%2Fcategories&post=498274"},{"taxonomy":"post_tag","embeddable":true,"href":"https:\/\/www.diarioimagen.net\/index.php?rest_route=%2Fwp%2Fv2%2Ftags&post=498274"}],"curies":[{"name":"wp","href":"https:\/\/api.w.org\/{rel}","templated":true}]}}