{"id":498275,"date":"2021-03-02T00:11:37","date_gmt":"2021-03-02T06:11:37","guid":{"rendered":"https:\/\/www.diarioimagen.net\/?p=498275"},"modified":"2021-03-02T01:15:54","modified_gmt":"2021-03-02T07:15:54","slug":"la-crisis-de-la-4t-ya-es-terminal-amlo-desesperado","status":"publish","type":"post","link":"https:\/\/www.diarioimagen.net\/?p=498275","title":{"rendered":"La crisis de la 4T ya es terminal. AMLO, desesperado"},"content":{"rendered":"<h2>\u00cdndice pol\u00edtico<\/h2>\n<h5>Francisco Rodr\u00edguez<\/h5>\n<p>&nbsp;<\/p>\n<p>Un r\u00e9gimen pol\u00edtico llega a su fase terminal cuando sus instituciones y sus operadores han demostrado ser ineficaces, cuando han comprobado tener el peor desempe\u00f1o de todos los tiempos, cuando se han suicidado pol\u00edticamente ante su poblaci\u00f3n y ante el mundo. Cuando han ca\u00eddo en la verg\u00fcenza propia y ajena.<\/p>\n<p>La crisis general se presenta cuando el Estado se ha arrinconado a s\u00ed mismo por incompetencia, cuando sus niveles de par\u00e1lisis y de rid\u00edculo le impiden tener salidas, cuando se ha agotado su capacidad de respuesta ante lo urgente e importante. Cuando ya no sirve m\u00e1s que para nada. Cuando es un peligro para los habitantes.<\/p>\n<p>Y esto pasa porque ya no hay un s\u00f3lo indicador de la convivencia de la sociedad que est\u00e9 en manos del gobierno en turno para resolver. Cuando no tiene un solo instrumento de compensaci\u00f3n, menos de ajuste. Cuando se ha dedicado a destruir todo lo que funcionaba o pod\u00eda funcionar mejor. Cuando ya no queda nada.\u00a0 No por nada es que AMLO se ve desesperado. Act\u00faa desesperado.<\/p>\n<p>Se les derrumba a pedazos la llamada 4T.<\/p>\n<p style=\"text-align: center;\"><strong>Paranoia, cerebro desquiciado, soberbia, resentimiento social<\/strong><\/p>\n<p>Si para cualquier gobierno en el mundo la soluci\u00f3n para abordar esta fase terminal fuera robar menos y ponerse a trabajar, para este pa\u00eds no opera, pues nadie quiere poner mano sobre mano. Si la soluci\u00f3n fuera aplicar la ley para castigar a los desalmados e indolentes, para aqu\u00ed no es, porque no habr\u00eda qui\u00e9n cerrara las puertas de la bartolina.<\/p>\n<p>Lo \u00fanico que queda es la paranoia, el cerebro desquiciado de los soberbios y de los resentidos sociales. Esa argamasa que se bate cotidianamente frente a todos y que identifica a quienes la sufren con la baja estima, la frialdad para enga\u00f1ar, la incapacidad para la cr\u00edtica, la hostilidad con el entorno, el autoritarismo, los episodios depresivos, el egocentrismo y la desconfianza.<\/p>\n<p>El delirio de grandeza. El sujeto empoderado cree haber sido elegido para desarrollar una misi\u00f3n muy importante, o hasta para salvar al mundo de alg\u00fan peligro indefinido, inexistente. Responde con hostilidad, con desapego, con el complejo de que son todos los dem\u00e1s los que lo deturpan y lo reprueban.<\/p>\n<p style=\"text-align: center;\"><strong>Pemex y CFE perdieron en un a\u00f1o 600 mil millones de pesos<\/strong><\/p>\n<p>Hace unas cuantas semanas <em>The Financial Times<\/em> alert\u00f3 sobre la tragedia mexicana que se avecinaba. Dijo que la terrible cat\u00e1strofe de Venezuela era una clara advertencia de lo que otros cuatro a\u00f1os de la Cuarta Transformaci\u00f3n pod\u00edan hacerle a M\u00e9xico. Cualquier dinero, de dentro y de afuera, ser\u00eda insuficiente para detener la debacle.<\/p>\n<p>Justicia selectiva. Gobierno selectivo. Corrupci\u00f3n selectiva. Eso es lo que result\u00f3 de la Cuarta Corrupci\u00f3n. Pemex y la CFE perdieron en un a\u00f1o seiscientos mil millones de pesos de nuestros impuestos. Las p\u00e9rdidas, reconocidas por ellos mismos, son 40% superiores a las del 2019. \u00a1Y todav\u00eda se quejan de las auditor\u00edas!<\/p>\n<p>Ahogan a prop\u00f3sito el presupuesto del Instituto Nacional Electoral para que no pueda supervisar las elecciones intermedias, para que le deje al \u201ccaudillito\u201d todo el campo. Para que aplique, como en el \u00c1frica dictatorial su amuleto de Barth\u00e9lemy Boganda, para que \u00e9l vigile las elecciones y decida qui\u00e9n gana.<\/p>\n<p style=\"text-align: center;\"><strong>F\u00e9lix Salgado y Florian Tudor, consentidos del \u201ccaudillo\u201d<\/strong><\/p>\n<p>La Suprema <em>Corta<\/em> avala la \u201cley chayote\u201d de Pe\u00f1a Nieto para que el gobiernito no rinda cuentas de las escandalosas maletas que gasta en su publicidad mentirosa. Para que nadie gaste m\u00e1s que lo que ellos puedan, para fortalecer el enga\u00f1o y los perfiles de los candidatos impresentables.<\/p>\n<p>A F\u00e9lix Salgado Macedonio le retiran, por el empuje electoral de las mujeres, el registro de la candidatura a Guerrero, pero se amarran el dedo, le respetan sus derechos pol\u00edticos, para ver si despu\u00e9s, gane quien gane en la contienda regular, cualquier manotazo lo pueda insertar como gobernador interino o sustituto. Las intenciones est\u00e1n cantadas.<\/p>\n<p>Le respetan sus derechos, igual que al jefe de la mafia rumana en Quintana Roo, el hotelero Florian Tudor, a quien no investigan, sino le dan el trato s\u00faper especial de que lo atienda la secretaria de Seguridad P\u00fablica, para ver qu\u00e9 se le ofrece, en qu\u00e9 lo pueden ayudar para darle inmunidad ante la ley, igual que a todos sus compinches del r\u00e9gimen, desde el se\u00f1or de las ligas, hasta los miembros de la familia imperial.<\/p>\n<p style=\"text-align: center;\"><strong>Y los gobernadores de la Alianza Federalista no se amilanan<\/strong><\/p>\n<p>Se quiere amarrarles la manos a los gobernadores de los estados de la Federaci\u00f3n por tres v\u00edas: el asesinato de sus presupuestos, las amenazas de cartitas de redenci\u00f3n electoral que no cumplir\u00e1n en Palacio Nacional, y con las amenazas de desafuero al gobernador de Tamaulipas, \u00e9se que es un dolor de cabeza, porque tiene a los adversarios del r\u00e9gimen de su lado.<\/p>\n<p>Los gobernadores de la Alianza Federalista no se amilanan, aunque los medios comprados digan todo lo contrario. Nadie puede amilanarse ante los fuegos fatuos de las bocazas que no saben integrar, nunca han podido, un solo expediente de averiguaci\u00f3n que no sea corrupto desde sus fundamentos jur\u00eddicos.<\/p>\n<p style=\"text-align: center;\"><strong>En este trimestre el decrecimiento del PIB ser\u00e1 de menos 4.5%<\/strong><\/p>\n<p><strong><em>El Frijolito<\/em><\/strong> Jim\u00e9nez Pons, director de Fonatur, en sus nuevas funciones de juez y parte\u200e afirma que el juzgado que concedi\u00f3 el amparo contra el proyecto descabellado y anti ambiental del tren chu ch\u00fa que destroza la selva maya, \u00a1carece de imparcialidad y conocimiento de las leyes ecol\u00f3gicas!<\/p>\n<p>Y mientras todo eso pasa, los conspicuos analistas de todos los bancos y sectores financieros calculan que este primer trimestre el decrecimiento econ\u00f3mico del producto interno bruto llegar\u00e1 al menos cuatro y medio por ciento, lo que har\u00e1 una depresi\u00f3n anual del menos doce.<\/p>\n<p>Lo que sumado al menos veinte que arrastramos desde que la Cuarta Corrupci\u00f3n tom\u00f3 posesi\u00f3n del cargo, arrojar\u00e1 una suma muy parecida al menos treinta por ciento de decrecimiento neto. Una tragedia para el empleo, para la alimentaci\u00f3n, para la moneda, para la subsistencia. Una tragedia cantada, igual que todos sus desprop\u00f3sitos.<\/p>\n<p style=\"text-align: center;\"><strong>Dentro de 14 semanas, en la intermedia, recibir\u00e1n su respuesta<\/strong><\/p>\n<p>Pero el r\u00e9gimen contin\u00faa con sus guerritas distractoras, tapando sus errores con las conocidas posiciones antiimperialistas que no tiene cara para hacer, toda vez que firmaron las cl\u00e1usulas que los obligaban a acatar los t\u00e9rminos de las energ\u00edas limpias, la revisi\u00f3n de las cuestiones energ\u00e9ticas y la limpieza en los \u00e1mbitos sindicales y laborales.<\/p>\n<p>La hipocres\u00eda es la \u00fanica que no es selectiva. Esa se reparte monda y lironda hacia todos los confines. Mientras, el regimencillo de Tepetit\u00e1n se encuentra ya en su fase terminal, juzgado por sus socios y por todos los que escriben u opinan sobre M\u00e9xico aqu\u00ed y en el extranjero.<\/p>\n<p>No cabe duda: la crisis terminal se presenta cuando el Estado se ha arrinconado a s\u00ed mismo. Cuando su nivel de par\u00e1lisis y de rid\u00edculo ha agotado sus capacidades de respuesta. Cuando ya no sirve para nada.\u00a0 Ya no se puede caer m\u00e1s abajo. No hay lugar. Dentro de catorce semanas, en la elecci\u00f3n intermedia, recibir\u00e1 su respuesta.<\/p>\n<p>\u00bfNo cree usted?<\/p>\n<p><strong><em>\u00cdndice Flam\u00edgero<\/em><\/strong><em>:<\/em> Hace casi un a\u00f1o, a mediados de marzo de 2020, y tras haber asistido a la reuni\u00f3n nacional de los banqueros en Acapulco, L\u00f3pez Obrador reconoci\u00f3 que en ocasiones le \u201cdesespera\u201d el avance lento con el que se est\u00e1 logrando la transformaci\u00f3n del pa\u00eds, pero confi\u00f3 en que para 2024, cuando concluya su sexenio, sea dif\u00edcil revertir los cambios concretados.<\/p>\n<p><em><u><a href=\"http:\/\/www.indicepolitico.com\" target=\"_blank\" rel=\"noopener noreferrer\">www.indicepolitico.com<\/a><\/u><u><br \/>\n<\/u><a href=\"mailto:indicepolitico@gmail.com\" target=\"_blank\" rel=\"noopener noreferrer\">indicepolitico@gmail.com<\/a><\/em><br \/>\n<em><a href=\"https:\/\/twitter.com\/indicepolitico?lang=es\" target=\"_blank\" rel=\"noopener noreferrer\">@IndicePolitico<\/a><\/em><br \/>\n<em><u><a href=\"https:\/\/twitter.com\/pacorodriguez\" target=\"_blank\" rel=\"noopener noreferrer\">@pacorodriguez<\/a><\/u><\/em><\/p>\n","protected":false},"excerpt":{"rendered":"<p><span style=\"color: #005497;\"><strong>Francisco Rodr\u00edguez<\/strong><\/span><br \/>\n<br \/>\nUn r\u00e9gimen pol\u00edtico llega a su fase terminal cuando sus instituciones y sus operadores han demostrado ser ineficaces, cuando han comprobado tener el peor desempe\u00f1o de todos los tiempos, cuando se han suicidado pol\u00edticamente ante su poblaci\u00f3n y ante el mundo. Cuando han ca\u00eddo en la verg\u00fcenza propia y ajena.<\/p>\n","protected":false},"author":3,"featured_media":0,"comment_status":"open","ping_status":"open","sticky":false,"template":"","format":"standard","meta":{"_monsterinsights_skip_tracking":false,"_monsterinsights_sitenote_active":false,"_monsterinsights_sitenote_note":"","_monsterinsights_sitenote_category":0,"footnotes":""},"categories":[549],"tags":[43689,550,43674],"class_list":["post-498275","post","type-post","status-publish","format-standard","hentry","category-francisco-rodriguez","tag-francisco-rodriguez","tag-indice-politico","tag-opinion"],"_links":{"self":[{"href":"https:\/\/www.diarioimagen.net\/index.php?rest_route=\/wp\/v2\/posts\/498275","targetHints":{"allow":["GET"]}}],"collection":[{"href":"https:\/\/www.diarioimagen.net\/index.php?rest_route=\/wp\/v2\/posts"}],"about":[{"href":"https:\/\/www.diarioimagen.net\/index.php?rest_route=\/wp\/v2\/types\/post"}],"author":[{"embeddable":true,"href":"https:\/\/www.diarioimagen.net\/index.php?rest_route=\/wp\/v2\/users\/3"}],"replies":[{"embeddable":true,"href":"https:\/\/www.diarioimagen.net\/index.php?rest_route=%2Fwp%2Fv2%2Fcomments&post=498275"}],"version-history":[{"count":0,"href":"https:\/\/www.diarioimagen.net\/index.php?rest_route=\/wp\/v2\/posts\/498275\/revisions"}],"wp:attachment":[{"href":"https:\/\/www.diarioimagen.net\/index.php?rest_route=%2Fwp%2Fv2%2Fmedia&parent=498275"}],"wp:term":[{"taxonomy":"category","embeddable":true,"href":"https:\/\/www.diarioimagen.net\/index.php?rest_route=%2Fwp%2Fv2%2Fcategories&post=498275"},{"taxonomy":"post_tag","embeddable":true,"href":"https:\/\/www.diarioimagen.net\/index.php?rest_route=%2Fwp%2Fv2%2Ftags&post=498275"}],"curies":[{"name":"wp","href":"https:\/\/api.w.org\/{rel}","templated":true}]}}