{"id":498376,"date":"2021-03-03T00:01:31","date_gmt":"2021-03-03T06:01:31","guid":{"rendered":"https:\/\/www.diarioimagen.net\/?p=498376"},"modified":"2021-03-03T05:22:48","modified_gmt":"2021-03-03T11:22:48","slug":"el-gobierno-de-tlalnepantla-pondra-en-operacion-pozo-de-agua-indeco-los-reyes","status":"publish","type":"post","link":"https:\/\/www.diarioimagen.net\/?p=498376","title":{"rendered":"El gobierno de Tlalnepantla pondr\u00e1 en operaci\u00f3n pozo de agua Indeco-Los Reyes"},"content":{"rendered":"<p>&nbsp;<\/p>\n<ul>\n<li><strong><em>En beneficio de m\u00e1s de 23 mil habitantes<\/em><\/strong><\/li>\n<\/ul>\n<p>&nbsp;<\/p>\n<div id=\"attachment_498510\" style=\"width: 470px\" class=\"wp-caption aligncenter\"><a href=\"https:\/\/www.diarioimagen.net\/?attachment_id=498510\" rel=\"attachment wp-att-498510\"><img loading=\"lazy\" decoding=\"async\" aria-describedby=\"caption-attachment-498510\" class=\"size-full wp-image-498510\" src=\"https:\/\/www.diarioimagen.net\/wp-content\/uploads\/2021\/03\/tlalnepantla-1.jpg\" alt=\"\" width=\"460\" height=\"270\" \/><\/a><p id=\"caption-attachment-498510\" class=\"wp-caption-text\">El director general del OPDM de Tlalnepantla sostuvo una reuni\u00f3n con vecinas y vecinos de la zona para firmar un acuerdo para que el pozo Indeco-Los Reyes entre en operaci\u00f3n.<\/p><\/div>\n<p>&nbsp;<\/p>\n<p><strong>Tlalnepantla, Estado de M\u00e9xico<\/strong>.- El Gobierno pondr\u00e1 en operaci\u00f3n el pozo de agua Indeco-Los Reyes, para fortalecer el suministro del vital l\u00edquido en beneficio de m\u00e1s de 23 mil habitantes de los fraccionamientos Los Reyes Ixtacala Primera y Segunda Secci\u00f3n, las unidades habitacionales Hogares Ferrocarrileros, Gustavo Baz Prada-Los Reyes Ixtacala y Artemisa, ante el bajo caudal en el Sistema Cutzamala.<\/p>\n<p>Mauricio Juan Ram\u00edrez Rosaldo, director general del Organismo P\u00fablico Descentralizado para la Prestaci\u00f3n de los Servicios de Agua Potable, Alcantarillado y Saneamiento del Municipio (OPDM) de Tlalnepantla, sostuvo una reuni\u00f3n con vecinas y vecinos de la zona para firmar un acuerdo en el que se establece el 5 de marzo como fecha para que el pozo Indeco-Los Reyes entre en operaci\u00f3n.<\/p>\n<p>Este lunes 1 de marzo se inician las pruebas de interconexi\u00f3n del pozo para dar servicio intermitente a las comunidades mencionadas, como parte de las medidas que el Gobierno de Tlalnepantla, presidido por el Alcalde Raciel P\u00e9rez Cruz, ha implementado para atender la baja presi\u00f3n en el suministro de agua.<\/p>\n<p>Entre estas medias se encuentra la puesta en operaci\u00f3n del pozo Viveros de la Loma que funciona las 24 horas en beneficio de m\u00e1s de 65 mil habitantes de 75 comunidades. Tambi\u00e9n, el Operativo Pipas de Agua, que ha distribuido m\u00e1s de 900 mil litros de agua en diversas colonias, fraccionamientos y pueblos.<\/p>\n<p>En noviembre del a\u00f1o pasado, la Conagua, la Comisi\u00f3n de Aguas del Estado de M\u00e9xico (CAEM) y el Sistema de Aguas de la Ciudad de M\u00e9xico (SACMEX) anunciaron que como consecuencia de la falta de lluvias y el bajo nivel de las presas del Sistema Cutzamala, a partir del d\u00eda 28 de ese mes se reducir\u00eda el caudal para varias alcald\u00edas de la capital del pa\u00eds y en 13 municipios del Estado de M\u00e9xico, entre los que se encuentra Tlalnepantla.<\/p>\n","protected":false},"excerpt":{"rendered":"<p>El Gobierno pondr\u00e1 en operaci\u00f3n el pozo de agua Indeco-Los Reyes, para fortalecer el suministro del vital l\u00edquido en beneficio de m\u00e1s de 23 mil habitantes de los fraccionamientos Los Reyes Ixtacala Primera y Segunda Secci\u00f3n, las unidades habitacionales Hogares Ferrocarrileros, Gustavo Baz Prada-Los Reyes Ixtacala y Artemisa, ante el bajo caudal en el Sistema Cutzamala.<\/p>\n","protected":false},"author":3,"featured_media":498510,"comment_status":"open","ping_status":"open","sticky":false,"template":"","format":"standard","meta":{"_monsterinsights_skip_tracking":false,"_monsterinsights_sitenote_active":false,"_monsterinsights_sitenote_note":"","_monsterinsights_sitenote_category":0,"footnotes":""},"categories":[5],"tags":[43675,169],"class_list":["post-498376","post","type-post","status-publish","format-standard","has-post-thumbnail","hentry","category-estado-de-mexico","tag-estado-de-mexico","tag-tlalnepantla"],"_links":{"self":[{"href":"https:\/\/www.diarioimagen.net\/index.php?rest_route=\/wp\/v2\/posts\/498376","targetHints":{"allow":["GET"]}}],"collection":[{"href":"https:\/\/www.diarioimagen.net\/index.php?rest_route=\/wp\/v2\/posts"}],"about":[{"href":"https:\/\/www.diarioimagen.net\/index.php?rest_route=\/wp\/v2\/types\/post"}],"author":[{"embeddable":true,"href":"https:\/\/www.diarioimagen.net\/index.php?rest_route=\/wp\/v2\/users\/3"}],"replies":[{"embeddable":true,"href":"https:\/\/www.diarioimagen.net\/index.php?rest_route=%2Fwp%2Fv2%2Fcomments&post=498376"}],"version-history":[{"count":0,"href":"https:\/\/www.diarioimagen.net\/index.php?rest_route=\/wp\/v2\/posts\/498376\/revisions"}],"wp:featuredmedia":[{"embeddable":true,"href":"https:\/\/www.diarioimagen.net\/index.php?rest_route=\/wp\/v2\/media\/498510"}],"wp:attachment":[{"href":"https:\/\/www.diarioimagen.net\/index.php?rest_route=%2Fwp%2Fv2%2Fmedia&parent=498376"}],"wp:term":[{"taxonomy":"category","embeddable":true,"href":"https:\/\/www.diarioimagen.net\/index.php?rest_route=%2Fwp%2Fv2%2Fcategories&post=498376"},{"taxonomy":"post_tag","embeddable":true,"href":"https:\/\/www.diarioimagen.net\/index.php?rest_route=%2Fwp%2Fv2%2Ftags&post=498376"}],"curies":[{"name":"wp","href":"https:\/\/api.w.org\/{rel}","templated":true}]}}