{"id":498378,"date":"2021-03-03T00:02:49","date_gmt":"2021-03-03T06:02:49","guid":{"rendered":"https:\/\/www.diarioimagen.net\/?p=498378"},"modified":"2021-03-03T05:20:46","modified_gmt":"2021-03-03T11:20:46","slug":"contienden-policias-de-naucalpan-para-obtener-mejores-grados-a-partir-de-meritos","status":"publish","type":"post","link":"https:\/\/www.diarioimagen.net\/?p=498378","title":{"rendered":"Contienden polic\u00edas de Naucalpan para obtener mejores grados, a partir de m\u00e9ritos"},"content":{"rendered":"<p>&nbsp;<\/p>\n<ul>\n<li><strong><em>Realizan pruebas te\u00f3ricas, pr\u00e1cticas y f\u00edsicas<\/em><\/strong><\/li>\n<\/ul>\n<p>&nbsp;<\/p>\n<div id=\"attachment_498508\" style=\"width: 470px\" class=\"wp-caption aligncenter\"><a href=\"https:\/\/www.diarioimagen.net\/?attachment_id=498508\" rel=\"attachment wp-att-498508\"><img loading=\"lazy\" decoding=\"async\" aria-describedby=\"caption-attachment-498508\" class=\"size-full wp-image-498508\" src=\"https:\/\/www.diarioimagen.net\/wp-content\/uploads\/2021\/03\/naucalpan-2.jpg\" alt=\"\" width=\"460\" height=\"270\" \/><\/a><p id=\"caption-attachment-498508\" class=\"wp-caption-text\">M\u00e1s de 150 polic\u00edas rasos realizaron pruebas te\u00f3ricas, pr\u00e1cticas y f\u00edsicas, a fin de acreditarse como los m\u00e1s aptos para ocupar alguna de las 50 plazas de polic\u00edas terceros.<\/p><\/div>\n<p>&nbsp;<\/p>\n<p><strong>Naucalpan, Estado de M\u00e9xico<\/strong>.- Por primera vez, la Direcci\u00f3n General de Seguridad Ciudadana y Tr\u00e1nsito Municipal abri\u00f3 la posibilidad para que los uniformados opten por un ascenso de grado, a partir de sus m\u00e9ritos.<\/p>\n<p>Durante febrero, 153 polic\u00edas rasos, algunos de ellos con m\u00e1s de 10 a\u00f1os de servicio, realizaron pruebas te\u00f3ricas, pr\u00e1cticas y f\u00edsicas, a fin de acreditarse como los m\u00e1s aptos para ocupar alguna de las 50 plazas de polic\u00edas terceros.<\/p>\n<p>De acuerdo con el Director de Desarrollo Policial, Jos\u00e9 Antonio P\u00e9rez Cruz, la corporaci\u00f3n busca que los ascensos se otorguen con base en las capacidades y m\u00e9ritos del individuo y no debido a influencias o decisiones arbitrarias.<\/p>\n<p>\u201cPara mayor transparencia invitamos a ciudadanos y regidores que han visto todo el proceso y adem\u00e1s participar\u00e1n como observadores en la entrega de resultados, acabadas las evaluaciones, tendremos resultados preliminares, tanto naucalpenses como miembros del cuerpo edilicio nos acompa\u00f1ar\u00e1n a abrir los sobres cerrados, sellados y firmados\u201d, detall\u00f3 el funcionario.<\/p>\n<p>El Subdirector\u00a0 de Academia, \u00c9rick de Jes\u00fas Hidalgo Mart\u00ednez, se\u00f1al\u00f3 que las y los aspirantes a la promoci\u00f3n de rango deben conocer el marco jur\u00eddico y medirse en siete competencias: armamento y tiro, capacidad f\u00edsica, defensa personal, detenci\u00f3n y conducci\u00f3n de probables responsables, manejo de bast\u00f3n policial, conducci\u00f3n de veh\u00edculos policiales, y operaci\u00f3n de equipos de radiocomunicaci\u00f3n.<\/p>\n<p>Al respecto, la jefa de departamento del Servicio Profesional de Carrera, Laura G\u00f3mez Cifuentes, dijo que es importante la capacitaci\u00f3n de las y los contendientes a fin de darle un mejor servicio a la ciudadan\u00eda.<\/p>\n<p>\u201cSe califica que todos los integrantes de la instituci\u00f3n participantes tengan el conocimiento m\u00ednimo para ascender y desempe\u00f1ar sus funciones correctamente.<\/p>\n<p>\u201cDeben saber, entre otras cosas, llenar el informe policial homologado, que es el documento utilizado para poner a disposici\u00f3n un detenido, ya sea ante el Juzgado C\u00edvico o el Ministerio P\u00fablico\u201d, describi\u00f3.<\/p>\n<p>Sumado a los temas te\u00f3rico-pr\u00e1cticos, cada polic\u00eda debe ser competente a nivel f\u00edsico para poder operar campo, por esta raz\u00f3n, el Instituto Municipal de Cultura F\u00edsica y Deporte de Naucalpan (Imcufiden) evalu\u00f3 a la centena y media de concursantes en tres puntos: fuerzas, resistencia y velocidad.<\/p>\n<p>Adem\u00e1s de las cuestiones t\u00e9cnicas y f\u00edsicas de su quehacer operativo, los servidores de seguridad deben manifestar conocimientos sobre doctrina y \u00e9tica policial, gesti\u00f3n de las emociones, labores de proximidad y perspectiva de g\u00e9nero, aspectos sociales que refuerzan los valores de la instituci\u00f3n, subray\u00f3 el director Jos\u00e9 Antonio P\u00e9rez.<\/p>\n","protected":false},"excerpt":{"rendered":"<p>Por primera vez, la Direcci\u00f3n General de Seguridad Ciudadana y Tr\u00e1nsito Municipal abri\u00f3 la posibilidad para que los uniformados opten por un ascenso de grado, a partir de sus m\u00e9ritos.<\/p>\n","protected":false},"author":3,"featured_media":498508,"comment_status":"open","ping_status":"open","sticky":false,"template":"","format":"standard","meta":{"_monsterinsights_skip_tracking":false,"_monsterinsights_sitenote_active":false,"_monsterinsights_sitenote_note":"","_monsterinsights_sitenote_category":0,"footnotes":""},"categories":[5],"tags":[43675,23544,67364,970],"class_list":["post-498378","post","type-post","status-publish","format-standard","has-post-thumbnail","hentry","category-estado-de-mexico","tag-estado-de-mexico","tag-grados","tag-meritos","tag-naucalpan"],"_links":{"self":[{"href":"https:\/\/www.diarioimagen.net\/index.php?rest_route=\/wp\/v2\/posts\/498378","targetHints":{"allow":["GET"]}}],"collection":[{"href":"https:\/\/www.diarioimagen.net\/index.php?rest_route=\/wp\/v2\/posts"}],"about":[{"href":"https:\/\/www.diarioimagen.net\/index.php?rest_route=\/wp\/v2\/types\/post"}],"author":[{"embeddable":true,"href":"https:\/\/www.diarioimagen.net\/index.php?rest_route=\/wp\/v2\/users\/3"}],"replies":[{"embeddable":true,"href":"https:\/\/www.diarioimagen.net\/index.php?rest_route=%2Fwp%2Fv2%2Fcomments&post=498378"}],"version-history":[{"count":0,"href":"https:\/\/www.diarioimagen.net\/index.php?rest_route=\/wp\/v2\/posts\/498378\/revisions"}],"wp:featuredmedia":[{"embeddable":true,"href":"https:\/\/www.diarioimagen.net\/index.php?rest_route=\/wp\/v2\/media\/498508"}],"wp:attachment":[{"href":"https:\/\/www.diarioimagen.net\/index.php?rest_route=%2Fwp%2Fv2%2Fmedia&parent=498378"}],"wp:term":[{"taxonomy":"category","embeddable":true,"href":"https:\/\/www.diarioimagen.net\/index.php?rest_route=%2Fwp%2Fv2%2Fcategories&post=498378"},{"taxonomy":"post_tag","embeddable":true,"href":"https:\/\/www.diarioimagen.net\/index.php?rest_route=%2Fwp%2Fv2%2Ftags&post=498378"}],"curies":[{"name":"wp","href":"https:\/\/api.w.org\/{rel}","templated":true}]}}