{"id":498380,"date":"2021-03-03T00:03:05","date_gmt":"2021-03-03T06:03:05","guid":{"rendered":"https:\/\/www.diarioimagen.net\/?p=498380"},"modified":"2021-03-03T05:19:14","modified_gmt":"2021-03-03T11:19:14","slug":"con-estrictas-medidas-sanitarias-huixquilucan-reabre-mas-actividades-en-semaforo-naranja","status":"publish","type":"post","link":"https:\/\/www.diarioimagen.net\/?p=498380","title":{"rendered":"Con estrictas medidas sanitarias, Huixquilucan reabre m\u00e1s actividades en sem\u00e1foro naranja"},"content":{"rendered":"<p>&nbsp;<\/p>\n<ul>\n<li><strong><em>Desarrollo Econ\u00f3mico realizar\u00e1 operativos constantes<\/em><\/strong><\/li>\n<\/ul>\n<p>&nbsp;<\/p>\n<div id=\"attachment_498504\" style=\"width: 470px\" class=\"wp-caption aligncenter\"><a href=\"https:\/\/www.diarioimagen.net\/?attachment_id=498504\" rel=\"attachment wp-att-498504\"><img loading=\"lazy\" decoding=\"async\" aria-describedby=\"caption-attachment-498504\" class=\"size-full wp-image-498504\" src=\"https:\/\/www.diarioimagen.net\/wp-content\/uploads\/2021\/03\/huixq.jpg\" alt=\"\" width=\"460\" height=\"270\" \/><\/a><p id=\"caption-attachment-498504\" class=\"wp-caption-text\">Autoridades locales vigilar\u00e1n que los establecimientos que reabrieron actividades, cumplan con las medidas sanitarias en sem\u00e1foro naranja.<\/p><\/div>\n<p>&nbsp;<\/p>\n<p><strong>Huixquilucan, Estado de M\u00e9xico<\/strong>.- El gobierno municipal, vigilar\u00e1 que los establecimientos que reabrieron actividades, cumplan con las medidas sanitarias, luego del anuncio de que la entidad permanecer\u00e1 dos semanas m\u00e1s en sem\u00e1foro naranja.<\/p>\n<p>A partir del 1 de marzo, de acuerdo con el gobierno del Estado de M\u00e9xico, cines, teatros, museos, albercas, iglesias, centros de culto, spas, ba\u00f1os y vapores, podr\u00e1n abrir sus puertas con un aforo m\u00e1ximo del 30 por ciento.<\/p>\n<p>Cifra, que tambi\u00e9n deber\u00e1n acatar los gimnasios, tanto al interior como al exterior, as\u00ed como los espacios destinados a actividades culturales, auditorios y foros.<\/p>\n<p>El presidente municipal de Huixquilucan, Enrique Vargas del Villar, se\u00f1al\u00f3 que la Direcci\u00f3n General de Desarrollo Econ\u00f3mico, realizar\u00e1 operativos constantes para verificar que los establecimientos cumplan con las medidas sanitarias y aquellos que no lo hagan ser\u00e1n sancionados.<\/p>\n<p>En tanto, bares, cantinas, salones de baile discotecas, casinos, billares, boliches, palenques, salones y jardines de fiesta, permanecer\u00e1n cerrados.<\/p>\n<p>Asimismo se recuerda, que en el municipio el uso de cubrebocas es obligatorio, adem\u00e1s de que los establecimientos deben aplicar el protocolo sanitario para evitar contagios por coronavirus.<\/p>\n<p>El llamado del gobierno municipal a la ciudadan\u00eda es a mantenerse en casa, toda vez que los contagios contin\u00faan y si es necesario salir, hacerlo con todas las medidas de seguridad.<\/p>\n","protected":false},"excerpt":{"rendered":"<p>El gobierno municipal, vigilar\u00e1 que los establecimientos que reabrieron actividades, cumplan con las medidas sanitarias, luego del anuncio de que la entidad permanecer\u00e1 dos semanas m\u00e1s en sem\u00e1foro naranja.<\/p>\n","protected":false},"author":3,"featured_media":498504,"comment_status":"open","ping_status":"open","sticky":false,"template":"","format":"standard","meta":{"_monsterinsights_skip_tracking":false,"_monsterinsights_sitenote_active":false,"_monsterinsights_sitenote_note":"","_monsterinsights_sitenote_category":0,"footnotes":""},"categories":[5],"tags":[43675,1097,91413],"class_list":["post-498380","post","type-post","status-publish","format-standard","has-post-thumbnail","hentry","category-estado-de-mexico","tag-estado-de-mexico","tag-huixquilucan","tag-semaforo-naranja"],"_links":{"self":[{"href":"https:\/\/www.diarioimagen.net\/index.php?rest_route=\/wp\/v2\/posts\/498380","targetHints":{"allow":["GET"]}}],"collection":[{"href":"https:\/\/www.diarioimagen.net\/index.php?rest_route=\/wp\/v2\/posts"}],"about":[{"href":"https:\/\/www.diarioimagen.net\/index.php?rest_route=\/wp\/v2\/types\/post"}],"author":[{"embeddable":true,"href":"https:\/\/www.diarioimagen.net\/index.php?rest_route=\/wp\/v2\/users\/3"}],"replies":[{"embeddable":true,"href":"https:\/\/www.diarioimagen.net\/index.php?rest_route=%2Fwp%2Fv2%2Fcomments&post=498380"}],"version-history":[{"count":0,"href":"https:\/\/www.diarioimagen.net\/index.php?rest_route=\/wp\/v2\/posts\/498380\/revisions"}],"wp:featuredmedia":[{"embeddable":true,"href":"https:\/\/www.diarioimagen.net\/index.php?rest_route=\/wp\/v2\/media\/498504"}],"wp:attachment":[{"href":"https:\/\/www.diarioimagen.net\/index.php?rest_route=%2Fwp%2Fv2%2Fmedia&parent=498380"}],"wp:term":[{"taxonomy":"category","embeddable":true,"href":"https:\/\/www.diarioimagen.net\/index.php?rest_route=%2Fwp%2Fv2%2Fcategories&post=498380"},{"taxonomy":"post_tag","embeddable":true,"href":"https:\/\/www.diarioimagen.net\/index.php?rest_route=%2Fwp%2Fv2%2Ftags&post=498380"}],"curies":[{"name":"wp","href":"https:\/\/api.w.org\/{rel}","templated":true}]}}