{"id":498382,"date":"2021-03-03T00:04:17","date_gmt":"2021-03-03T06:04:17","guid":{"rendered":"https:\/\/www.diarioimagen.net\/?p=498382"},"modified":"2021-03-03T05:18:05","modified_gmt":"2021-03-03T11:18:05","slug":"abre-dif-cuautitlan-preinscripciones-para-jardines-de-ninos","status":"publish","type":"post","link":"https:\/\/www.diarioimagen.net\/?p=498382","title":{"rendered":"Abre DIF-Cuautitl\u00e1n preinscripciones para jardines de ni\u00f1os"},"content":{"rendered":"<p>&nbsp;<\/p>\n<p><a href=\"https:\/\/www.diarioimagen.net\/?attachment_id=498502\" rel=\"attachment wp-att-498502\"><img loading=\"lazy\" decoding=\"async\" class=\"aligncenter size-full wp-image-498502\" src=\"https:\/\/www.diarioimagen.net\/wp-content\/uploads\/2021\/03\/cuautitlan-1.jpg\" alt=\"\" width=\"460\" height=\"401\" \/><\/a><\/p>\n<p>&nbsp;<\/p>\n<p><strong>Cuautitl\u00e1n, Estado de M\u00e9xico<\/strong><strong>.- <\/strong>El sistema municipal DIF inform\u00f3 que se abrieron las fechas de preinscripciones para el presente ciclo escolar de los jardines de ni\u00f1os de la dependencia, donde los peque\u00f1os podr\u00e1n acceder a la instrucci\u00f3n b\u00e1sica y que es fundamental para su desarrollo y crecimiento en las primeras etapas de su vida, se\u00f1al\u00f3 la dependencia.<\/p>\n<p>Los padres interesados para estas preinscripciones deber\u00e1n presentar acta de nacimiento, clave CURP, escaneados de los peque\u00f1os y el formato impreso lleno, el cual deber\u00e1 incluir n\u00fameros telef\u00f3nicos y nombres de tres personas (pap\u00e1, mam\u00e1, tutor o abuelos) para complementar las informaci\u00f3n y referencias.<\/p>\n","protected":false},"excerpt":{"rendered":"<p>El sistema municipal DIF inform\u00f3 que se abrieron las fechas de preinscripciones para el presente ciclo escolar de los Jardines de Ni\u00f1os de la dependencia, donde los peque\u00f1os podr\u00e1n acceder a la instrucci\u00f3n b\u00e1sica y que es fundamental para su desarrollo y crecimiento en las primeras etapas de su vida, se\u00f1al\u00f3 la dependencia.<\/p>\n","protected":false},"author":3,"featured_media":498502,"comment_status":"open","ping_status":"open","sticky":false,"template":"","format":"standard","meta":{"_monsterinsights_skip_tracking":false,"_monsterinsights_sitenote_active":false,"_monsterinsights_sitenote_note":"","_monsterinsights_sitenote_category":0,"footnotes":""},"categories":[5],"tags":[681,43675],"class_list":["post-498382","post","type-post","status-publish","format-standard","has-post-thumbnail","hentry","category-estado-de-mexico","tag-cuautitlan","tag-estado-de-mexico"],"_links":{"self":[{"href":"https:\/\/www.diarioimagen.net\/index.php?rest_route=\/wp\/v2\/posts\/498382","targetHints":{"allow":["GET"]}}],"collection":[{"href":"https:\/\/www.diarioimagen.net\/index.php?rest_route=\/wp\/v2\/posts"}],"about":[{"href":"https:\/\/www.diarioimagen.net\/index.php?rest_route=\/wp\/v2\/types\/post"}],"author":[{"embeddable":true,"href":"https:\/\/www.diarioimagen.net\/index.php?rest_route=\/wp\/v2\/users\/3"}],"replies":[{"embeddable":true,"href":"https:\/\/www.diarioimagen.net\/index.php?rest_route=%2Fwp%2Fv2%2Fcomments&post=498382"}],"version-history":[{"count":0,"href":"https:\/\/www.diarioimagen.net\/index.php?rest_route=\/wp\/v2\/posts\/498382\/revisions"}],"wp:featuredmedia":[{"embeddable":true,"href":"https:\/\/www.diarioimagen.net\/index.php?rest_route=\/wp\/v2\/media\/498502"}],"wp:attachment":[{"href":"https:\/\/www.diarioimagen.net\/index.php?rest_route=%2Fwp%2Fv2%2Fmedia&parent=498382"}],"wp:term":[{"taxonomy":"category","embeddable":true,"href":"https:\/\/www.diarioimagen.net\/index.php?rest_route=%2Fwp%2Fv2%2Fcategories&post=498382"},{"taxonomy":"post_tag","embeddable":true,"href":"https:\/\/www.diarioimagen.net\/index.php?rest_route=%2Fwp%2Fv2%2Ftags&post=498382"}],"curies":[{"name":"wp","href":"https:\/\/api.w.org\/{rel}","templated":true}]}}