{"id":498384,"date":"2021-03-03T00:07:36","date_gmt":"2021-03-03T06:07:36","guid":{"rendered":"https:\/\/www.diarioimagen.net\/?p=498384"},"modified":"2021-03-04T02:14:45","modified_gmt":"2021-03-04T08:14:45","slug":"encabeza-del-mazo-197-aniversario-de-la-fundacion-del-estado-de-mexico","status":"publish","type":"post","link":"https:\/\/www.diarioimagen.net\/?p=498384","title":{"rendered":"Encabeza Del Mazo 197 Aniversario de la Fundaci\u00f3n del Estado de M\u00e9xico"},"content":{"rendered":"<p>&nbsp;<\/p>\n<ul>\n<li>\n<div><b><span lang=\"ES-MX\">Destaca secretaria de Gobernaci\u00f3n, Olga S\u00e1nchez Cordero, el trabajo institucional del Edom\u00e9x con el gobierno federal<\/span><\/b><\/div>\n<\/li>\n<\/ul>\n<p><strong>\u00a0<\/strong><\/p>\n<div id=\"attachment_498491\" style=\"width: 470px\" class=\"wp-caption aligncenter\"><a href=\"https:\/\/www.diarioimagen.net\/?attachment_id=498491\" rel=\"attachment wp-att-498491\"><img loading=\"lazy\" decoding=\"async\" aria-describedby=\"caption-attachment-498491\" class=\"size-full wp-image-498491\" src=\"https:\/\/www.diarioimagen.net\/wp-content\/uploads\/2021\/03\/edomexPresea.jpg\" alt=\"\" width=\"460\" height=\"270\" \/><\/a><p id=\"caption-attachment-498491\" class=\"wp-caption-text\">Encabez\u00f3 el gobernador Alfredo Del Mazo la ceremonia por el 197 Aniversario de la Fundaci\u00f3n del Estado de M\u00e9xico. Asisti\u00f3 la titular de Gobernaci\u00f3n, Olga S\u00e1nchez Cordero.<\/p><\/div>\n<p>&nbsp;<\/p>\n<p><strong>Toluca.- \u00a0<\/strong>Durante la ceremonia por el 197 Aniversario de la fundaci\u00f3n de la entidad mexiquense y la Entrega de la Presea Estado de M\u00e9xico 2020, que encabez\u00f3 el Gobernador Alfredo Del Mazo Maza, la secretaria de Gobernaci\u00f3n, Olga S\u00e1nchez Cordero, reconoci\u00f3 el trabajo y la relaci\u00f3n institucional de la administraci\u00f3n estatal con el Gobierno de M\u00e9xico.<\/p>\n<p>\u201cQuiero tambi\u00e9n a manera personal, y en representaci\u00f3n del se\u00f1or Presidente, decirle al Se\u00f1or Gobernador Alfredo Del Mazo, muchas gracias Se\u00f1or Gobernador, muchas gracias y nuestro m\u00e1s sentido reconocimiento por esta relaci\u00f3n institucional con el Gobierno federal, pero m\u00e1s all\u00e1 de esta relaci\u00f3n institucional Se\u00f1or Gobernador, por su afecto, su cari\u00f1o para el Se\u00f1or Presidente y para mi persona.<\/p>\n<p>\u201cMuchas gracias Se\u00f1or Gobernador por esta extraordinaria manera de tener esta relaci\u00f3n tan institucional y tan positiva para el estado y para el pa\u00eds con el Gobierno de M\u00e9xico. Muchas gracias\u201d, afirm\u00f3 S\u00e1nchez Cordero.<\/p>\n<p>Asimismo, se\u00f1al\u00f3 que la participaci\u00f3n de la sociedad es la forma de transformar la realidad social y pol\u00edtica del pa\u00eds, con acciones como las que llevan a cabo los mexiquenses que fueron galardonados con la Presea Estado de M\u00e9xico.<\/p>\n<p>\u201cFelicito al se\u00f1or gobernador Alfredo Del Mazo porque su Gobierno promueve, a trav\u00e9s de la entrega de estas Preseas Estado de M\u00e9xico, la participaci\u00f3n de la sociedad civil, ese es el esp\u00edritu que transforma la realidad social y pol\u00edtica de M\u00e9xico en esta nueva etapa de su vida democr\u00e1tica\u201d, apunt\u00f3.<\/p>\n<p>En el Patio Central del Poder Ejecutivo, el Gobernador Alfredo Del Mazo indic\u00f3 que la nueva normalidad representa desaf\u00edos socioecon\u00f3micos estructurales, y para salir adelante se requiere enfrentar las desigualdades para generar mayor bienestar, por lo que en el Estado de M\u00e9xico se concentran los esfuerzos en cuatro \u00e1mbitos: social, econ\u00f3mico, educativo y urbano.<\/p>\n<p>\u201cHoy, para salir adelante, necesitamos hacer de las nuevas condiciones, agentes de cambio, que reduzcan las desigualdades, que generen mayor bienestar, y alcancen una distribuci\u00f3n econ\u00f3mica m\u00e1s justa. Los mexiquenses afrontaremos este desaf\u00edo con firmeza y audacia, imaginando y construyendo el porvenir, mirando hacia delante\u201d, expres\u00f3.<\/p>\n<p>En este sentido, explic\u00f3 que en el \u00e1mbito social se impulsan programas de nueva generaci\u00f3n que atienden las necesidades de cada familia, con \u00e9nfasis en la disminuci\u00f3n de desigualdades de g\u00e9nero, destac\u00f3 que durante su administraci\u00f3n se han destinado siete de cada 10 pesos a programas sociales los cuales, de acuerdo con el CONEVAL, disminuyeron en ocho por ciento la pobreza durante los dos primeros a\u00f1os de Gobierno.<\/p>\n<p>\u201cEstos programas, cuya entrega se intensific\u00f3 el a\u00f1o pasado, sirvieron como respaldo para que miles de familias en condiciones de vulnerabilidad, superaran la etapa m\u00e1s dif\u00edcil de confinamiento\u201d, enfatiz\u00f3.<\/p>\n<p>Detall\u00f3 que respecto a lo econ\u00f3mico la entidad busca refrendarse como el centro log\u00edstico del pa\u00eds, sector que se ha convertido en un eje de desarrollo, por lo que entre 2018 y 2021 se destinaron el 15 por ciento de la inversi\u00f3n en infraestructura a la mejora de la conectividad, se han construido parques industriales con vocaci\u00f3n log\u00edstica, mientras que empresas como como Amazon, FedEx, Walmart, entre otras, han invertido m\u00e1s de 9 mil millones de pesos, para expandir sus operaciones en la entidad.<\/p>\n<p>Mientras que en el educativo se impulsa el mejoramiento de la infraestructura escolar, el reconocimiento al talento estudiantil con becas, el fortalecimiento de los mecanismos de vinculaci\u00f3n empresarial con acciones como la educaci\u00f3n dual, se crearon carreras y se actualizaron temarios con vocaci\u00f3n tecnol\u00f3gica, entre otras.<\/p>\n<p>En este sentido, reconoci\u00f3 el trabajo realizado por el magisterio mexiquense para afrontar desaf\u00edos como las clases a distancia, as\u00ed como por su vocaci\u00f3n de servicio y su voluntad de adaptaci\u00f3n, y sostuvo que la alianza entre la educaci\u00f3n y tecnolog\u00eda ser\u00e1 uno de los rasgos m\u00e1s notorios de la nueva normalidad, por lo que el reto es aprovecharla en favor de una educaci\u00f3n que responda al mundo post-pandemia.<\/p>\n<p>En el \u00e1mbito urbano, dijo, se llevan a cabo inversiones en movilidad, recuperaci\u00f3n de espacios p\u00fablicos, que contribuyen a reactivar la econom\u00eda y a fomentar la convivencia comunitaria, as\u00ed como a fortalecer estrategias de seguridad p\u00fablica.<\/p>\n<p>Del Mazo Maza manifest\u00f3 que la pandemia por Covid-19 ha dejado afectaciones en la salud de la poblaci\u00f3n, pero tambi\u00e9n consecuencias sociales, culturales y econ\u00f3micas que lastiman el desarrollo de las naciones, ya que provoc\u00f3 una disminuci\u00f3n estimada del 3.5 por ciento en el Producto Interno Bruto mundial, adem\u00e1s la Organizaci\u00f3n Internacional del Trabajo indica que en 2020 se perdieron en el mundo 114 millones de empleos y los ingresos laborales disminuyeron en promedio, m\u00e1s de ocho por ciento.<\/p>\n<p>Agreg\u00f3 que a nivel internacional, el sector turismo perdi\u00f3 siete de cada 10 puestos de trabajo, m\u00e1s del 70 por ciento, eran ocupados por mujeres, adem\u00e1s se gener\u00f3 el cierre masivo de peque\u00f1os negocios, mientras que organismos internacionales prev\u00e9n un retroceso de 10 a\u00f1os en el combate a la marginaci\u00f3n, un incremento de hasta 500 millones de personas en situaci\u00f3n de pobreza, y por la suspensi\u00f3n de clases, una p\u00e9rdida de un a\u00f1o\u00a0 en la formaci\u00f3n de las generaciones actuales.<\/p>\n<p>El titular del Ejecutivo estatal se\u00f1al\u00f3 que el Estado de M\u00e9xico est\u00e1 acostumbrado a mirar de frente y superar con determinaci\u00f3n los desaf\u00edos, y desde 1824 cada mexiquense ha hecho del estado una tierra de cultura, trabajo y libertad, por ello, dijo, en la entidad se asume el compromiso de avanzar en el desarrollo social, econ\u00f3mico y pol\u00edtico del pa\u00eds, para construir un porvenir de oportunidades para todos.<\/p>\n<p>Del Mazo indic\u00f3 que los mexiquenses reconocen la vocaci\u00f3n social y la determinaci\u00f3n de luchar por un M\u00e9xico mejor del Presidente Andr\u00e9s Manuel L\u00f3pez Obrador, y resultado del apoyo, voluntad y acci\u00f3n pol\u00edtica que existe en el Estado de M\u00e9xico, se atiende a las familias de la entidad.<\/p>\n<p>\u201cCon el Presidente de la Rep\u00fablica nos unen valores que han acompa\u00f1ado a nuestra entidad a lo largo de su historia, la b\u00fasqueda de la igualdad, el respaldo a las personas m\u00e1s necesitadas, y el compromiso con la construcci\u00f3n de un pa\u00eds m\u00e1s justo, los mexiquenses reconocemos en el Presidente de todos los mexicanos esa misma vocaci\u00f3n social y la determinaci\u00f3n de seguir luchando por un M\u00e9xico mejor\u201d, mencion\u00f3.<\/p>\n<p>Tambi\u00e9n reconoci\u00f3 a la secretaria de Gobernaci\u00f3n, Olga S\u00e1nchez Cordero, quien se\u00f1al\u00f3 es una aliada de la entidad mexiquense y que encabeza con sensibilidad, energ\u00eda y firmeza la pol\u00edtica interna de nuestro pa\u00eds, destac\u00e1ndose como una defensora de las libertades civiles y los derechos humanos, adem\u00e1s de ser una promotora del di\u00e1logo nacional y una protectora de la gobernabilidad de la naci\u00f3n.<\/p>\n<p>A\u00f1adi\u00f3 que en este esfuerzo las instituciones mexiquenses han refrendado su responsabilidad, compromiso y liderazgo, por lo que destac\u00f3 la pluralidad, actualizaci\u00f3n al marco normativo a favor de los\u00a0\u00a0 derechos y la igualdad de j\u00f3venes, comunidades ind\u00edgenas, adultos mayores y con la igualdad de g\u00e9nero, que ha llevado a cabo la C\u00e1mara de Diputados del Estado de M\u00e9xico, con voluntad de di\u00e1logo y su capacidad de alcanzar acuerdos.<\/p>\n<p>Asimismo, destac\u00f3 la labor del Poder Judicial el cual refrend\u00f3 su liderazgo transformador, ya que durante los \u00faltimos a\u00f1os, decidi\u00f3 impulsar su modernizaci\u00f3n administrativa, tecnol\u00f3gica y procesal por lo que es un referente para la justicia a nivel nacional.<\/p>\n<p>&nbsp;<\/p>\n<p style=\"text-align: center;\"><strong>Entrega gobernador Presea Estado De M\u00e9xico 2020<\/strong><\/p>\n<p>&nbsp;<\/p>\n<p>El mandatario estatal detall\u00f3 que en la edici\u00f3n 2020 de la Presea Estado de M\u00e9xico se entregaron galardones en 19 categor\u00edas, de las cuales dos fueron integradas recientemente, al M\u00e9rito Agrario \u201cAndr\u00e9s Molina Enr\u00edquez\u201d y a los Integrantes con Funciones Operativas de las Instituciones de Seguridad P\u00fablica del Estado de M\u00e9xico, \u201cPolic\u00eda Mexiquense del A\u00f1o\u201d.<\/p>\n<p>Inform\u00f3 que este a\u00f1o recibieron el galard\u00f3n siete mujeres y en las categor\u00edas al Trabajo \u201cFidel Vel\u00e1zquez S\u00e1nchez\u201d y al Impulso Econ\u00f3mico \u201cFiliberto G\u00f3mez, se entreg\u00f3 la presea a dos ganadores.<\/p>\n<p>En este sentido, como parte del reconocimiento hecho a quienes trabajan por poner el nombre del Estado de M\u00e9xico en alto, el Gobernador reconoci\u00f3 la labor que realiza el personal m\u00e9dico del sistema de salud mexiquense, quienes arriesgan sus vidas por el bien de la poblaci\u00f3n, al dedicar la presea al Fortalecimiento de las Instituciones P\u00fablicas \u201cLe\u00f3n Guzm\u00e1n\u201d, a los trabajadores de la salud.<\/p>\n<p>Subray\u00f3 que en la entidad la pandemia ha llegado a m\u00e1s de 200 mil contagios y m\u00e1s de 21 mil personas han perdido la vida, por lo que expres\u00f3 sus condolencias con las familias mexiquenses, y reiter\u00f3 que la vacunaci\u00f3n llegar\u00e1 a cada uno de los 125 municipios del Estado de M\u00e9xico, y agradeci\u00f3 el apoyo del Gobierno de M\u00e9xico en el proceso de la aplicaci\u00f3n de vacunas.<\/p>\n<p>Por lo que destac\u00f3 y agradeci\u00f3 el trabajo de m\u00e9dicos, enfermeras, t\u00e9cnicos laboratoristas, param\u00e9dicos, camilleros, pasantes, Trabajadores en la Atenci\u00f3n Primaria a la Salud,\u00a0 y todo el equipo que conforma al sistema de salud m\u00e1s grande del pa\u00eds.<\/p>\n<p>\u201cHoy, la actitud responsable, sensible y solidaria de los mexiquenses es la mayor de las razones para mirar al futuro con esperanza. Si podemos pensar en el ma\u00f1ana, es porque nuestro equipo m\u00e9dico ha sido ejemplo de persistencia que nos inspira\u201d, sostuvo.<\/p>\n<p>Asimismo reconoci\u00f3 a los pueblos originarios matlazinca, mazahua, otom\u00ed, nahua y tlahuica, a quienes asegur\u00f3 que su administraci\u00f3n y los mexiquenses trabajan unidos para que su legado sea preservado; al mismo tiempo, destac\u00f3 el compromiso de la comunidad acad\u00e9mica, empresarios, organizaciones civiles, a quienes se\u00f1al\u00f3 como parte fundamental para hacer del Estado de M\u00e9xico un referente a nivel nacional y ejemplo para el resto del pa\u00eds.<\/p>\n<p>\u201cHoy, cumplimos 197 a\u00f1os de servir a una naci\u00f3n, y a su causa de igualdad, de justicia, de fraternidad, ante cada desaf\u00edo, hemos respondido con honor, hemos cumplido con las exigencias de esta misma misi\u00f3n hist\u00f3rica; hoy, con nobleza, con convicci\u00f3n, y con confianza absoluta en el futuro, refrendamos nuestro compromiso con M\u00e9xico, somos el Estado de M\u00e9xico,\u00a0 somos modernidad, y somos tradici\u00f3n; somos alegr\u00eda, y somos color; somos a\u00f1oranza y somos esperanza, somos pasado, y tambi\u00e9n somos futuro, somos mexiquenses y unidos somos el Estado de M\u00e9xico\u201d, se\u00f1al\u00f3.<\/p>\n<p>El Secretario General de Gobierno y Presidente del Consejo de Premiaci\u00f3n de la Presea Estado de M\u00e9xico, Ernesto Nemer \u00c1lvarez, inform\u00f3 que esta ocasi\u00f3n, para las 19 categor\u00edas, se recibieron 3 mil 388 solicitudes de registro de mujeres y hombres organizaciones sociales que cumplieron con los requisitos y m\u00e9ritos suficientes para ser galardonados, lo cual constituye la cifra m\u00e1s alta en la historia de esta distinci\u00f3n.<\/p>\n<p>Dijo que la edici\u00f3n 2020 reviste un significado especial al otorgarse en un contexto de pandemia, eventualidad que ha puesto a prueba nuestras capacidades como sociedad, aflorando entre nosotros valores primordiales como la empat\u00eda, la solidaridad, la entereza y el compromiso social, y demostrando \u201cnuestra capacidad para sobreponernos, dejando claro en el Estado de M\u00e9xico sociedad y Gobierno avanzamos juntos y no nos detendremos\u201d.<\/p>\n","protected":false},"excerpt":{"rendered":"<p>Durante la ceremonia por el 197 Aniversario de la fundaci\u00f3n de la entidad mexiquense y la Entrega de la Presea Estado de M\u00e9xico 2020, que encabez\u00f3 el Gobernador Alfredo Del Mazo Maza, la Secretaria de Gobernaci\u00f3n, Olga S\u00e1nchez Cordero, reconoci\u00f3 el trabajo y la relaci\u00f3n institucional de la administraci\u00f3n estatal con el Gobierno de M\u00e9xico.<\/p>\n","protected":false},"author":3,"featured_media":498491,"comment_status":"open","ping_status":"open","sticky":false,"template":"","format":"standard","meta":{"_monsterinsights_skip_tracking":false,"_monsterinsights_sitenote_active":false,"_monsterinsights_sitenote_note":"","_monsterinsights_sitenote_category":0,"footnotes":""},"categories":[5],"tags":[2505,43675,10638,452],"class_list":["post-498384","post","type-post","status-publish","format-standard","has-post-thumbnail","hentry","category-estado-de-mexico","tag-alfredo-del-mazo-maza","tag-estado-de-mexico","tag-olga-sanchez-cordero","tag-toluca"],"_links":{"self":[{"href":"https:\/\/www.diarioimagen.net\/index.php?rest_route=\/wp\/v2\/posts\/498384","targetHints":{"allow":["GET"]}}],"collection":[{"href":"https:\/\/www.diarioimagen.net\/index.php?rest_route=\/wp\/v2\/posts"}],"about":[{"href":"https:\/\/www.diarioimagen.net\/index.php?rest_route=\/wp\/v2\/types\/post"}],"author":[{"embeddable":true,"href":"https:\/\/www.diarioimagen.net\/index.php?rest_route=\/wp\/v2\/users\/3"}],"replies":[{"embeddable":true,"href":"https:\/\/www.diarioimagen.net\/index.php?rest_route=%2Fwp%2Fv2%2Fcomments&post=498384"}],"version-history":[{"count":0,"href":"https:\/\/www.diarioimagen.net\/index.php?rest_route=\/wp\/v2\/posts\/498384\/revisions"}],"wp:featuredmedia":[{"embeddable":true,"href":"https:\/\/www.diarioimagen.net\/index.php?rest_route=\/wp\/v2\/media\/498491"}],"wp:attachment":[{"href":"https:\/\/www.diarioimagen.net\/index.php?rest_route=%2Fwp%2Fv2%2Fmedia&parent=498384"}],"wp:term":[{"taxonomy":"category","embeddable":true,"href":"https:\/\/www.diarioimagen.net\/index.php?rest_route=%2Fwp%2Fv2%2Fcategories&post=498384"},{"taxonomy":"post_tag","embeddable":true,"href":"https:\/\/www.diarioimagen.net\/index.php?rest_route=%2Fwp%2Fv2%2Ftags&post=498384"}],"curies":[{"name":"wp","href":"https:\/\/api.w.org\/{rel}","templated":true}]}}