{"id":498516,"date":"2021-03-04T00:07:53","date_gmt":"2021-03-04T06:07:53","guid":{"rendered":"https:\/\/www.diarioimagen.net\/?p=498516"},"modified":"2021-03-05T00:36:48","modified_gmt":"2021-03-05T06:36:48","slug":"correcto-ejercicio-de-recursos-prioridad-de-administracion-2017-2021-de-uaem-alfredo-barrera","status":"publish","type":"post","link":"https:\/\/www.diarioimagen.net\/?p=498516","title":{"rendered":"Correcto ejercicio de recursos, prioridad de Administraci\u00f3n 2017-2021 de UAEM: Alfredo Barrera"},"content":{"rendered":"<p><em>\u00a0<\/em><\/p>\n<ul>\n<li><strong><em>El gobernador del Estado de M\u00e9xico, Alfredo Del Mazo Maza, encabez\u00f3 el cuarto informe de la administraci\u00f3n 2017-2021 de la UAEM, presidida por el rector Alfredo Barrera Baca<\/em><\/strong><\/li>\n<\/ul>\n<p>&nbsp;<\/p>\n<div id=\"attachment_498598\" style=\"width: 470px\" class=\"wp-caption aligncenter\"><a href=\"https:\/\/www.diarioimagen.net\/?attachment_id=498598\" rel=\"attachment wp-att-498598\"><img loading=\"lazy\" decoding=\"async\" aria-describedby=\"caption-attachment-498598\" class=\"size-full wp-image-498598\" src=\"https:\/\/www.diarioimagen.net\/wp-content\/uploads\/2021\/03\/uaem.jpg\" alt=\"\" width=\"460\" height=\"270\" \/><\/a><p id=\"caption-attachment-498598\" class=\"wp-caption-text\">El gobernador mexiquense, Alfredo Del Mazo Maza y el rector de la UAEM, Alfredo Barrera Baca, develaron las placas de restauraci\u00f3n y reestructuraci\u00f3n de los torreones uno y dos del Edificio de Rector\u00eda, da\u00f1ados por los sismos de 2017.<\/p><\/div>\n<p>&nbsp;<\/p>\n<p><strong>Toluca, Estado de M\u00e9xico.\u2013 <\/strong>El correcto y eficiente ejercicio de los recursos fue prioridad de la Administraci\u00f3n 2017-2021, subray\u00f3 el rector Alfredo Barrera Baca, al rendir el cuarto informe de actividades de la Universidad Aut\u00f3noma del Estado de M\u00e9xico, ante el gobernador constitucional de la entidad, Alfredo Del Mazo Maza.<\/p>\n<p>En el Patio del Centenario del Edificio de Rector\u00eda, Barrera Baca afirm\u00f3 que \u201cejercimos los recursos con la mayor responsabilidad y aplicando una rigurosa pol\u00edtica de ahorro y contenci\u00f3n del gasto.\u201d<\/p>\n<p>En este evento, en el que se dio cita el secretario de Educaci\u00f3n mexiquense, Gerardo Monroy Serrano, agradeci\u00f3 el apoyo del gobierno de la entidad para solucionar la problem\u00e1tica financiera de la instituci\u00f3n. \u201cDicho apoyo sum\u00f3 mil 835 millones de pesos, que ocupamos para pagar impuestos, la deuda con el ISSEMyM y cubrir salarios\u201d.<\/p>\n<p>Con el ISSEMyM, precis\u00f3, se firm\u00f3 un convenio para el pago de la deuda en parcialidades y acceder a la condonaci\u00f3n de multas y recargos. \u201cHoy estamos al corriente en el pago de las parcialidades, cuotas y aportaciones\u201d.<\/p>\n<p>Alfredo Del Mazo Maza recalc\u00f3 que las universidades viven un momento de transici\u00f3n y reconoci\u00f3 al rector por impulsar el relanzamiento de una cultura universitaria como gu\u00eda para alcanzar objetivos sociales. \u201cHa hecho de la universidad una las mayores promotoras de equidad educativa, lo cual ha resultado en el progreso de la entidad\u201d.<\/p>\n<p>En este evento, al que asistieron el presidente del Tribunal Superior de Justicia y del Consejo de la Judicatura del Estado de M\u00e9xico, Ricardo Sodi Cu\u00e9llar, y en representaci\u00f3n de la XL Legislatura mexiquense, la diputada M\u00f3nica \u00c1lvarez Nemer, indic\u00f3 que durante 2020 la UAEM enfrent\u00f3 retos y desaf\u00edos. \u201cLa educaci\u00f3n ha enfrentado cambios y apost\u00f3 por la modalidad a distancia. Mostr\u00f3 estar preparada para enfrentar una contingencia hist\u00f3rica y superar sus retos\u201d.<\/p>\n<p>El gobernador destac\u00f3 el posicionamiento de la universidad en rankings internacionales, al encontrarse entre las mejores de M\u00e9xico y Am\u00e9rica Latina. Asimismo, consider\u00f3 que la UAEM enfrenta con apertura, tolerancia y di\u00e1logo los desaf\u00edos de la equidad de g\u00e9nero y las demandas estudiantiles. \u201cEn sus aulas permanece la visi\u00f3n de una educaci\u00f3n libre y universal, cultura de di\u00e1logo y respeto a la sociedad\u201d.<\/p>\n<p>Al enfatizar los logros de la Administraci\u00f3n 2017-2021, Alfredo Barrera Baca subray\u00f3 que se invirtieron m\u00e1s de mil millones de pesos en m\u00e1s de 100 obras de construcci\u00f3n, ampliaci\u00f3n, remodelaci\u00f3n y rehabilitaci\u00f3n. \u201cSeis de cada diez de estos proyectos fueron concluidos y el resto se encuentran en proceso\u201d.<\/p>\n<p>Alfredo Barrera Baca asever\u00f3 que desde la declaraci\u00f3n de la pandemia de COVID-19 en M\u00e9xico sigui\u00f3 el trabajo a distancia en todos los espacios acad\u00e9micos de la instituci\u00f3n, se adecuo el calendario escolar y se emitieron recomendaciones para mitigar la transmisi\u00f3n del virus.<\/p>\n<p>\u201cSe reorientaron 50 millones de pesos para atender necesidades relacionadas con la emergencia sanitaria, como la adquisici\u00f3n de materiales, suministros y equipo necesario en la desinfecci\u00f3n de espacios acad\u00e9micos y administrativos. Del mismo modo, se destinaron recursos para becas de conectividad y exenciones de pago de inscripci\u00f3n, en beneficio de m\u00e1s de 27 mil estudiantes de bajos ingresos\u201d.<\/p>\n<p>Antes del informe, el gobernador y el rector develaron las placas de restauraci\u00f3n y reestructuraci\u00f3n de los torreones uno y dos del Edificio de Rector\u00eda, da\u00f1ados por los sismos de 2017.<\/p>\n<p>Por la ma\u00f1ana, acompa\u00f1ado de Gerardo Monroy Serrano, Alfredo Barrera inaugur\u00f3 el Edificio UAEMitas, cuya inversi\u00f3n fue de 175 millones de pesos y albergar\u00e1 m\u00e1s de 25 dependencias universitarias, lo que permitir\u00e1 reducir en 10 millones de pesos los gastos por arrendamiento al a\u00f1o.<\/p>\n","protected":false},"excerpt":{"rendered":"<p>El correcto y eficiente ejercicio de los recursos fue prioridad de la Administraci\u00f3n 2017-2021, subray\u00f3 el rector Alfredo Barrera Baca, al rendir el cuarto informe de actividades de la Universidad Aut\u00f3noma del Estado de M\u00e9xico, ante el gobernador constitucional de la entidad, Alfredo Del Mazo Maza.\u00a0<\/p>\n","protected":false},"author":3,"featured_media":498598,"comment_status":"open","ping_status":"open","sticky":false,"template":"","format":"standard","meta":{"_monsterinsights_skip_tracking":false,"_monsterinsights_sitenote_active":false,"_monsterinsights_sitenote_note":"","_monsterinsights_sitenote_category":0,"footnotes":""},"categories":[5],"tags":[58572,43675,15637,452],"class_list":["post-498516","post","type-post","status-publish","format-standard","has-post-thumbnail","hentry","category-estado-de-mexico","tag-alfredo-barrera-baca","tag-estado-de-mexico","tag-informe","tag-toluca"],"_links":{"self":[{"href":"https:\/\/www.diarioimagen.net\/index.php?rest_route=\/wp\/v2\/posts\/498516","targetHints":{"allow":["GET"]}}],"collection":[{"href":"https:\/\/www.diarioimagen.net\/index.php?rest_route=\/wp\/v2\/posts"}],"about":[{"href":"https:\/\/www.diarioimagen.net\/index.php?rest_route=\/wp\/v2\/types\/post"}],"author":[{"embeddable":true,"href":"https:\/\/www.diarioimagen.net\/index.php?rest_route=\/wp\/v2\/users\/3"}],"replies":[{"embeddable":true,"href":"https:\/\/www.diarioimagen.net\/index.php?rest_route=%2Fwp%2Fv2%2Fcomments&post=498516"}],"version-history":[{"count":0,"href":"https:\/\/www.diarioimagen.net\/index.php?rest_route=\/wp\/v2\/posts\/498516\/revisions"}],"wp:featuredmedia":[{"embeddable":true,"href":"https:\/\/www.diarioimagen.net\/index.php?rest_route=\/wp\/v2\/media\/498598"}],"wp:attachment":[{"href":"https:\/\/www.diarioimagen.net\/index.php?rest_route=%2Fwp%2Fv2%2Fmedia&parent=498516"}],"wp:term":[{"taxonomy":"category","embeddable":true,"href":"https:\/\/www.diarioimagen.net\/index.php?rest_route=%2Fwp%2Fv2%2Fcategories&post=498516"},{"taxonomy":"post_tag","embeddable":true,"href":"https:\/\/www.diarioimagen.net\/index.php?rest_route=%2Fwp%2Fv2%2Ftags&post=498516"}],"curies":[{"name":"wp","href":"https:\/\/api.w.org\/{rel}","templated":true}]}}