{"id":498522,"date":"2021-03-04T00:06:42","date_gmt":"2021-03-04T06:06:42","guid":{"rendered":"https:\/\/www.diarioimagen.net\/?p=498522"},"modified":"2021-03-05T00:37:06","modified_gmt":"2021-03-05T06:37:06","slug":"en-marcha-la-campana-yoconsumolocal-cuaresma-2021","status":"publish","type":"post","link":"https:\/\/www.diarioimagen.net\/?p=498522","title":{"rendered":"En marcha, la campa\u00f1a #YoConsumoLocal Cuaresma 2021"},"content":{"rendered":"<p>&nbsp;<\/p>\n<ul>\n<li><strong><em>Pide GEM a consumidores sumarse a la iniciativa<\/em><\/strong><\/li>\n<\/ul>\n<p>&nbsp;<\/p>\n<div id=\"attachment_498618\" style=\"width: 470px\" class=\"wp-caption aligncenter\"><a href=\"https:\/\/www.diarioimagen.net\/?attachment_id=498618\" rel=\"attachment wp-att-498618\"><img loading=\"lazy\" decoding=\"async\" aria-describedby=\"caption-attachment-498618\" class=\"size-full wp-image-498618\" src=\"https:\/\/www.diarioimagen.net\/wp-content\/uploads\/2021\/03\/EDOMEX-1.jpg\" alt=\"\" width=\"460\" height=\"270\" \/><\/a><p id=\"caption-attachment-498618\" class=\"wp-caption-text\">Pide el gobierno del Edomex a consumidores sumarse a la iniciativa y comprar en una gran diversidad de giros comerciales que funcionan en los 125 municipios.<\/p><\/div>\n<p>&nbsp;<\/p>\n<p><strong>Toluca, Estado de M\u00e9xico.- <\/strong>La Secretar\u00eda de Desarrollo Econ\u00f3mico, a trav\u00e9s de la Direcci\u00f3n General de Comercio, puso en marcha la Campa\u00f1a #YoConsumoLocal Cuaresma 2021, con el objetivo de poner al alcance de la poblaci\u00f3n, gran variedad de productos de esta temporada que son preparados por manos mexiquenses y utilizando la aplicaci\u00f3n de <em>WhatsApp<\/em>.<\/p>\n<p>Con la aplicaci\u00f3n, el gobierno del Estado de M\u00e9xico motiva a la comunidad a la solidaridad con su comunidad comercial y a comprar en los negocios locales para apoyar, a trav\u00e9s del consumo, a personas dedicadas a la venta de pescados y mariscos, as\u00ed como de todos aquellos vinculados con la preparaci\u00f3n y su reparto.<\/p>\n<p>Entre ellas, una gran diversidad de giros que forman parte de la cadena de suministros como mercados p\u00fablicos, negocios tradicionales, cocinas econ\u00f3micas especializadas en platillos de temporada y una gran diversidad de giros.<\/p>\n<p>La poblaci\u00f3n interesada en adquirir productos de manera segura y apoyar el comercio local, puede al dar de alta en el tel\u00e9fono celular un nuevo contacto con el nombre <em>#YoConsumoLocal<\/em> y el n\u00famero +1 (202) 852-6174, despu\u00e9s, en la aplicaci\u00f3n de <em>WhatsApp<\/em>, se debe buscar este nuevo contacto y, con esto se le dar\u00e1 la bienvenida a la aplicaci\u00f3n, donde podr\u00e1 buscar los productos y servicios junto con una direcci\u00f3n, c\u00f3digo postal y municipio.<\/p>\n<p>Por medio de esta estrategia, el gobierno mexiquense busca reactivar la econom\u00eda y contribuir al fortalecimiento de las micro, peque\u00f1as y medianas empresas (Mipymes) que operan en colonias y barrios de los 125 municipios.<\/p>\n<p>De acuerdo con la Direcci\u00f3n General de Comercio de la Sedeco, la campa\u00f1a #<em>YoConsumoLocal<\/em> Cuaresma 2021 beneficiar\u00e1 a m\u00e1s de 20 mil locatarios de 120 mercados p\u00fablicos de 22 municipios, los cuales alcanzan a 2.5 millones de consumidores.<\/p>\n<p>Entre los municipios que se beneficiar\u00e1n con estas acciones, se encuentran Almoloya de Alquisiras, Amanalco, Chalco, Donato Guerra, Ecatepec, Huixquilucan, Ixtapan de la Sal, Luvianos, Naucalpan, Nezahualc\u00f3yotl, Ocoyoacac, Santo Tom\u00e1s, Sultepec, Tejupilco, Tenancingo, Tenango del Valle, Toluca, Valle de Bravo, Valle de Chalco Solidaridad, Villa de Allende, Villa Guerrero y Villa Victoria.<\/p>\n","protected":false},"excerpt":{"rendered":"<p>La Secretar\u00eda de Desarrollo Econ\u00f3mico, a trav\u00e9s de la Direcci\u00f3n General de Comercio, puso en marcha la Campa\u00f1a #YoConsumoLocal Cuaresma 2021, con el objetivo de poner al alcance de la poblaci\u00f3n, gran variedad de productos de esta temporada que son preparados por manos mexiquenses y utilizando la aplicaci\u00f3n de <em>WhatsApp<\/em>.<\/p>\n","protected":false},"author":3,"featured_media":498618,"comment_status":"open","ping_status":"open","sticky":false,"template":"","format":"standard","meta":{"_monsterinsights_skip_tracking":false,"_monsterinsights_sitenote_active":false,"_monsterinsights_sitenote_note":"","_monsterinsights_sitenote_category":0,"footnotes":""},"categories":[5],"tags":[6185,16535,43675,452],"class_list":["post-498522","post","type-post","status-publish","format-standard","has-post-thumbnail","hentry","category-estado-de-mexico","tag-campana","tag-cuaresma","tag-estado-de-mexico","tag-toluca"],"_links":{"self":[{"href":"https:\/\/www.diarioimagen.net\/index.php?rest_route=\/wp\/v2\/posts\/498522","targetHints":{"allow":["GET"]}}],"collection":[{"href":"https:\/\/www.diarioimagen.net\/index.php?rest_route=\/wp\/v2\/posts"}],"about":[{"href":"https:\/\/www.diarioimagen.net\/index.php?rest_route=\/wp\/v2\/types\/post"}],"author":[{"embeddable":true,"href":"https:\/\/www.diarioimagen.net\/index.php?rest_route=\/wp\/v2\/users\/3"}],"replies":[{"embeddable":true,"href":"https:\/\/www.diarioimagen.net\/index.php?rest_route=%2Fwp%2Fv2%2Fcomments&post=498522"}],"version-history":[{"count":0,"href":"https:\/\/www.diarioimagen.net\/index.php?rest_route=\/wp\/v2\/posts\/498522\/revisions"}],"wp:featuredmedia":[{"embeddable":true,"href":"https:\/\/www.diarioimagen.net\/index.php?rest_route=\/wp\/v2\/media\/498618"}],"wp:attachment":[{"href":"https:\/\/www.diarioimagen.net\/index.php?rest_route=%2Fwp%2Fv2%2Fmedia&parent=498522"}],"wp:term":[{"taxonomy":"category","embeddable":true,"href":"https:\/\/www.diarioimagen.net\/index.php?rest_route=%2Fwp%2Fv2%2Fcategories&post=498522"},{"taxonomy":"post_tag","embeddable":true,"href":"https:\/\/www.diarioimagen.net\/index.php?rest_route=%2Fwp%2Fv2%2Ftags&post=498522"}],"curies":[{"name":"wp","href":"https:\/\/api.w.org\/{rel}","templated":true}]}}