{"id":498525,"date":"2021-03-04T00:01:46","date_gmt":"2021-03-04T06:01:46","guid":{"rendered":"https:\/\/www.diarioimagen.net\/?p=498525"},"modified":"2021-03-04T08:35:15","modified_gmt":"2021-03-04T14:35:15","slug":"concurso-de-toros-pirotecnicos-tamano-maqueta-para-celebrar-a-san-juan-de-dios","status":"publish","type":"post","link":"https:\/\/www.diarioimagen.net\/?p=498525","title":{"rendered":"Concurso de toros pirot\u00e9cnicos tama\u00f1o maqueta para celebrar a San Juan de Dios"},"content":{"rendered":"<p>&nbsp;<\/p>\n<ul>\n<li><strong><em>Convoca el gobierno de Tultepec<\/em><\/strong><\/li>\n<\/ul>\n<p>&nbsp;<\/p>\n<div id=\"attachment_498632\" style=\"width: 470px\" class=\"wp-caption aligncenter\"><a href=\"https:\/\/www.diarioimagen.net\/?attachment_id=498632\" rel=\"attachment wp-att-498632\"><img loading=\"lazy\" decoding=\"async\" aria-describedby=\"caption-attachment-498632\" class=\"size-full wp-image-498632\" src=\"https:\/\/www.diarioimagen.net\/wp-content\/uploads\/2021\/03\/tultepec-1.jpg\" alt=\"\" width=\"460\" height=\"270\" \/><\/a><p id=\"caption-attachment-498632\" class=\"wp-caption-text\">El gobierno de Tultepec abri\u00f3 la convocatoria para participar en el 2\u00ba Concurso de Toros pirot\u00e9cnicos tama\u00f1o Maqueta 2021.<\/p><\/div>\n<p>&nbsp;<\/p>\n<p><strong>Tultepec, Estado de M\u00e9xico<\/strong>.- Con el objetivo de mantener vivas nuestras tradiciones y la creatividad de los tultepequenses pese a la pandemia por Covid-19, el gobierno municipal abri\u00f3 la convocatoria para participar en el 2\u00ba\u00a0Concurso de Toros pirot\u00e9cnicos tama\u00f1o Maqueta 2021, dirigida a artesanos pirot\u00e9cnicos, cartoneros, artistas pl\u00e1sticos y p\u00fablico en general.<\/p>\n<p>Cada a\u00f1o, el 8 de marzo, D\u00eda de San Juan de Dios, patrono de los pirot\u00e9cnicos, la tradici\u00f3n es un pase\u00edllo de cientos de toros monumentales y de diversos tama\u00f1os por las principales calles de Tultepec, los cuales son ofrendados y quemados en la plaza principal para honrarlo y agradecer los favores recibidos durante un a\u00f1o de trabajo, pero en esta ocasi\u00f3n, debido a la pandemia y a la remodelaci\u00f3n de la explanada del centro ser\u00e1 suspendida.<\/p>\n<p>La convocatoria fue emitida por la Direcci\u00f3n de Desarrollo Social, Educaci\u00f3n, Cultura, Turismo Sostenible y Desarrollo Artesanal, con el fin de fomentar el trabajo artesanal que se realiza en torno a la pirotecnia y la cartoner\u00eda, como actividades primordiales de la identidad de Tultepec en una categor\u00eda \u00fanica, en el marco de la celebraci\u00f3n de San Juan de Dios, patrono de los pirot\u00e9cnicos.<\/p>\n<p>Los interesados en participar deber\u00e1n registrarse en el correo electr\u00f3nico comunicaciontultepec@gmailcom enviando su nombre completo, nombre de la pieza de no m\u00e1s de un a\u00f1o de antig\u00fcedad y que no haya participado en otros cert\u00e1menes, adem\u00e1s de que s\u00f3lo podr\u00e1n registrar una obra, barrio o colonia, tel\u00e9fono de contacto antes de las 00:00 horas del 6 de marzo de 2021, recibiendo a cambio un n\u00famero de folio.<\/p>\n<p>Las piezas deber\u00e1n ser elaboradas con t\u00e9cnicas y materiales tradicionales como papel, peri\u00f3dica, cart\u00f3n, hilaza, pintura, madera, carrizo, alambre, con dise\u00f1o y creatividad propios y deber\u00e1n medir un m\u00ednimo de 25 y un m\u00e1ximo de 45 cent\u00edmetros, incluyendo el telar o cualquier otro accesorio. Los trabajos que no cumplan con estos requisitos ser\u00e1n descalificados autom\u00e1ticamente.<\/p>\n<p>Los aspectos a calificar por parte de los integrantes del jurado en cada pieza son puntualidad, medidas, materiales, manufactura tradicional, creatividad y color y su decisi\u00f3n ser\u00e1 inapelable.<\/p>\n<p>La recepci\u00f3n de las piezas se realizar\u00e1 el 8 de marzo de 9:00 a 12:00 horas, en la planta alta del edificio anexo a la Presidencia Municipal, ubicada en calle Mariano Escobedo s\/n, a espaldas del Palacio Municipal, donde los participantes deber\u00e1n entregar el n\u00famero de folio de registro que recibieron por correo electr\u00f3nico para la recepci\u00f3n de su obra.<\/p>\n<p>Los premios a los tres primeros lugares ser\u00e1n de 5 mil, 3 mil y 2 mil pesos respectivamente y las piezas participantes pasar\u00e1n a formar parte del patrimonio municipal. La participaci\u00f3n en concurso implica la aceptaci\u00f3n de estas bases.<\/p>\n<p>Aunque todas las catrinas participantes ser\u00e1n exhibidas en el patio central de la Presidencia Municipal y a trav\u00e9s de las redes sociales oficiales del Ayuntamiento.<\/p>\n<p>Para mayores informes, favor de dirigirse a la oficina de la Direcci\u00f3n de Desarrollo Social, Educaci\u00f3n, Cultura, Turismo Sostenible y Desarrollo Artesanal, ubicada en la Presidencia Municipal de lunes a viernes de 9:00 a 18:00 horas y s\u00e1bados de 9:00 a 13:00 horas, o llamando al tel\u00e9fono 555892 0125 ext. 112.<\/p>\n","protected":false},"excerpt":{"rendered":"<p>Con el objetivo de mantener vivas nuestras tradiciones y la creatividad de los tultepequenses pese a la pandemia por Covid-19, el gobierno municipal abri\u00f3 la convocatoria para participar en el 2\u00ba\u00a0Concurso de Toros pirot\u00e9cnicos tama\u00f1o Maqueta 2021, dirigida a artesanos pirot\u00e9cnicos, cartoneros, artistas pl\u00e1sticos y p\u00fablico en general.<\/p>\n","protected":false},"author":3,"featured_media":498632,"comment_status":"open","ping_status":"open","sticky":false,"template":"","format":"standard","meta":{"_monsterinsights_skip_tracking":false,"_monsterinsights_sitenote_active":false,"_monsterinsights_sitenote_note":"","_monsterinsights_sitenote_category":0,"footnotes":""},"categories":[5],"tags":[43675,29516,3802],"class_list":["post-498525","post","type-post","status-publish","format-standard","has-post-thumbnail","hentry","category-estado-de-mexico","tag-estado-de-mexico","tag-pandemia","tag-tultepec"],"_links":{"self":[{"href":"https:\/\/www.diarioimagen.net\/index.php?rest_route=\/wp\/v2\/posts\/498525","targetHints":{"allow":["GET"]}}],"collection":[{"href":"https:\/\/www.diarioimagen.net\/index.php?rest_route=\/wp\/v2\/posts"}],"about":[{"href":"https:\/\/www.diarioimagen.net\/index.php?rest_route=\/wp\/v2\/types\/post"}],"author":[{"embeddable":true,"href":"https:\/\/www.diarioimagen.net\/index.php?rest_route=\/wp\/v2\/users\/3"}],"replies":[{"embeddable":true,"href":"https:\/\/www.diarioimagen.net\/index.php?rest_route=%2Fwp%2Fv2%2Fcomments&post=498525"}],"version-history":[{"count":0,"href":"https:\/\/www.diarioimagen.net\/index.php?rest_route=\/wp\/v2\/posts\/498525\/revisions"}],"wp:featuredmedia":[{"embeddable":true,"href":"https:\/\/www.diarioimagen.net\/index.php?rest_route=\/wp\/v2\/media\/498632"}],"wp:attachment":[{"href":"https:\/\/www.diarioimagen.net\/index.php?rest_route=%2Fwp%2Fv2%2Fmedia&parent=498525"}],"wp:term":[{"taxonomy":"category","embeddable":true,"href":"https:\/\/www.diarioimagen.net\/index.php?rest_route=%2Fwp%2Fv2%2Fcategories&post=498525"},{"taxonomy":"post_tag","embeddable":true,"href":"https:\/\/www.diarioimagen.net\/index.php?rest_route=%2Fwp%2Fv2%2Ftags&post=498525"}],"curies":[{"name":"wp","href":"https:\/\/api.w.org\/{rel}","templated":true}]}}