{"id":498534,"date":"2021-03-04T00:04:06","date_gmt":"2021-03-04T06:04:06","guid":{"rendered":"https:\/\/www.diarioimagen.net\/?p=498534"},"modified":"2021-03-04T08:28:32","modified_gmt":"2021-03-04T14:28:32","slug":"el-edil-raciel-perez-entrego-tablets-a-estudiantes-de-la-colonia-francisco-villa","status":"publish","type":"post","link":"https:\/\/www.diarioimagen.net\/?p=498534","title":{"rendered":"El edil Raciel P\u00e9rez entreg\u00f3 tablets a estudiantes de la colonia Francisco Villa"},"content":{"rendered":"<p>&nbsp;<\/p>\n<p><a href=\"https:\/\/www.diarioimagen.net\/?attachment_id=498623\" rel=\"attachment wp-att-498623\"><img loading=\"lazy\" decoding=\"async\" class=\"aligncenter size-full wp-image-498623\" src=\"https:\/\/www.diarioimagen.net\/wp-content\/uploads\/2021\/03\/tlalne.jpg\" alt=\"\" width=\"460\" height=\"270\" \/><\/a><\/p>\n<p>&nbsp;<\/p>\n<p><strong>Tlalnepantla, Estado de M\u00e9xico<\/strong><strong>.-<\/strong> El gobierno municipal apoya a la ni\u00f1ez de Nuestra Ciudad. El alcalde Raciel P\u00e9rez Cruz entreg\u00f3 tablets a estudiantes de la colonia Francisco Villa para que realicen sus actividades escolares en l\u00ednea durante la emergencia sanitaria.<\/p>\n<p>Se implementaron las medidas de prevenci\u00f3n. Para la entrega es necesario presentar copia de la credencial del INE del tutor para efectos de fiscalizaci\u00f3n.<\/p>\n","protected":false},"excerpt":{"rendered":"<p>El gobierno municipal apoya a la ni\u00f1ez de Nuestra Ciudad. El alcalde Raciel P\u00e9rez Cruz entreg\u00f3 tablets a estudiantes de la colonia Francisco Villa para que realicen sus actividades escolares en l\u00ednea durante la emergencia sanitaria.<\/p>\n","protected":false},"author":3,"featured_media":498623,"comment_status":"open","ping_status":"open","sticky":false,"template":"","format":"standard","meta":{"_monsterinsights_skip_tracking":false,"_monsterinsights_sitenote_active":false,"_monsterinsights_sitenote_note":"","_monsterinsights_sitenote_category":0,"footnotes":""},"categories":[5],"tags":[43675,81517,92495],"class_list":["post-498534","post","type-post","status-publish","format-standard","has-post-thumbnail","hentry","category-estado-de-mexico","tag-estado-de-mexico","tag-raciel-perez-cruz","tag-tlalnepatla"],"_links":{"self":[{"href":"https:\/\/www.diarioimagen.net\/index.php?rest_route=\/wp\/v2\/posts\/498534","targetHints":{"allow":["GET"]}}],"collection":[{"href":"https:\/\/www.diarioimagen.net\/index.php?rest_route=\/wp\/v2\/posts"}],"about":[{"href":"https:\/\/www.diarioimagen.net\/index.php?rest_route=\/wp\/v2\/types\/post"}],"author":[{"embeddable":true,"href":"https:\/\/www.diarioimagen.net\/index.php?rest_route=\/wp\/v2\/users\/3"}],"replies":[{"embeddable":true,"href":"https:\/\/www.diarioimagen.net\/index.php?rest_route=%2Fwp%2Fv2%2Fcomments&post=498534"}],"version-history":[{"count":0,"href":"https:\/\/www.diarioimagen.net\/index.php?rest_route=\/wp\/v2\/posts\/498534\/revisions"}],"wp:featuredmedia":[{"embeddable":true,"href":"https:\/\/www.diarioimagen.net\/index.php?rest_route=\/wp\/v2\/media\/498623"}],"wp:attachment":[{"href":"https:\/\/www.diarioimagen.net\/index.php?rest_route=%2Fwp%2Fv2%2Fmedia&parent=498534"}],"wp:term":[{"taxonomy":"category","embeddable":true,"href":"https:\/\/www.diarioimagen.net\/index.php?rest_route=%2Fwp%2Fv2%2Fcategories&post=498534"},{"taxonomy":"post_tag","embeddable":true,"href":"https:\/\/www.diarioimagen.net\/index.php?rest_route=%2Fwp%2Fv2%2Ftags&post=498534"}],"curies":[{"name":"wp","href":"https:\/\/api.w.org\/{rel}","templated":true}]}}